{"id":217740,"date":"2024-04-10T12:00:00","date_gmt":"2024-04-10T10:00:00","guid":{"rendered":"http:\/\/www.tucomarca.com\/wordpress\/segunda\/?p=217740"},"modified":"2024-04-26T16:24:34","modified_gmt":"2024-04-26T14:24:34","slug":"la-xarxa-contra-la-violencia-de-genere-de-la-diputacio-de-valencia-incorpora-cinc-nous-membres-de-la-serrania-i-dos-del-rincon-de-ademuz","status":"publish","type":"post","link":"https:\/\/www.tucomarca.com\/wordpress\/segunda\/ca\/la-xarxa-contra-la-violencia-de-genere-de-la-diputacio-de-valencia-incorpora-cinc-nous-membres-de-la-serrania-i-dos-del-rincon-de-ademuz\/","title":{"rendered":"La Xarxa contra la Viol\u00e8ncia de G\u00e8nere de la Diputaci\u00f3 de Val\u00e8ncia incorpora cinc nous membres de La Serran\u00eda i dos del Rinc\u00f3n de Ademuz"},"content":{"rendered":"\n<h3 class=\"wp-block-heading\">L&#8217;adhesi\u00f3 de Higueruelas, Alpuente, La Yesa, Calles i Bugarra eleva a 15 els membres de La Serran\u00eda en la xarxa provincial; mentre que ja s\u00f3n quatre els municipis del Rinc\u00f3n de Ademuz amb la incorporaci\u00f3 de Casas Bajas i Castielfabib.<\/h3>\n\n\n\n<h3 class=\"wp-block-heading\">El president, Vicent Momp\u00f3, destaca que amb les incorporacions en la XI Assemblea \u201cs\u00f3n ja 236 dels 266 municipis valencians els que formen part d&#8217;esta plataforma per a fer front a la viol\u00e8ncia exercida contra les dones\u201d.<\/h3>\n\n\n\n<h3 class=\"wp-block-heading\">La vicepresidenta i responsable d&#8217;Igualtat, Nat\u00e0lia Enguix, confirma l&#8217;increment de les subvencions als membres de la Xarxa i anuncia una nova convocat\u00f2ria d&#8217;ajudes per a mancomunitats i consorcis.<\/h3>\n\n\n\n<p>L&#8217;onzena Assemblea de la Xarxa de Municipis Protegits contra la Viol\u00e8ncia de G\u00e8nere de la Diputaci\u00f3 de Val\u00e8ncia va aprovar este dimarts l&#8217;adhesi\u00f3 de 25 nous membres a la plataforma que treballa conjuntament per a donar resposta a la viol\u00e8ncia exercida contra les dones. Entre les noves incorporacions es troben cinc municipis de La Serrania (Higueruelas, Alpuente, La Yesa, Calles i Bugarra), i dos del Rinc\u00f3n de Ademuz (Casas Bajas y Castielfabib). D&#8217;esta manera, els ajuntaments de La Serran\u00eda que pertanyen a la xarxa s&#8217;eleven a 15, un 79% del total. Per part seua, ja s\u00f3n quatre els consistoris del Rinc\u00f3n de Ademuz que formen part de la plataforma, un 57% dels pobles de la comarca.<\/p>\n\n\n\n<p>Al final de l&#8217;assemblea, celebrada en les instal\u00b7lacions de l&#8217;IVAF, centre educatiu dependent de la Diputaci\u00f3, el president Vicent Momp\u00f3 va destacar que amb estes adhesions \u201cs\u00f3n ja 236 dels 266 municipis valencians els que formen part d&#8217;una Xarxa que arriba al 90% de la prov\u00edncia\u201d.<\/p>\n\n\n\n<p>Momp\u00f3 va participar al costat de la vicepresidenta primera, Nat\u00e0lia Enguix, en una assemblea que va dirigir la mateixa Enguix com a responsable d&#8217;Igualtat de la corporaci\u00f3. \u201cDonem la benvinguda als 25 ajuntaments que han sol\u00b7licitat la seua incorporaci\u00f3 a la Xarxa i que han complit amb els requisits exigits; amb estes adhesions estem molt m\u00e9s prop del nostre objectiu que tots els municipis de totes les comarques treballen en equip per a donar la millor resposta davant la xacra social de la viol\u00e8ncia exercida contra les dones\u201d, va assenyalar Enguix.<\/p>\n\n\n\n<p>El president Momp\u00f3 va posar en valor \u201cel treball que realitza l&#8217;\u00e0rea d&#8217;Igualtat de la Diputaci\u00f3, un treball que este govern ent\u00e9n de manera transversal en tots i cadascun dels departaments de la instituci\u00f3\u201d. El m\u00e0xim responsable provincial va assegurar que mantindr\u00e0 \u201cla determinaci\u00f3 necess\u00e0ria per a fomentar el treball en xarxa dels nostres ajuntaments, fent un esfor\u00e7 educatiu per a acabar amb els maltractadors\u201d.<\/p>\n\n\n\n<p>Per part seua, la vicepresidenta Enguix va confirmar l&#8217;increment de 200.000 euros en les subvencions que rebran enguany els consistoris que formen part de la Xarxa i va avan\u00e7ar \u201cuna nova convocat\u00f2ria que eixir\u00e0 pr\u00f2ximament per a mancomunitats i consorcis, quan s&#8217;actualitze el reglament\u201d. A m\u00e9s, Enguix va recordar que formar part de la Xarxa \u201c\u00e9s un incentiu que ha puntuat favorablement en el repartiment d&#8217;inversions del Pla Obert, la qual cosa demostra la nostra implicaci\u00f3 en una lluita que per a nosaltres \u00e9s priorit\u00e0ria\u201d.<\/p>\n\n\n\n<p><strong>Novetats i guia de recursos i serveis<\/strong><\/p>\n\n\n\n<p>En l&#8217;assemblea s&#8217;ha informat de l&#8217;inici d&#8217;un proc\u00e9s de revisi\u00f3 al detall del reglament de la Xarxa, per a obtindre un document que incloga les novetats legislatives que puguen incorporar les diferents administracions, aix\u00ed com les propostes que puguen aportar els propis membres en un proc\u00e9s obert i participatiu. El text actual pot consultar-se en l&#8217;\u00e0rea d&#8217;Igualtat de <a href=\"http:\/\/www.dival.es\">www.dival.es<\/a>, i els suggeriments poden enviar-se al correu <a href=\"mailto:igualtat@dival.es\">igualtat@dival.es<\/a> fins al divendres 26 d&#8217;abril.<\/p>\n\n\n\n<p>El pressupost anual per a les ajudes passa de 700.000 a 900.000 euros, i les subvencions seran prepagables al cent per cent, en el moment en qu\u00e8 es resolga la valoraci\u00f3 del projecte. En este sentit, nom\u00e9s cal presentar un projecte, que pot incloure m\u00e9s d&#8217;una activitat. En el cas de presentar diversos projectes se subvencionar\u00e0 el de major quantia i es desestimar\u00e0 la resta. Quant a la valoraci\u00f3, el 55% del pressupost es prorrateja entre els ajuntaments, el 35% es repartix en funci\u00f3 del nombre d&#8217;habitants i el 10% restant en funci\u00f3 del propi projecte.<\/p>\n\n\n\n<p>La vicepresidenta primera, Nat\u00e0lia Enguix, ha explicat durant la seua intervenci\u00f3 en l&#8217;assemblea que els responsables locals disposaran d&#8217;una guia de recursos i serveis per als consistoris adherits a esta plataforma de treball conjunt enfront de la viol\u00e8ncia exercida contra les dones.<\/p>\n\n\n\n<p><strong>Municipis de La Serran\u00eda i del Rinc\u00f3n de Ademuz<\/strong><\/p>\n\n\n\n<p>Higueruelas, Alpuente, La Yesa, Calles i Bugarra s&#8217;unixen aix\u00ed als ajuntaments de Villar del Arzobispo, que es va sumar al maig de 2019; Gestalgar i Chelva, que es van incorporar a l&#8217;abril de 2022; Pedralba i Dome\u00f1o, adherits al desembre de 2022; i Titaguas, Benag\u00e9ber, Sot de Chera, Alcublas y Aras de los Olmos, que es van afegir al llarg de 2023.<\/p>\n\n\n\n<p>Per part seua, Casas Bajas i Castielfabib se sumen a les adhesions que ja van formalitzar els ajuntaments de Ademuz, al desembre de 2020, i de Casas Altas, en 2023.<\/p>\n\n\n\n<p><strong>Bones pr\u00e0ctiques<\/strong><\/p>\n\n\n\n<p>La responsable d&#8217;Igualtat de la Diputaci\u00f3, Nat\u00e0lia Enguix, ha recordat que la instituci\u00f3 valorar\u00e0 especialment els projectes que promouen les bones pr\u00e0ctiques, i ha posat com a exemple algunes de les iniciatives exposades en l&#8217;anterior assemblea de la Xarxa, com el programa de prevenci\u00f3 de les agressions sexuals en \u00e0mbits festius d&#8217;Alzira; el programa de prevenci\u00f3 del consum de prostituci\u00f3 d&#8217;Oliva; el projecte desenvolupat per Olocau amb Mabe Lozano que aprofundix en la relaci\u00f3 entre les noves tecnologies, la pornografia i l&#8217;explotaci\u00f3 sexual; el programa d&#8217;intervenci\u00f3 i prevenci\u00f3 Empodera-TE de l&#8217;Ajuntament d&#8217;Albal; o els tallers d&#8217;autoestima dirigits a dones a Torrent.<\/p>\n\n\n\n<p>Els requisits b\u00e0sics per a accedir a la Xarxa de Municipis Protegits contra la Viol\u00e8ncia de G\u00e8nere de la Diputaci\u00f3 de Val\u00e8ncia, que inclou ja a 236 dels 266 municipis de la prov\u00edncia, s\u00f3n disposar d&#8217;una Regidoria i un Pla d&#8217;Igualtat o contra la viol\u00e8ncia de g\u00e8nere propis, i estar adherits al Servei Telef\u00f2nic ATENPRO d&#8217;atenci\u00f3 i protecci\u00f3 a les v\u00edctimes, en el cas dels municipis de menys de 20.000 habitants.<\/p>\n","protected":false},"excerpt":{"rendered":"<div class=\"mh-excerpt\">L&#8217;adhesi\u00f3 de Higueruelas, Alpuente, La Yesa, Calles i Bugarra eleva a 15 els membres de La Serran\u00eda en la xarxa provincial; mentre que ja s\u00f3n quatre els municipis del Rinc\u00f3n de Ademuz amb la incorporaci\u00f3 <a class=\"mh-excerpt-more\" href=\"https:\/\/www.tucomarca.com\/wordpress\/segunda\/ca\/la-xarxa-contra-la-violencia-de-genere-de-la-diputacio-de-valencia-incorpora-cinc-nous-membres-de-la-serrania-i-dos-del-rincon-de-ademuz\/\" title=\"La Xarxa contra la Viol\u00e8ncia de G\u00e8nere de la Diputaci\u00f3 de Val\u00e8ncia incorpora cinc nous membres de La Serran\u00eda i dos del Rinc\u00f3n de Ademuz\">[+] <\/a><\/div>\n","protected":false},"author":12,"featured_media":217737,"comment_status":"open","ping_status":"open","sticky":false,"template":"","format":"standard","meta":{"footnotes":""},"categories":[10890,11044,11040,11038,10924,10925,20541,11046,10898,11033,10948,10894,20456,11023,10947,10896],"tags":[11246,11928,12039,11629],"class_list":{"0":"post-217740","1":"post","2":"type-post","3":"status-publish","4":"format-standard","5":"has-post-thumbnail","7":"category-ademus","8":"category-alpuente-ca","9":"category-bugarra-ca","10":"category-calles-ca","11":"category-cases-baixes","12":"category-castielfabib-ca","13":"category-igualtat-i-diversitat","14":"category-los-serranos-ca","15":"category-ventana-ca","16":"category-higueruelas-ca","17":"category-infraestructuras-ca","18":"category-la-comarca-ca","19":"category-la-diputacio-de-valencia-informa-ca","20":"category-la-yesa-ca","21":"category-politica","22":"category-seccion-ca","23":"tag-diputacio-de-valencia-ca","24":"tag-la-serrania-ca","25":"tag-rincon-de-ademuz-ca","26":"tag-violencia-de-genero-ca"},"_links":{"self":[{"href":"https:\/\/www.tucomarca.com\/wordpress\/segunda\/ca\/wp-json\/wp\/v2\/posts\/217740","targetHints":{"allow":["GET"]}}],"collection":[{"href":"https:\/\/www.tucomarca.com\/wordpress\/segunda\/ca\/wp-json\/wp\/v2\/posts"}],"about":[{"href":"https:\/\/www.tucomarca.com\/wordpress\/segunda\/ca\/wp-json\/wp\/v2\/types\/post"}],"author":[{"embeddable":true,"href":"https:\/\/www.tucomarca.com\/wordpress\/segunda\/ca\/wp-json\/wp\/v2\/users\/12"}],"replies":[{"embeddable":true,"href":"https:\/\/www.tucomarca.com\/wordpress\/segunda\/ca\/wp-json\/wp\/v2\/comments?post=217740"}],"version-history":[{"count":0,"href":"https:\/\/www.tucomarca.com\/wordpress\/segunda\/ca\/wp-json\/wp\/v2\/posts\/217740\/revisions"}],"wp:featuredmedia":[{"embeddable":true,"href":"https:\/\/www.tucomarca.com\/wordpress\/segunda\/ca\/wp-json\/wp\/v2\/media\/217737"}],"wp:attachment":[{"href":"https:\/\/www.tucomarca.com\/wordpress\/segunda\/ca\/wp-json\/wp\/v2\/media?parent=217740"}],"wp:term":[{"taxonomy":"category","embeddable":true,"href":"https:\/\/www.tucomarca.com\/wordpress\/segunda\/ca\/wp-json\/wp\/v2\/categories?post=217740"},{"taxonomy":"post_tag","embeddable":true,"href":"https:\/\/www.tucomarca.com\/wordpress\/segunda\/ca\/wp-json\/wp\/v2\/tags?post=217740"}],"curies":[{"name":"wp","href":"https:\/\/api.w.org\/{rel}","templated":true}]}}