{"id":218662,"date":"2024-04-12T10:15:00","date_gmt":"2024-04-12T08:15:00","guid":{"rendered":"http:\/\/www.tucomarca.com\/wordpress\/segunda\/?p=218662"},"modified":"2024-04-12T23:05:10","modified_gmt":"2024-04-12T21:05:10","slug":"torna-el-festival-valencia-cuina-oberta-de-l11-al-21-dabril-en-58-restaurants","status":"publish","type":"post","link":"https:\/\/www.tucomarca.com\/wordpress\/segunda\/ca\/torna-el-festival-valencia-cuina-oberta-de-l11-al-21-dabril-en-58-restaurants\/","title":{"rendered":"Torna el Festival Val\u00e8ncia Cuina Oberta de l&#8217;11 al 21 d&#8217;abril en 58 restaurants"},"content":{"rendered":"\n<h3 class=\"wp-block-heading\">Amb motiu de la Capitalitat Verda Europea 2024 es concedir\u00e0 el Premi al Men\u00fa M\u00e9s Verd per a posar en valor el rebost mediterrani, reconeixent al restaurant que millor empre productes temporada de l&#8217;horta i la llotja de Val\u00e8ncia<\/h3>\n\n\n\n<p>Les reserves de la pr\u00f2xima edici\u00f3 del Festival Cuina Oberta, que se celebrar\u00e0 de l&#8217;11 al 21 d&#8217;abril, ja estan obertes. Aquest esdeveniment convida als amants de la gastronomia a gaudir de men\u00fas especials a preus molt atractius en 58 dels millors restaurants de la ciutat i proposa activitats gastron\u00f2miques memorables. Tota la informaci\u00f3 est\u00e0 ja disponible en la web del certamen: www.valenciacuinaoberta.com<\/p>\n\n\n\n<figure class=\"wp-block-image size-large\"><img loading=\"lazy\" decoding=\"async\" width=\"1024\" height=\"668\" src=\"http:\/\/www.tucomarca.com\/wordpress\/segunda\/wp-content\/uploads\/2024\/04\/Cuina6-1024x668.jpg\" alt=\"\" class=\"wp-image-218659\" srcset=\"https:\/\/www.tucomarca.com\/wordpress\/segunda\/wp-content\/uploads\/2024\/04\/Cuina6-1024x668.jpg 1024w, https:\/\/www.tucomarca.com\/wordpress\/segunda\/wp-content\/uploads\/2024\/04\/Cuina6-300x196.jpg 300w, https:\/\/www.tucomarca.com\/wordpress\/segunda\/wp-content\/uploads\/2024\/04\/Cuina6-768x501.jpg 768w, https:\/\/www.tucomarca.com\/wordpress\/segunda\/wp-content\/uploads\/2024\/04\/Cuina6-1536x1002.jpg 1536w, https:\/\/www.tucomarca.com\/wordpress\/segunda\/wp-content\/uploads\/2024\/04\/Cuina6-2048x1336.jpg 2048w\" sizes=\"auto, (max-width: 1024px) 100vw, 1024px\" \/><\/figure>\n\n\n\n<p>Els detalls de l&#8217;edici\u00f3 de Primavera del Festival Val\u00e8ncia Cuina Oberta s&#8217;han presentat hui en el Restaurant Llen\u00e7, que \u00e9s un dels establiments amb estrela Michelin que participen, juntament amb El Poblet, Fierro i La Saleta. A m\u00e9s, entren com a novetat el Mercat de la Impremta, que presenta un men\u00fa en diversos llocs, Atic Albereda, La Lola o Caf\u00e9 Madrid.<\/p>\n\n\n\n<p>Els preus dels men\u00fas del Festival Val\u00e8ncia Cuina Oberta seran de 28\u20ac per al menjar i 36\u20ac per al sopar (IVA incl\u00f2s). Per als men\u00fas gurmet: 48\u20ac (migdia) i 56\u20ac (sopar). I els men\u00fas amb estrela Michelin: 80\u20ac (migdia) i 100\u20ac (sopar). Amb una \u00e0mplia varietat d&#8217;opcions per a tots els gustos: cuina tradicional valenciana, internacional, vegetariana o avantguardista.<\/p>\n\n\n\n<p><strong>Premi al \u2018Men\u00fa M\u00e9s Verd\u2019<\/strong><\/p>\n\n\n\n<p>La regidora de Turisme, Innovaci\u00f3 i Inversions, Paula Llobet; el director de Val\u00e8ncia Turisme, Xavi Pascual; i la cap de l&#8217;\u00c0rea de Promoci\u00f3 i M\u00e0rqueting de Turisme CV, Carmen Sahuquillo; juntament amb el director de Visit Val\u00e8ncia, To Franc; entitats organitzadores del festival, han presentat les novetats d&#8217;aquesta edici\u00f3, entre les quals destaca el Premi al Men\u00fa M\u00e9s Verd.<\/p>\n\n\n\n<p>L&#8217;any de la Capital Verda Europea, un jurat d&#8217;experts gastron\u00f2mics triar\u00e0 els men\u00fas que posen en valor el rebost mediterrani i seleccionar\u00e0 un com el Men\u00fa M\u00e9s Verd. \u201cPerqu\u00e8 el Festival Val\u00e8ncia Cuina Oberta \u00e9s m\u00e9s que una simple tend\u00e8ncia culin\u00e0ria -ha explicat Llobet-, en ell tots els participants tenen com a denominador com\u00fa la qualitat i l&#8217;\u00fas de productes de proximitat. Aix\u00ed, el Festival Val\u00e8ncia Cuina Oberta es converteix en una oportunitat perfecta per als nostres turistes i ciutadans, de descobrir i gaudir de la riquesa gastron\u00f2mica de Val\u00e8ncia, de provar la cuina tradicional i les propostes m\u00e9s avantguardistes i innovadores, donant visibilitat al nostre model de gastronomia sostenible\u201d.<\/p>\n\n\n\n<p><strong>Experi\u00e8ncies gastron\u00f2miques memorables<\/strong><\/p>\n\n\n\n<p>A m\u00e9s dels men\u00fas creats pels restaurants espec\u00edficament per a l&#8217;ocasi\u00f3, el Festival oferir\u00e0 en aquesta edici\u00f3 experi\u00e8ncies \u00faniques com a tastos de vi en Nodus; un men\u00fa centrat en Sorolla en el Ves-los e Vents; cocteleria i visita cultural pel Cabanyal de la m\u00e0 de La Sastrer\u00eda; un taller d&#8217;orxata amb Mon Orxata; una visita a l&#8217;horta en Vila Indiano per als m\u00e9s xicotets de la casa; o un taller al costat de Mar\u00eda Jos\u00e9 Martinez de Llen\u00e7 enfocat a la cultura de la mel i els principis de l&#8217;apicultura.<\/p>\n\n\n\n<p><strong>El disseny i la gastronomia, dos aliats que es complementen<\/strong><\/p>\n\n\n\n<p>Aix\u00ed mateix, seguint l&#8217;aposta de la passada edici\u00f3 pels dissenyadors locals, en aquesta ocasi\u00f3 el cartell ha sigut creat per Carla Fuentes, una artista valenciana que ha exposat en la fira d&#8217;ARC enguany. La seua obra se centra en la figura humana i els aspectes que l&#8217;envolten.<\/p>\n\n\n\n<p>El Festival Cuina Oberta \u00e9s una oportunitat \u00fanica per a gaudir de la millor gastronomia valenciana en un ambient \u00fanic.<\/p>\n\n\n\n<p>Consulta tota la informaci\u00f3 i com reservar la teua taula en: <em>https:\/\/valenciacuinaoberta.com\/<\/em><\/p>\n","protected":false},"excerpt":{"rendered":"<div class=\"mh-excerpt\">Amb motiu de la Capitalitat Verda Europea 2024 es concedir\u00e0 el Premi al Men\u00fa M\u00e9s Verd per a posar en valor el rebost mediterrani, reconeixent al restaurant que millor empre productes temporada de l&#8217;horta i <a class=\"mh-excerpt-more\" href=\"https:\/\/www.tucomarca.com\/wordpress\/segunda\/ca\/torna-el-festival-valencia-cuina-oberta-de-l11-al-21-dabril-en-58-restaurants\/\" title=\"Torna el Festival Val\u00e8ncia Cuina Oberta de l&#8217;11 al 21 d&#8217;abril en 58 restaurants\">[+] <\/a><\/div>\n","protected":false},"author":12,"featured_media":218658,"comment_status":"open","ping_status":"open","sticky":false,"template":"","format":"standard","meta":{"footnotes":""},"categories":[11019,10894,10904,11007,10896],"tags":[20487,11404],"class_list":{"0":"post-218662","1":"post","2":"type-post","3":"status-publish","4":"format-standard","5":"has-post-thumbnail","7":"category-agenda-ca","8":"category-la-comarca-ca","9":"category-sin-categorizar-ca","10":"category-ocio-y-cultura-ca","11":"category-seccion-ca","12":"tag-cuina-oberta-ca","13":"tag-valencia-turisme-ca"},"_links":{"self":[{"href":"https:\/\/www.tucomarca.com\/wordpress\/segunda\/ca\/wp-json\/wp\/v2\/posts\/218662","targetHints":{"allow":["GET"]}}],"collection":[{"href":"https:\/\/www.tucomarca.com\/wordpress\/segunda\/ca\/wp-json\/wp\/v2\/posts"}],"about":[{"href":"https:\/\/www.tucomarca.com\/wordpress\/segunda\/ca\/wp-json\/wp\/v2\/types\/post"}],"author":[{"embeddable":true,"href":"https:\/\/www.tucomarca.com\/wordpress\/segunda\/ca\/wp-json\/wp\/v2\/users\/12"}],"replies":[{"embeddable":true,"href":"https:\/\/www.tucomarca.com\/wordpress\/segunda\/ca\/wp-json\/wp\/v2\/comments?post=218662"}],"version-history":[{"count":0,"href":"https:\/\/www.tucomarca.com\/wordpress\/segunda\/ca\/wp-json\/wp\/v2\/posts\/218662\/revisions"}],"wp:featuredmedia":[{"embeddable":true,"href":"https:\/\/www.tucomarca.com\/wordpress\/segunda\/ca\/wp-json\/wp\/v2\/media\/218658"}],"wp:attachment":[{"href":"https:\/\/www.tucomarca.com\/wordpress\/segunda\/ca\/wp-json\/wp\/v2\/media?parent=218662"}],"wp:term":[{"taxonomy":"category","embeddable":true,"href":"https:\/\/www.tucomarca.com\/wordpress\/segunda\/ca\/wp-json\/wp\/v2\/categories?post=218662"},{"taxonomy":"post_tag","embeddable":true,"href":"https:\/\/www.tucomarca.com\/wordpress\/segunda\/ca\/wp-json\/wp\/v2\/tags?post=218662"}],"curies":[{"name":"wp","href":"https:\/\/api.w.org\/{rel}","templated":true}]}}