{"id":219374,"date":"2024-04-15T10:35:00","date_gmt":"2024-04-15T08:35:00","guid":{"rendered":"https:\/\/www.tucomarca.com\/wordpress\/segunda\/?p=219374"},"modified":"2024-04-15T19:55:01","modified_gmt":"2024-04-15T17:55:01","slug":"fins-a-finals-daquest-mes-dabril-el-cometa-12p-pons-brooks-sera-visible-des-de-bunyol","status":"publish","type":"post","link":"https:\/\/www.tucomarca.com\/wordpress\/segunda\/ca\/fins-a-finals-daquest-mes-dabril-el-cometa-12p-pons-brooks-sera-visible-des-de-bunyol\/","title":{"rendered":"Fins a finals d&#8217;aquest mes d&#8217;abril el cometa 12P\/Pons-Brooks ser\u00e0 visible des de Bunyol"},"content":{"rendered":"\n<p>La nomenclatura d&#8217;aquest cometa respon al fet que \u00e9s el n\u00famero 12 d&#8217;una llista de cometes de curt per\u00edode (torna cada 71 anys aproximadament) descobert en 1812 pel franc\u00e9s Pons i confirmada la seua volta en 1883 pel nord-americ\u00e0 Brooks. El 21 d&#8217;abril de 2024 torna a acostar-se al Sol (la menor dist\u00e0ncia al Sol es diu periheli) i \u00e9s al voltant d&#8217;aquesta data quan augmenta la seua lluentor i es fa visible des de la Terra, encara que no des de qualsevol punt geogr\u00e0fic. Poden consultar-se els detalls orbitals d&#8217;aquest cometa en Minor Planet Center.<\/p>\n\n\n\n<p>Des de la nostra latitud hem tingut l&#8217;oportunitat de veure aquest cometa cap a l&#8217;oest despr\u00e9s de la posta del sol, encara que la seua lluentor s&#8217;atenuava r\u00e0pidament a causa de la seua baixa altura i la llum crepuscular. No \u00e9s visible a simple vista ni amb uns prism\u00e0tics 7\u00d750 per\u00f2 si amb un telescopi 60\u00d7127 (el primer n\u00famero indica els augments que permeten veure mes detalls de l&#8217;objecte i el segon indica el di\u00e0metre de l&#8217;objectiu en mil\u00b7l\u00edmetres que eleva el contrast).<\/p>\n\n\n\n<figure class=\"wp-block-image size-large\"><img loading=\"lazy\" decoding=\"async\" width=\"1024\" height=\"576\" src=\"https:\/\/www.tucomarca.com\/wordpress\/segunda\/wp-content\/uploads\/2024\/04\/jupiter-12p-1024x576.jpg\" alt=\"\" class=\"wp-image-219371\" srcset=\"https:\/\/www.tucomarca.com\/wordpress\/segunda\/wp-content\/uploads\/2024\/04\/jupiter-12p-1024x576.jpg 1024w, https:\/\/www.tucomarca.com\/wordpress\/segunda\/wp-content\/uploads\/2024\/04\/jupiter-12p-300x169.jpg 300w, https:\/\/www.tucomarca.com\/wordpress\/segunda\/wp-content\/uploads\/2024\/04\/jupiter-12p-768x432.jpg 768w, https:\/\/www.tucomarca.com\/wordpress\/segunda\/wp-content\/uploads\/2024\/04\/jupiter-12p-678x381.jpg 678w, https:\/\/www.tucomarca.com\/wordpress\/segunda\/wp-content\/uploads\/2024\/04\/jupiter-12p.jpg 1181w\" sizes=\"auto, (max-width: 1024px) 100vw, 1024px\" \/><\/figure>\n\n\n\n<p>En els dies d&#8217;observaci\u00f3 el cometa se situava lleugerament per davall de J\u00fapiter, la Lluna estava en fase creixent i es podia observar a simple vista la nebulosa de Ori\u00f3n, els c\u00famuls del Pesebre en C\u00e0ncer i de les Pleyades en Taure i recon\u00e9ixer moltes de les constel\u00b7lacions i estreles brillants.<\/p>\n\n\n\n<p>Les imatges de la Lluna, nebulosa de Ori\u00f3n i del cometa van ser obtingudes amb la c\u00e0mera del m\u00f2bil col\u00b7locada a pols sobre l&#8217;ocular del telescopi i despr\u00e9s editades (amb el programa GIMP de Linux) per a eliminar el soroll de fons.<\/p>\n\n\n\n<p>En l&#8217;observaci\u00f3 i presa d&#8217;imatges es va usar el seg\u00fcent equip:<\/p>\n\n\n\n<ul class=\"wp-block-list\">\n<li>Cambra de m\u00f2bil de 12.2MP, Dual P\u00edxel Sony IMX363, autofocus, f\/1.8 i 1,4\u00b5m.<\/li>\n\n\n\n<li>Telescopi format per un tub Maksutov (catadi\u00f2ptric) de 127 d&#8217;obertura i 1500 mm de focal, un ocular de 25 mm de focal i una muntura equatorial EQ 5 manual.<\/li>\n<\/ul>\n\n\n\n<p>L&#8217;observaci\u00f3 es va fer els dies 11 i 12 d&#8217;abril entre les 20.30 i 22.30 des de la muntanya La Cabrera en el punt de latitud 39,45 Nord i longitud 0,84 Oest.<\/p>\n\n\n\n<p>Les possibilitats de veure el cometa des de Bunyol disminueixen conforme transcorre el mes d&#8217;abril, els c\u00e0lculs obtinguts del programa Stellarium confirmen que a la fi de mes l&#8217;altura del cometa \u00e9s tan baixa que a les 21.15 hores ja estar\u00e0 sota l&#8217;horitz\u00f3 oest. No obstant aix\u00f2 la seua lluentor augmentar\u00e0 lleugerament fins al 21 (moment del periheli) i a partir del 23 anir\u00e0 disminuint conforme es vaja allunyant del Sol. Informa, <strong>Roberto Palmer<\/strong> (F\u00edsic-astr\u00f2nom).<\/p>\n","protected":false},"excerpt":{"rendered":"<div class=\"mh-excerpt\">La nomenclatura d&#8217;aquest cometa respon al fet que \u00e9s el n\u00famero 12 d&#8217;una llista de cometes de curt per\u00edode (torna cada 71 anys aproximadament) descobert en 1812 pel franc\u00e9s Pons i confirmada la seua volta <a class=\"mh-excerpt-more\" href=\"https:\/\/www.tucomarca.com\/wordpress\/segunda\/ca\/fins-a-finals-daquest-mes-dabril-el-cometa-12p-pons-brooks-sera-visible-des-de-bunyol\/\" title=\"Fins a finals d&#8217;aquest mes d&#8217;abril el cometa 12P\/Pons-Brooks ser\u00e0 visible des de Bunyol\">[+] <\/a><\/div>\n","protected":false},"author":12,"featured_media":219369,"comment_status":"open","ping_status":"open","sticky":false,"template":"","format":"standard","meta":{"footnotes":""},"categories":[11019,10911,10894,10912,11007,10896],"tags":[10913,20499,10914],"class_list":{"0":"post-219374","1":"post","2":"type-post","3":"status-publish","4":"format-standard","5":"has-post-thumbnail","7":"category-agenda-ca","8":"category-bunol-ca","9":"category-la-comarca-ca","10":"category-la-hoya-ca","11":"category-ocio-y-cultura-ca","12":"category-seccion-ca","13":"tag-bunol-ca","14":"tag-cometa-ca","15":"tag-la-hoya-de-bunol-chiva-ca"},"_links":{"self":[{"href":"https:\/\/www.tucomarca.com\/wordpress\/segunda\/ca\/wp-json\/wp\/v2\/posts\/219374","targetHints":{"allow":["GET"]}}],"collection":[{"href":"https:\/\/www.tucomarca.com\/wordpress\/segunda\/ca\/wp-json\/wp\/v2\/posts"}],"about":[{"href":"https:\/\/www.tucomarca.com\/wordpress\/segunda\/ca\/wp-json\/wp\/v2\/types\/post"}],"author":[{"embeddable":true,"href":"https:\/\/www.tucomarca.com\/wordpress\/segunda\/ca\/wp-json\/wp\/v2\/users\/12"}],"replies":[{"embeddable":true,"href":"https:\/\/www.tucomarca.com\/wordpress\/segunda\/ca\/wp-json\/wp\/v2\/comments?post=219374"}],"version-history":[{"count":0,"href":"https:\/\/www.tucomarca.com\/wordpress\/segunda\/ca\/wp-json\/wp\/v2\/posts\/219374\/revisions"}],"wp:featuredmedia":[{"embeddable":true,"href":"https:\/\/www.tucomarca.com\/wordpress\/segunda\/ca\/wp-json\/wp\/v2\/media\/219369"}],"wp:attachment":[{"href":"https:\/\/www.tucomarca.com\/wordpress\/segunda\/ca\/wp-json\/wp\/v2\/media?parent=219374"}],"wp:term":[{"taxonomy":"category","embeddable":true,"href":"https:\/\/www.tucomarca.com\/wordpress\/segunda\/ca\/wp-json\/wp\/v2\/categories?post=219374"},{"taxonomy":"post_tag","embeddable":true,"href":"https:\/\/www.tucomarca.com\/wordpress\/segunda\/ca\/wp-json\/wp\/v2\/tags?post=219374"}],"curies":[{"name":"wp","href":"https:\/\/api.w.org\/{rel}","templated":true}]}}