{"id":219420,"date":"2024-04-15T10:30:00","date_gmt":"2024-04-15T08:30:00","guid":{"rendered":"https:\/\/www.tucomarca.com\/wordpress\/segunda\/?p=219420"},"modified":"2024-04-15T19:47:29","modified_gmt":"2024-04-15T17:47:29","slug":"xest-anuncia-el-programa-de-la-9a-edicio-de-graffitea","status":"publish","type":"post","link":"https:\/\/www.tucomarca.com\/wordpress\/segunda\/ca\/xest-anuncia-el-programa-de-la-9a-edicio-de-graffitea\/","title":{"rendered":"Xest anuncia el programa de la novena edici\u00f3 de Graffitea"},"content":{"rendered":"\n<p>La novena edici\u00f3 del Festival de Street Art Graffitea Xest, promogut per la Regidoria de Cultura al costat d&#8217;\u00c0lien Barrakudas, se celebrar\u00e0 del 17 al 21 d&#8217;abril en la localitat chestana. Un any m\u00e9s, Xest acollir\u00e0 a artistes internacionals que ompliran d&#8217;art diferents espais p\u00fablics i privats.<\/p>\n\n\n\n<p><strong>Programa<\/strong><\/p>\n\n\n\n<p><strong>Intervencions murals\u00a0<br><\/strong>Del 17 al 21 d&#8217;abril. La informaci\u00f3 sobre els artistes i els espais que intervindran est\u00e0 disponible en la web del festival: https:\/\/graffiteacheste.com\/#mapa-interactiu<\/p>\n\n\n\n<p><strong>Presentaci\u00f3 oficial<br><\/strong>El pr\u00f2xim 19 d&#8217;abril, a les 19.00, el teatre Liceu de Xest acollir\u00e0 la presentaci\u00f3 oficial del festival amb un acte especial que comptar\u00e0 amb la projecci\u00f3 del documental L&#8217;Art Urb\u00e0 a Xest, Educant la mirada, dirigit per Germans Garofalo i produ\u00eft per David Trashumante; i l&#8217;actuaci\u00f3 del raper Dyso (davidtrashumante.es\/project\/dyso), autor, al costat de Dave Ni\u00e7a, de la banda sonora del v\u00eddeo.<br>El tr\u00e0iler del documental est\u00e0 disponible en la web cheste.es: https:\/\/acurtar.link\/2FhORN<\/p>\n\n\n\n<p><strong>Rutes 2024<br><\/strong>El dissabte 20 i el diumenge 21 d&#8217;abril, l&#8217;empresa Tarasca Turisme realitzar\u00e0 rutes guiades gratu\u00eftes pels murals d&#8217;aquesta novena edici\u00f3, en horari de dem\u00e0 i de vesprada.<br>Informaci\u00f3 pr\u00e0ctica: https:\/\/acurtar.link\/d3Lt9A<\/p>\n\n\n\n<p><strong>Clausura del festival<br><\/strong>El diumenge, 21 d&#8217;abril, el programa es tancar\u00e0 amb l&#8217;espectacle Trash, una proposta cultural que conjumina com\u00e8dia, percussi\u00f3 i reciclatge, que tindr\u00e0 lloc en el teatre Liceu a les 19.00.<\/p>\n","protected":false},"excerpt":{"rendered":"<div class=\"mh-excerpt\">La novena edici\u00f3 del Festival de Street Art Graffitea Xest, promogut per la Regidoria de Cultura al costat d&#8217;\u00c0lien Barrakudas, se celebrar\u00e0 del 17 al 21 d&#8217;abril en la localitat chestana. Un any m\u00e9s, Xest <a class=\"mh-excerpt-more\" href=\"https:\/\/www.tucomarca.com\/wordpress\/segunda\/ca\/xest-anuncia-el-programa-de-la-9a-edicio-de-graffitea\/\" title=\"Xest anuncia el programa de la novena edici\u00f3 de Graffitea\">[+] <\/a><\/div>\n","protected":false},"author":12,"featured_media":218434,"comment_status":"open","ping_status":"open","sticky":false,"template":"","format":"standard","meta":{"footnotes":""},"categories":[11019,10894,10912,11007,10896,10974],"tags":[11071,20476,10914],"class_list":{"0":"post-219420","1":"post","2":"type-post","3":"status-publish","4":"format-standard","5":"has-post-thumbnail","7":"category-agenda-ca","8":"category-la-comarca-ca","9":"category-la-hoya-ca","10":"category-ocio-y-cultura-ca","11":"category-seccion-ca","12":"category-cheste-ca","13":"tag-cheste","14":"tag-graffitea-2024-ca","15":"tag-la-hoya-de-bunol-chiva-ca"},"_links":{"self":[{"href":"https:\/\/www.tucomarca.com\/wordpress\/segunda\/ca\/wp-json\/wp\/v2\/posts\/219420","targetHints":{"allow":["GET"]}}],"collection":[{"href":"https:\/\/www.tucomarca.com\/wordpress\/segunda\/ca\/wp-json\/wp\/v2\/posts"}],"about":[{"href":"https:\/\/www.tucomarca.com\/wordpress\/segunda\/ca\/wp-json\/wp\/v2\/types\/post"}],"author":[{"embeddable":true,"href":"https:\/\/www.tucomarca.com\/wordpress\/segunda\/ca\/wp-json\/wp\/v2\/users\/12"}],"replies":[{"embeddable":true,"href":"https:\/\/www.tucomarca.com\/wordpress\/segunda\/ca\/wp-json\/wp\/v2\/comments?post=219420"}],"version-history":[{"count":0,"href":"https:\/\/www.tucomarca.com\/wordpress\/segunda\/ca\/wp-json\/wp\/v2\/posts\/219420\/revisions"}],"wp:featuredmedia":[{"embeddable":true,"href":"https:\/\/www.tucomarca.com\/wordpress\/segunda\/ca\/wp-json\/wp\/v2\/media\/218434"}],"wp:attachment":[{"href":"https:\/\/www.tucomarca.com\/wordpress\/segunda\/ca\/wp-json\/wp\/v2\/media?parent=219420"}],"wp:term":[{"taxonomy":"category","embeddable":true,"href":"https:\/\/www.tucomarca.com\/wordpress\/segunda\/ca\/wp-json\/wp\/v2\/categories?post=219420"},{"taxonomy":"post_tag","embeddable":true,"href":"https:\/\/www.tucomarca.com\/wordpress\/segunda\/ca\/wp-json\/wp\/v2\/tags?post=219420"}],"curies":[{"name":"wp","href":"https:\/\/api.w.org\/{rel}","templated":true}]}}