{"id":219486,"date":"2024-04-16T12:55:29","date_gmt":"2024-04-16T10:55:29","guid":{"rendered":"https:\/\/www.tucomarca.com\/wordpress\/segunda\/?p=219486"},"modified":"2024-04-16T12:56:33","modified_gmt":"2024-04-16T10:56:33","slug":"conselleria-activa-el-pla-demergencia-mentre-avalua-la-qualitat-de-laire-a-causa-de-lincendi-en-sant-antoni","status":"publish","type":"post","link":"https:\/\/www.tucomarca.com\/wordpress\/segunda\/ca\/conselleria-activa-el-pla-demergencia-mentre-avalua-la-qualitat-de-laire-a-causa-de-lincendi-en-sant-antoni\/","title":{"rendered":"Conselleria activa el Pla d&#8217;Emerg\u00e8ncia mentre avalua la qualitat de l&#8217;aire a causa de l&#8217;incendi en Sant Antoni"},"content":{"rendered":"\n<p>L&#8217;Ajuntament de Requena ha publicat un comunicat a mitjan mat\u00ed d&#8217;aquest dimarts en el qual informa &#8220;sobre la situaci\u00f3 actual de l&#8217;incendi prop de Sant Antoni. La Conselleria ha activat el Pla d&#8217;Emerg\u00e8ncia Territorial en situaci\u00f3 0. Equips especialitzats estan avaluant la qualitat de l&#8217;aire&#8221;, tal com han informat des del consistori.<\/p>\n\n\n\n<p>A m\u00e9s, recomanen &#8220;per a aquells amb malalties respirat\u00f2ries o persones vulnerables, es recomana usar m\u00e0scara a l&#8217;aire lliure i mantindre les finestres tancades per precauci\u00f3&#8221;.<\/p>\n\n\n\n<p>&#8220;La resta de la poblaci\u00f3, per favor, estiguen atents a les instruccions del Consorci de Bombers. Continuarem comunicant qualsevol actualitzaci\u00f3 segons l&#8217;indicat per ells. Gr\u00e0cies per la seua col\u00b7laboraci\u00f3 i comprensi\u00f3&#8221;.<\/p>\n","protected":false},"excerpt":{"rendered":"<div class=\"mh-excerpt\">L&#8217;Ajuntament de Requena ha publicat un comunicat a mitjan mat\u00ed d&#8217;aquest dimarts en el qual informa &#8220;sobre la situaci\u00f3 actual de l&#8217;incendi prop de Sant Antoni. La Conselleria ha activat el Pla d&#8217;Emerg\u00e8ncia Territorial en <a class=\"mh-excerpt-more\" href=\"https:\/\/www.tucomarca.com\/wordpress\/segunda\/ca\/conselleria-activa-el-pla-demergencia-mentre-avalua-la-qualitat-de-laire-a-causa-de-lincendi-en-sant-antoni\/\" title=\"Conselleria activa el Pla d&#8217;Emerg\u00e8ncia mentre avalua la qualitat de l&#8217;aire a causa de l&#8217;incendi en Sant Antoni\">[+] <\/a><\/div>\n","protected":false},"author":1,"featured_media":219433,"comment_status":"open","ping_status":"open","sticky":false,"template":"","format":"standard","meta":{"footnotes":""},"categories":[11010,10898,10948,10894,10904,10903,10947,10908,10909,11057,10896,10897],"tags":[12755,11099,10910],"class_list":{"0":"post-219486","1":"post","2":"type-post","3":"status-publish","4":"format-standard","5":"has-post-thumbnail","7":"category-canal-salud","8":"category-ventana-ca","9":"category-infraestructuras-ca","10":"category-la-comarca-ca","11":"category-sin-categorizar-ca","12":"category-medio-ambiente-la-comarca-ca","13":"category-politica","14":"category-requena-ca","15":"category-requena-utiel-ca","16":"category-san-antonio-ca","17":"category-seccion-ca","18":"category-sucesos-la-comarca-ca","19":"tag-incendio-ca","20":"tag-requena-ca","21":"tag-requena-utiel-ca"},"_links":{"self":[{"href":"https:\/\/www.tucomarca.com\/wordpress\/segunda\/ca\/wp-json\/wp\/v2\/posts\/219486","targetHints":{"allow":["GET"]}}],"collection":[{"href":"https:\/\/www.tucomarca.com\/wordpress\/segunda\/ca\/wp-json\/wp\/v2\/posts"}],"about":[{"href":"https:\/\/www.tucomarca.com\/wordpress\/segunda\/ca\/wp-json\/wp\/v2\/types\/post"}],"author":[{"embeddable":true,"href":"https:\/\/www.tucomarca.com\/wordpress\/segunda\/ca\/wp-json\/wp\/v2\/users\/1"}],"replies":[{"embeddable":true,"href":"https:\/\/www.tucomarca.com\/wordpress\/segunda\/ca\/wp-json\/wp\/v2\/comments?post=219486"}],"version-history":[{"count":0,"href":"https:\/\/www.tucomarca.com\/wordpress\/segunda\/ca\/wp-json\/wp\/v2\/posts\/219486\/revisions"}],"wp:featuredmedia":[{"embeddable":true,"href":"https:\/\/www.tucomarca.com\/wordpress\/segunda\/ca\/wp-json\/wp\/v2\/media\/219433"}],"wp:attachment":[{"href":"https:\/\/www.tucomarca.com\/wordpress\/segunda\/ca\/wp-json\/wp\/v2\/media?parent=219486"}],"wp:term":[{"taxonomy":"category","embeddable":true,"href":"https:\/\/www.tucomarca.com\/wordpress\/segunda\/ca\/wp-json\/wp\/v2\/categories?post=219486"},{"taxonomy":"post_tag","embeddable":true,"href":"https:\/\/www.tucomarca.com\/wordpress\/segunda\/ca\/wp-json\/wp\/v2\/tags?post=219486"}],"curies":[{"name":"wp","href":"https:\/\/api.w.org\/{rel}","templated":true}]}}