{"id":219787,"date":"2024-04-18T20:00:00","date_gmt":"2024-04-18T18:00:00","guid":{"rendered":"https:\/\/www.tucomarca.com\/wordpress\/segunda\/?p=219787"},"modified":"2024-04-26T15:46:11","modified_gmt":"2024-04-26T13:46:11","slug":"la-diputacio-estudiara-ajudar-a-ava-en-ladequacio-de-la-finca-sinyent-de-polinya-com-a-centre-destudis-agricoles","status":"publish","type":"post","link":"https:\/\/www.tucomarca.com\/wordpress\/segunda\/ca\/la-diputacio-estudiara-ajudar-a-ava-en-ladequacio-de-la-finca-sinyent-de-polinya-com-a-centre-destudis-agricoles\/","title":{"rendered":"La Diputaci\u00f3 estudiar\u00e0 ajudar a AVA en l&#8217;adequaci\u00f3 de la finca Sinyent de Poliny\u00e0 com a centre d&#8217;estudis agr\u00edcoles"},"content":{"rendered":"\n<h3 class=\"wp-block-heading\">La vicepresidenta primera, Nat\u00e0lia Enguix, es reunix amb el secretari general d\u2019AVA-ASAJA, Juan Salvador Torres, per a con\u00e9ixer el projecte de rehabilitaci\u00f3 de l&#8217;edifici del segle XV situat a la Ribera Baixa.<\/h3>\n\n\n\n<h3 class=\"wp-block-heading\">El pla director ha perm\u00e9s executar una primera fase amb la instal\u00b7laci\u00f3 d&#8217;una nova coberta. El seg\u00fcent pas \u00e9s convertir l&#8217;edificaci\u00f3 del g\u00f2tic civil en espai d&#8217;estudis, museu de cultiu i oficines per als t\u00e8cnics.<\/h3>\n\n\n\n<p>La Diputaci\u00f3 de Val\u00e8ncia torna a demostrar la seua implicaci\u00f3 amb els agricultors valencians, en una setmana en la qual el president, Vicent Momp\u00f3, i la vicepresidenta primera, Nat\u00e0lia Enguix, han mantingut diferents reunions amb els responsables d\u2019AVA-ASAJA per a ajudar a trobar solucions als problemes del camp, cas de la millora de camins rurals, els robatoris, el control dels javal\u00eds i la formaci\u00f3 en mat\u00e8ria agr\u00e0ria.<\/p>\n\n\n\n<p>En este \u00faltim \u00e0mbit, el formatiu, es va centrar la trobada entre la vicepresidenta Enguix i el secretari general d\u2019AVA, Juan Salvador Torres, qui va acudir a la Diputaci\u00f3 acompanyat per Jos\u00e9 S\u00e1nchez, del departament d&#8217;Innovaci\u00f3 de l&#8217;ens agrari, i Ignacio Matoses, arquitecte redactor del projecte de rehabilitaci\u00f3 de la finca Sinyent, edifici del segle XV localitzat a Poliny\u00e0 del X\u00faquer, per al qual AVA planteja nous usos educatius i culturals.<\/p>\n\n\n\n<p>L&#8217;organitzaci\u00f3 agr\u00e0ria sol\u00b7licita l&#8217;ajuda de la Diputaci\u00f3 per a continuar executant el pla director del projecte, la primera fase del qual va quedar completada amb la instal\u00b7laci\u00f3 d&#8217;una nova coberta i la reforma d&#8217;una porta gran de l&#8217;ala est. \u201cEstudiarem les vies possibles de col\u00b7laboraci\u00f3 amb AVA en un projecte que \u00e9s doblement interessant, ja que es tracta de conservar un edifici emblem\u00e0tic i de gran valor patrimonial, que a m\u00e9s volen usar per a la transfer\u00e8ncia tecnol\u00f2gica i com a centre d&#8217;estudis agr\u00edcoles\u201d, explica Enguix.<\/p>\n\n\n\n<p>En opini\u00f3 de la vicepresidenta, \u201ceste tipus d&#8217;actuacions s\u00f3n molt necess\u00e0ries per a mantindre en el millor estat el nostre patrimoni, per\u00f2 \u00e9s que a m\u00e9s, en el cas d&#8217;esta finca del segle XV, est\u00e0 integrada en el paisatge, envoltada d&#8217;hect\u00e0rees de cultius i en un entorn agr\u00edcola que \u00e9s de gran import\u00e0ncia per al territori\u201d. Per tot aix\u00f2, \u201cla Diputaci\u00f3 analitzar\u00e0 junt amb els t\u00e8cnics la viabilitat d&#8217;ajudar en eixe proc\u00e9s de rehabilitaci\u00f3 que est\u00e0 ja en marxa\u201d, ha assenyalat Nat\u00e0lia Enguix.<\/p>\n\n\n\n<p>L&#8217;edificaci\u00f3, en la qual la Diputaci\u00f3 va invertir fa anys uns 100.000 euros en la instal\u00b7laci\u00f3 d&#8217;una antiga coberta met\u00e0l\u00b7lica, pret\u00e9n ser usada \u201cper a transfer\u00e8ncia de tecnologia, com a museu etnol\u00f2gic de cultiu, per a oficines i com a espai d&#8217;estudis agr\u00edcoles, visites escolars i de realitzaci\u00f3 de tesi per part d&#8217;estudiants universitaris\u201d, explica el secretari general d\u2019AVA, Juan Salvador Torres.<\/p>\n\n\n\n<figure class=\"wp-block-image size-large\"><img loading=\"lazy\" decoding=\"async\" width=\"1024\" height=\"724\" src=\"http:\/\/www.tucomarca.com\/wordpress\/segunda\/wp-content\/uploads\/2024\/04\/EnguixAVA1-1024x724.jpg\" alt=\"\" class=\"wp-image-219782\" srcset=\"https:\/\/www.tucomarca.com\/wordpress\/segunda\/wp-content\/uploads\/2024\/04\/EnguixAVA1-1024x724.jpg 1024w, https:\/\/www.tucomarca.com\/wordpress\/segunda\/wp-content\/uploads\/2024\/04\/EnguixAVA1-300x212.jpg 300w, https:\/\/www.tucomarca.com\/wordpress\/segunda\/wp-content\/uploads\/2024\/04\/EnguixAVA1-768x543.jpg 768w, https:\/\/www.tucomarca.com\/wordpress\/segunda\/wp-content\/uploads\/2024\/04\/EnguixAVA1.jpg 1181w\" sizes=\"auto, (max-width: 1024px) 100vw, 1024px\" \/><\/figure>\n\n\n\n<p><strong>Pla director<\/strong><\/p>\n\n\n\n<p>La casa del Lloch de Sinyent compta en l&#8217;actualitat amb un pla director, que \u00e9s la ferramenta m\u00e9s adequada per a la gesti\u00f3 del proc\u00e9s de conservaci\u00f3 dels importants valors patrimonials i culturals que atresora este conjunt arquitect\u00f2nic de diferents \u00e8poques. El document es redacta despr\u00e9s de l&#8217;estudi exhaustiu del monument o conjunt en tots els seus vessants: hist\u00f2rica, social, material, constructiva, paisatg\u00edstica i funcional.<\/p>\n\n\n\n<p>L&#8217;edificaci\u00f3 t\u00e9 el seu origen en el segle XIII i \u00e9s un dels monuments de major valor i singularitat de la Ribera. Per moments, el conjunt va c\u00f3rrer perill de desaparici\u00f3 en descurar-se la seua conservaci\u00f3, una situaci\u00f3 corregida amb el pla director. L&#8217;immoble es troba immers en un proc\u00e9s de recuperaci\u00f3 a trav\u00e9s de les diferents intervencions dutes a terme en els \u00faltims anys.<\/p>\n","protected":false},"excerpt":{"rendered":"<div class=\"mh-excerpt\">La vicepresidenta primera, Nat\u00e0lia Enguix, es reunix amb el secretari general d\u2019AVA-ASAJA, Juan Salvador Torres, per a con\u00e9ixer el projecte de rehabilitaci\u00f3 de l&#8217;edifici del segle XV situat a la Ribera Baixa. El pla director <a class=\"mh-excerpt-more\" href=\"https:\/\/www.tucomarca.com\/wordpress\/segunda\/ca\/la-diputacio-estudiara-ajudar-a-ava-en-ladequacio-de-la-finca-sinyent-de-polinya-com-a-centre-destudis-agricoles\/\" title=\"La Diputaci\u00f3 estudiar\u00e0 ajudar a AVA en l&#8217;adequaci\u00f3 de la finca Sinyent de Poliny\u00e0 com a centre d&#8217;estudis agr\u00edcoles\">[+] <\/a><\/div>\n","protected":false},"author":12,"featured_media":219785,"comment_status":"open","ping_status":"open","sticky":false,"template":"","format":"standard","meta":{"footnotes":""},"categories":[20529,10898,10894,10904,20456,10896],"tags":[11924,20525,20516,11246],"class_list":{"0":"post-219787","1":"post","2":"type-post","3":"status-publish","4":"format-standard","5":"has-post-thumbnail","7":"category-patrimonio-cultural-ca","8":"category-ventana-ca","9":"category-la-comarca-ca","10":"category-sin-categorizar-ca","11":"category-la-diputacio-de-valencia-informa-ca","12":"category-seccion-ca","13":"tag-ava-asaja-ca","14":"tag-cooperacio-municipal","15":"tag-cooperacion-municipal-ca","16":"tag-diputacio-de-valencia-ca"},"_links":{"self":[{"href":"https:\/\/www.tucomarca.com\/wordpress\/segunda\/ca\/wp-json\/wp\/v2\/posts\/219787","targetHints":{"allow":["GET"]}}],"collection":[{"href":"https:\/\/www.tucomarca.com\/wordpress\/segunda\/ca\/wp-json\/wp\/v2\/posts"}],"about":[{"href":"https:\/\/www.tucomarca.com\/wordpress\/segunda\/ca\/wp-json\/wp\/v2\/types\/post"}],"author":[{"embeddable":true,"href":"https:\/\/www.tucomarca.com\/wordpress\/segunda\/ca\/wp-json\/wp\/v2\/users\/12"}],"replies":[{"embeddable":true,"href":"https:\/\/www.tucomarca.com\/wordpress\/segunda\/ca\/wp-json\/wp\/v2\/comments?post=219787"}],"version-history":[{"count":0,"href":"https:\/\/www.tucomarca.com\/wordpress\/segunda\/ca\/wp-json\/wp\/v2\/posts\/219787\/revisions"}],"wp:featuredmedia":[{"embeddable":true,"href":"https:\/\/www.tucomarca.com\/wordpress\/segunda\/ca\/wp-json\/wp\/v2\/media\/219785"}],"wp:attachment":[{"href":"https:\/\/www.tucomarca.com\/wordpress\/segunda\/ca\/wp-json\/wp\/v2\/media?parent=219787"}],"wp:term":[{"taxonomy":"category","embeddable":true,"href":"https:\/\/www.tucomarca.com\/wordpress\/segunda\/ca\/wp-json\/wp\/v2\/categories?post=219787"},{"taxonomy":"post_tag","embeddable":true,"href":"https:\/\/www.tucomarca.com\/wordpress\/segunda\/ca\/wp-json\/wp\/v2\/tags?post=219787"}],"curies":[{"name":"wp","href":"https:\/\/api.w.org\/{rel}","templated":true}]}}