{"id":220038,"date":"2024-04-20T18:00:00","date_gmt":"2024-04-20T16:00:00","guid":{"rendered":"https:\/\/www.tucomarca.com\/wordpress\/segunda\/?p=220038"},"modified":"2024-04-20T20:46:00","modified_gmt":"2024-04-20T18:46:00","slug":"natalia-enguix-anima-als-236-municipis-de-la-xarxa-contra-la-violencia-de-genere-a-aprofitar-les-ajudes-per-a-continuar-treballant-per-la-igualtat","status":"publish","type":"post","link":"https:\/\/www.tucomarca.com\/wordpress\/segunda\/ca\/natalia-enguix-anima-als-236-municipis-de-la-xarxa-contra-la-violencia-de-genere-a-aprofitar-les-ajudes-per-a-continuar-treballant-per-la-igualtat\/","title":{"rendered":"Natalia Enguix anima als 236 municipis de la Xarxa contra la viol\u00e8ncia de g\u00e8nere a aprofitar les ajudes per a continuar treballant per la igualtat"},"content":{"rendered":"\n<h3 class=\"wp-block-heading\">El BOP ha publicat l&#8217;anunci de la convocat\u00f2ria per als ajuntaments adherits a la Xarxa provincial contra la Viol\u00e8ncia de G\u00e8nere, amb una dotaci\u00f3 global de 900.000 euros, 200.000 m\u00e9s que en 2023.<\/h3>\n\n\n\n<h3 class=\"wp-block-heading\">Entre les iniciatives subvencionables destaquen \u201cla prevenci\u00f3 i lluita enfront de la viol\u00e8ncia contra les dones, l&#8217;atenci\u00f3 a les v\u00edctimes, els protocols de seguretat o la coeducaci\u00f3\u201d, explica la vicepresidenta Enguix.<\/h3>\n\n\n\n<p>El Butllet\u00ed Oficial de la Prov\u00edncia (BOP) va publicar el dijous l&#8217;anunci de la convocat\u00f2ria de subvencions per als ajuntaments adherits a la Xarxa de Municipis Protegits contra la Viol\u00e8ncia de G\u00e8nere de la Diputaci\u00f3 de Val\u00e8ncia. D&#8217;esta manera, els 236 consistoris que integren la Xarxa disposen de 20 dies h\u00e0bils per a presentar els projectes i campanyes que seran subvencionats per l&#8217;\u00e0rea d&#8217;Igualtat de la corporaci\u00f3 provincial.<\/p>\n\n\n\n<p>Al capdavant de l&#8217;\u00e0rea d&#8217;Igualtat est\u00e0 la vicepresidenta Nat\u00e0lia Enguix, qui anima als consistoris a \u201cpresentar eixos projectes i iniciatives que tracten de donar la millor resposta possible davant la xacra de la viol\u00e8ncia exercida contra les dones, al mateix temps que ens permeten enfortir eixa xarxa de treball provincial on els ajuntaments poden compartir bones pr\u00e0ctiques i experi\u00e8ncies eficaces que ajuden a erradicar el problema\u201d.<\/p>\n\n\n\n<p>La dotaci\u00f3 econ\u00f2mica de la convocat\u00f2ria \u201cs&#8217;ha incrementat de 700.000 a 900.000 euros, al que hem de sumar els 180.000 euros per a associacions, que hem duplicat enguany\u201d, assenyala Enguix, qui confia en \u201cpoder acabar la legislatura amb tots els municipis valencians treballant en xarxa per a fer front a la viol\u00e8ncia exercida contra les dones\u201d.<\/p>\n\n\n\n<p>La convocat\u00f2ria regula la concessi\u00f3 de les ajudes econ\u00f2miques en r\u00e8gim de concurr\u00e8ncia competitiva per als consistoris que integren la Xarxa provincial. Entre els projectes subvencionables destaquen els relacionats amb la prevenci\u00f3, detecci\u00f3 i lluita contra la viol\u00e8ncia de g\u00e8nere; la coeducaci\u00f3 dirigida a la comunitat educativa i agents socials dels municipis; l&#8217;atenci\u00f3 integral per a dones en el sistema prostitucional i v\u00edctimes d&#8217;explotaci\u00f3 sexual; la formaci\u00f3 especialitzada per al personal t\u00e8cnic, pol\u00edtic i de serveis socials dels ajuntaments; i els protocols de protecci\u00f3 coordinats amb les Forces i Cossos de Seguretat de l&#8217;Estat.<\/p>\n\n\n\n<p>Altres propostes que poden rebre finan\u00e7ament de la Diputaci\u00f3 s\u00f3n les contemplades en els plans d&#8217;Igualtat locals i les incloses en el Pla Estrat\u00e8gic de la Dona en el Sistema Rural Valenci\u00e0. A m\u00e9s, els ajuntaments que integren la Xarxa poden sol\u00b7licitar ajuda per a la posada en marxa de campanyes de sensibilitzaci\u00f3 en mitjans i suports publicitaris, aix\u00ed com de prevenci\u00f3 del consum de prostituci\u00f3.<\/p>\n\n\n\n<figure class=\"wp-block-image size-large\"><img loading=\"lazy\" decoding=\"async\" width=\"1024\" height=\"665\" src=\"http:\/\/www.tucomarca.com\/wordpress\/segunda\/wp-content\/uploads\/2024\/04\/AsambleaXarxa-1024x665.jpeg\" alt=\"\" class=\"wp-image-220035\" srcset=\"https:\/\/www.tucomarca.com\/wordpress\/segunda\/wp-content\/uploads\/2024\/04\/AsambleaXarxa-1024x665.jpeg 1024w, https:\/\/www.tucomarca.com\/wordpress\/segunda\/wp-content\/uploads\/2024\/04\/AsambleaXarxa-300x195.jpeg 300w, https:\/\/www.tucomarca.com\/wordpress\/segunda\/wp-content\/uploads\/2024\/04\/AsambleaXarxa-768x499.jpeg 768w, https:\/\/www.tucomarca.com\/wordpress\/segunda\/wp-content\/uploads\/2024\/04\/AsambleaXarxa-1536x997.jpeg 1536w, https:\/\/www.tucomarca.com\/wordpress\/segunda\/wp-content\/uploads\/2024\/04\/AsambleaXarxa.jpeg 1600w\" sizes=\"auto, (max-width: 1024px) 100vw, 1024px\" \/><\/figure>\n\n\n\n<p><strong>El 90% de la prov\u00edncia<\/strong><\/p>\n\n\n\n<p>L&#8217;onzena Assemblea de la Xarxa de Municipis Protegits contra la Viol\u00e8ncia de G\u00e8nere de la Diputaci\u00f3 de Val\u00e8ncia va aprovar el passat 9 d&#8217;abril l&#8217;adhesi\u00f3 de 25 nous membres a la plataforma que treballa conjuntament per a donar resposta a la viol\u00e8ncia exercida contra les dones. Al final de l&#8217;assemblea, celebrada en les instal\u00b7lacions de l&#8217;IVAF, centre educatiu dependent de la Diputaci\u00f3, el president Vicent Momp\u00f3 i la vicepresidenta Enguix van destacar que amb estes adhesions \u201cs\u00f3n ja 236 dels 266 municipis valencians els que formen part d&#8217;una Xarxa que arriba al 90% de la prov\u00edncia\u201d.<\/p>\n\n\n\n<p>Per comarques, la Vall d\u2019Albaida i Ribera Alta s\u00f3n les que m\u00e9s municipis tenen adherits a la Xarxa de la Diputaci\u00f3, amb 33 cadascuna, seguides de prop per la Safor amb 29 ajuntaments membres; la llista la completen l&#8217;Horta Nord (22); l&#8217;Horta Sud (19); el Camp de T\u00faria (16); la Costera i la Serran\u00eda (15); la Ribera Baixa (11); la Plana Utiel-Requena i el Camp de Morvedre (9); la Canal de Navarr\u00e9s i l\u2019Hoya de Bu\u00f1ol-Chiva (8); el Valle de Ayora-Cofrentes (6); i el Rinc\u00f3n de Ademuz (4).<\/p>\n\n\n\n<p>El text de la convocat\u00f2ria i els seus annexos estan disponibles en la p\u00e0gina web de la Diputaci\u00f3 Provincial de Val\u00e8ncia: <a href=\"https:\/\/www.dival.es\/igualtat.\">https:\/\/www.dival.es\/igualtat.<\/a><\/p>\n","protected":false},"excerpt":{"rendered":"<div class=\"mh-excerpt\">El BOP ha publicat l&#8217;anunci de la convocat\u00f2ria per als ajuntaments adherits a la Xarxa provincial contra la Viol\u00e8ncia de G\u00e8nere, amb una dotaci\u00f3 global de 900.000 euros, 200.000 m\u00e9s que en 2023. Entre les <a class=\"mh-excerpt-more\" href=\"https:\/\/www.tucomarca.com\/wordpress\/segunda\/ca\/natalia-enguix-anima-als-236-municipis-de-la-xarxa-contra-la-violencia-de-genere-a-aprofitar-les-ajudes-per-a-continuar-treballant-per-la-igualtat\/\" title=\"Natalia Enguix anima als 236 municipis de la Xarxa contra la viol\u00e8ncia de g\u00e8nere a aprofitar les ajudes per a continuar treballant per la igualtat\">[+] <\/a><\/div>\n","protected":false},"author":1,"featured_media":220033,"comment_status":"open","ping_status":"open","sticky":false,"template":"","format":"standard","meta":{"footnotes":""},"categories":[20541,10898,10948,10894,10904,20456,10947,10896],"tags":[11246,20544,11199,17455,20545,20262,20546,16563],"class_list":{"0":"post-220038","1":"post","2":"type-post","3":"status-publish","4":"format-standard","5":"has-post-thumbnail","7":"category-igualtat-i-diversitat","8":"category-ventana-ca","9":"category-infraestructuras-ca","10":"category-la-comarca-ca","11":"category-sin-categorizar-ca","12":"category-la-diputacio-de-valencia-informa-ca","13":"category-politica","14":"category-seccion-ca","15":"tag-diputacio-de-valencia-ca","16":"tag-enguix-ca","17":"tag-la-comunitat-ca","18":"tag-mompo-ca","19":"tag-natalia-ca","20":"tag-natalia-enguix-ca","21":"tag-vicent-ca","22":"tag-vicente-mompo-ca"},"_links":{"self":[{"href":"https:\/\/www.tucomarca.com\/wordpress\/segunda\/ca\/wp-json\/wp\/v2\/posts\/220038","targetHints":{"allow":["GET"]}}],"collection":[{"href":"https:\/\/www.tucomarca.com\/wordpress\/segunda\/ca\/wp-json\/wp\/v2\/posts"}],"about":[{"href":"https:\/\/www.tucomarca.com\/wordpress\/segunda\/ca\/wp-json\/wp\/v2\/types\/post"}],"author":[{"embeddable":true,"href":"https:\/\/www.tucomarca.com\/wordpress\/segunda\/ca\/wp-json\/wp\/v2\/users\/1"}],"replies":[{"embeddable":true,"href":"https:\/\/www.tucomarca.com\/wordpress\/segunda\/ca\/wp-json\/wp\/v2\/comments?post=220038"}],"version-history":[{"count":0,"href":"https:\/\/www.tucomarca.com\/wordpress\/segunda\/ca\/wp-json\/wp\/v2\/posts\/220038\/revisions"}],"wp:featuredmedia":[{"embeddable":true,"href":"https:\/\/www.tucomarca.com\/wordpress\/segunda\/ca\/wp-json\/wp\/v2\/media\/220033"}],"wp:attachment":[{"href":"https:\/\/www.tucomarca.com\/wordpress\/segunda\/ca\/wp-json\/wp\/v2\/media?parent=220038"}],"wp:term":[{"taxonomy":"category","embeddable":true,"href":"https:\/\/www.tucomarca.com\/wordpress\/segunda\/ca\/wp-json\/wp\/v2\/categories?post=220038"},{"taxonomy":"post_tag","embeddable":true,"href":"https:\/\/www.tucomarca.com\/wordpress\/segunda\/ca\/wp-json\/wp\/v2\/tags?post=220038"}],"curies":[{"name":"wp","href":"https:\/\/api.w.org\/{rel}","templated":true}]}}