{"id":220108,"date":"2024-04-21T12:00:00","date_gmt":"2024-04-21T10:00:00","guid":{"rendered":"https:\/\/www.tucomarca.com\/wordpress\/segunda\/?p=220108"},"modified":"2024-04-21T22:16:14","modified_gmt":"2024-04-21T20:16:14","slug":"riba-roja-de-turia-subvencionara-amb-fins-a-5-000-euros-la-creacio-de-noves-empreses-autonoms-emprenedors-i-microempreses","status":"publish","type":"post","link":"https:\/\/www.tucomarca.com\/wordpress\/segunda\/ca\/riba-roja-de-turia-subvencionara-amb-fins-a-5-000-euros-la-creacio-de-noves-empreses-autonoms-emprenedors-i-microempreses\/","title":{"rendered":"Riba-roja de T\u00faria subvencionar\u00e0 amb fins a 5.000 euros la creaci\u00f3 de noves empreses, aut\u00f2noms, emprenedors i microempreses\u00a0"},"content":{"rendered":"\n<h3 class=\"wp-block-heading\">L&#8217;ajuntament inicia el programa \u201cRibactiva Empr\u00e9n IV\u201d per a fer costat a noves activitats emprenedores en l&#8217;\u00e0mbit minorista i xicotets negocis.<\/h3>\n\n\n\n<p>L&#8217;Ajuntament de Riba-roja de T\u00faria ha publicat les bases reguladores del programa \u201cRibactiva Empr\u00e9n IV\u201d l&#8217;objectiu del qual \u00e9s afavorir la creaci\u00f3 de l&#8217;activitat empresarial, autoocupaci\u00f3 i emprenedoria de persones aut\u00f2nomes i microempreses en la localitat. D&#8217;aquesta manera, es pret\u00e9n afavorir la generaci\u00f3 d&#8217;ocupaci\u00f3 i la dinamitzaci\u00f3 del teixit empresarial.&nbsp;<\/p>\n\n\n\n<p>Les bases reguladores preveuen ajudes econ\u00f2miques de fins a 5.000 euros per als potencials beneficiaris per a sufragar les despeses corrents necess\u00e0ries per a la posada en marxa i el funcionament de l&#8217;activitat a aquells negocis emprenedors que han iniciat la seua alta nova en la Seguretat Social en la seua activitat econ\u00f2mica corresponent al per\u00edode compr\u00e9s entre l&#8217;1 d&#8217;octubre de 2022 i el 31 de desembre de 2023.&nbsp;<\/p>\n\n\n\n<p>La convocat\u00f2ria municipal estableix que podran ser beneficiaris persones f\u00edsiques o jur\u00eddiques organitzades com a empresari individual o professional en r\u00e8gim de m\u00fatua professional, societats de responsabilitat limitada, societats col\u00b7lectives, entitats sense personalitat jur\u00eddica -comunitats de b\u00e9ns i societats civils- o entitats d&#8217;economia social com a cooperatives de treball associat i societats limitades laborals.&nbsp;<\/p>\n\n\n\n<p>Entre els requisits a complir pels possibles beneficiaris destaca l&#8217;obligaci\u00f3 que l&#8217;activitat ha de ser desenvolupada en el terme municipal de Riba-roja de T\u00faria o domicili fiscal en la localitat, la persona sol\u00b7licitant ha d&#8217;estar empadronada amb data anterior a la convocat\u00f2ria o almenys el 50% dels socis, l&#8217;alta nova ha d&#8217;estar compresa entre l&#8217;1 d&#8217;octubre de 2022 i el 31 de desembre de 2023.&nbsp;<\/p>\n\n\n\n<p>Les bases reguladores obligaran, a m\u00e9s, a estar al corrent de les obligacions tribut\u00e0ries amb la Hisenda Estatal, amb la Tresoreria General de la Seguretat Social i amb l&#8217;Ajuntament de Riba-roja de T\u00faria. Aquest requisit ha de complir-se tant en la data de sol\u00b7licitud de l&#8217;ajuda com a la data de concessi\u00f3 d&#8217;aquesta. Els beneficiaris hauran de mantindre l&#8217;alta de l&#8217;activitat i l&#8217;alta en la Seguretat Social fins a 1 any despr\u00e9s de la data d&#8217;efectes de l&#8217;alta en aquest r\u00e8gim. A m\u00e9s, es regulen totes aquelles entitats i activitats que no podran optar a les ajudes econ\u00f2miques.<br>En aquesta situaci\u00f3 destaquen les administracions p\u00fabliques, les societats p\u00fabliques, les associacions, fundacions i altres entitats sense \u00e0nim de lucre, aquelles activitats que no disposen de llic\u00e8ncia d&#8217;obertura o no l&#8217;hagen sol\u00b7licitada abans de la sol\u00b7licitud de subvenci\u00f3, aquelles activitats noves en l&#8217;ep\u00edgraf de l&#8217;IAE donades d&#8217;alta abans de l&#8217;1 d&#8217;octubre de 2022, aquelles persones f\u00edsiques o jur\u00eddiques benefici\u00e0ries d&#8217;ajudes de suport emprenedor en els quatre \u00faltims anys i aquelles societats creades entre l&#8217;1 d&#8217;octubre de 2022 i el 31 de desembre de 2023 per\u00f2 constitu\u00efdes amb anterioritat sota una altra forma jur\u00eddica.&nbsp;<\/p>\n\n\n\n<p>Les quanties econ\u00f2miques seran de 3.000 euros per persona sol\u00b7licitant que es podran ampliar en altres 2.000 euros, \u00e9s a dir, 5.000 euros en total en el cas que la persona sol\u00b7licitant presenta altres caracter\u00edstiques com ser dona, persona major de 45 anys, persona desocupada i inscrita en Labora durant almenys 12 mesos, joves de fins a 30 anys, persones amb diversitat funcional d&#8217;almenys 33% i persones amb el risc d&#8217;exclusi\u00f3 social.&nbsp;<\/p>\n\n\n\n<p>Les bases reguladores estableixen les despeses que seran subvencionables, com a despeses de constituci\u00f3 de l&#8217;activitat, despeses corrents i de funcionament en mat\u00e8ria d&#8217;arrendament, compres de mercaderies, subministraments d&#8217;energia el\u00e8ctrica i comunicacions, reparacions i conservaci\u00f3, quotes de Seguretat Social, interessos d&#8217;hipoteca, quotes en associacions, despeses de cursos de formaci\u00f3, elaboraci\u00f3 d&#8217;un pla de viabilitat, quotes en associacions empresarials o despeses corrents vinculades a l&#8217;activitat.&nbsp;<\/p>\n\n\n\n<p>L&#8217;alcalde de Riba-roja de T\u00faria, Robert Raga, ha subratllat \u201cel gran acolliment que tenen aquest tipus d&#8217;iniciatives entre els nous aut\u00f2noms, emprenedors i microempreses com a manera de fomentar la creaci\u00f3 de noves iniciatives al mateix temps que es fomenta el teixit econ\u00f2mic que permet la creaci\u00f3 de nevos llocs de treball, es genera riquesa i es dinamitza la societat social\u201d.<\/p>\n","protected":false},"excerpt":{"rendered":"<div class=\"mh-excerpt\">L&#8217;ajuntament inicia el programa \u201cRibactiva Empr\u00e9n IV\u201d per a fer costat a noves activitats emprenedores en l&#8217;\u00e0mbit minorista i xicotets negocis. L&#8217;Ajuntament de Riba-roja de T\u00faria ha publicat les bases reguladores del programa \u201cRibactiva Empr\u00e9n <a class=\"mh-excerpt-more\" href=\"https:\/\/www.tucomarca.com\/wordpress\/segunda\/ca\/riba-roja-de-turia-subvencionara-amb-fins-a-5-000-euros-la-creacio-de-noves-empreses-autonoms-emprenedors-i-microempreses\/\" title=\"Riba-roja de T\u00faria subvencionar\u00e0 amb fins a 5.000 euros la creaci\u00f3 de noves empreses, aut\u00f2noms, emprenedors i microempreses\u00a0\">[+] <\/a><\/div>\n","protected":false},"author":12,"featured_media":151597,"comment_status":"open","ping_status":"open","sticky":false,"template":"","format":"standard","meta":{"footnotes":""},"categories":[10892,10948,10894,10947,10906,10896],"tags":[10899,15024],"class_list":{"0":"post-220108","1":"post","2":"type-post","3":"status-publish","4":"format-standard","5":"has-post-thumbnail","7":"category-camp-de-turia-ca","8":"category-infraestructuras-ca","9":"category-la-comarca-ca","10":"category-politica","11":"category-riba-roja-ca","12":"category-seccion-ca","13":"tag-camp-de-turia-ca","14":"tag-riba-roja-de-turia-ca"},"_links":{"self":[{"href":"https:\/\/www.tucomarca.com\/wordpress\/segunda\/ca\/wp-json\/wp\/v2\/posts\/220108","targetHints":{"allow":["GET"]}}],"collection":[{"href":"https:\/\/www.tucomarca.com\/wordpress\/segunda\/ca\/wp-json\/wp\/v2\/posts"}],"about":[{"href":"https:\/\/www.tucomarca.com\/wordpress\/segunda\/ca\/wp-json\/wp\/v2\/types\/post"}],"author":[{"embeddable":true,"href":"https:\/\/www.tucomarca.com\/wordpress\/segunda\/ca\/wp-json\/wp\/v2\/users\/12"}],"replies":[{"embeddable":true,"href":"https:\/\/www.tucomarca.com\/wordpress\/segunda\/ca\/wp-json\/wp\/v2\/comments?post=220108"}],"version-history":[{"count":0,"href":"https:\/\/www.tucomarca.com\/wordpress\/segunda\/ca\/wp-json\/wp\/v2\/posts\/220108\/revisions"}],"wp:featuredmedia":[{"embeddable":true,"href":"https:\/\/www.tucomarca.com\/wordpress\/segunda\/ca\/wp-json\/wp\/v2\/media\/151597"}],"wp:attachment":[{"href":"https:\/\/www.tucomarca.com\/wordpress\/segunda\/ca\/wp-json\/wp\/v2\/media?parent=220108"}],"wp:term":[{"taxonomy":"category","embeddable":true,"href":"https:\/\/www.tucomarca.com\/wordpress\/segunda\/ca\/wp-json\/wp\/v2\/categories?post=220108"},{"taxonomy":"post_tag","embeddable":true,"href":"https:\/\/www.tucomarca.com\/wordpress\/segunda\/ca\/wp-json\/wp\/v2\/tags?post=220108"}],"curies":[{"name":"wp","href":"https:\/\/api.w.org\/{rel}","templated":true}]}}