{"id":220130,"date":"2024-04-21T09:00:00","date_gmt":"2024-04-21T07:00:00","guid":{"rendered":"https:\/\/www.tucomarca.com\/wordpress\/segunda\/?p=220130"},"modified":"2024-04-21T22:25:05","modified_gmt":"2024-04-21T20:25:05","slug":"habitatge-licita-les-obres-de-rehabilitacio-delements-comuns-i-habitatges-del-grup-plaza-de-la-ribera-dalzira","status":"publish","type":"post","link":"https:\/\/www.tucomarca.com\/wordpress\/segunda\/ca\/habitatge-licita-les-obres-de-rehabilitacio-delements-comuns-i-habitatges-del-grup-plaza-de-la-ribera-dalzira\/","title":{"rendered":"Habitatge licita les obres de rehabilitaci\u00f3 d&#8217;elements comuns i habitatges del grup Plaza de la Ribera d&#8217;Alzira"},"content":{"rendered":"\n<h3 class=\"wp-block-heading\">La Vicepresid\u00e8ncia Segona invertir\u00e0 m\u00e9s de 2,1 milions d&#8217;euros en aquest projecte de rehabilitaci\u00f3 i regeneraci\u00f3 urbana.<\/h3>\n\n\n\n<h3 class=\"wp-block-heading\">El termini de presentaci\u00f3 d&#8217;ofertes finalitza el 13 de maig.<\/h3>\n\n\n\n<p>La Vicepresid\u00e8ncia Segona i Conselleria de Serveis Socials, Igualtat i Habitatge, a trav\u00e9s de l&#8217;Entitat Valenciana d&#8217;Habitatge i S\u00f2l (EVha), ha licitat les obres de rehabilitaci\u00f3 d&#8217;elements comuns, recuperaci\u00f3 de 15 habitatges, creaci\u00f3 de tres habitatges adaptats i urbanitzaci\u00f3 d&#8217;espais lliures del grup d&#8217;habitatge p\u00fablic Plaza de la Ribera d&#8217;Alzira.<\/p>\n\n\n\n<p>Inicialment, aquest projecte comptava amb un pressupost estimat d&#8217;1.452.000 euros. No obstant aix\u00f2, l&#8217;arribada dels fons europeus Next Generation suposa un increment pressupostari en incorporar-se importants mesures d&#8217;estalvi energ\u00e8tic. Les obres s&#8217;han licitat per valor de 2.171.274 euros (IVA excl\u00f2s) i el termini d&#8217;execuci\u00f3 \u00e9s de 18 mesos.<\/p>\n\n\n\n<p>Es tracta d&#8217;un grup de promoci\u00f3 p\u00fablica que data de 1982 i est\u00e0 format per huit blocs de quatre altures que alberguen un total de 60 habitatges i cinc locals. El programa de regeneraci\u00f3 impulsat per Habitatge inclo\u00efa la demolici\u00f3 d&#8217;un dels blocs del grup, el n\u00famero 2, donat el seu deficient estat de conservaci\u00f3. Una actuaci\u00f3 que ja s&#8217;ha executat.<\/p>\n\n\n\n<p>La intervenci\u00f3 ara programada \u00e9s una oportunitat per a escometre la regeneraci\u00f3 total d&#8217;un entorn urb\u00e0 molt degradat, en una \u00e0rea perif\u00e8rica del municipi. Una actuaci\u00f3 basada en una eficient utilitzaci\u00f3 de recursos que permetr\u00e0 la posada en valor de l&#8217;arquitectura i del barri, millorant la qualitat de vida dels seus habitants.<\/p>\n\n\n\n<p><strong>Actuacions a desenvolupar<\/strong><\/p>\n\n\n\n<p>Aquesta actuaci\u00f3 permetr\u00e0 millorar l&#8217;accessibilitat a l&#8217;espai lliure i als edificis, donant soluci\u00f3 als escalons existents. Per a augmentar l&#8217;efici\u00e8ncia energ\u00e8tica dels immobles, s&#8217;instal\u00b7lar\u00e0 un nou sistema d&#8217;a\u00efllament t\u00e8rmic exterior i fusteria amb doble vidre.<\/p>\n\n\n\n<p>De la mateixa manera, es repararan les fa\u00e7anes i cobertes, s&#8217;adequaran els vest\u00edbuls, escales i replans de planta, i es dur\u00e0 a terme una renovaci\u00f3 completa de totes les instal\u00b7lacions de subministraments i xarxa de sanejament.<\/p>\n\n\n\n<p>El projecte tamb\u00e9 preveu la recuperaci\u00f3 de 15 habitatges assaltats. Una vegada reparats aquests immobles, s&#8217;adjudicaran en r\u00e8gim de lloguer social. Aix\u00ed mateix, es reformaran diversos locals situats en planta baixa per a convertir-los en tres habitatges adaptats per a persones amb discapacitat.<\/p>\n\n\n\n<p>Els treballs es completaran amb la reurbanitzaci\u00f3 de l&#8217;espai exterior del grup, adequant les zones de pas, creant \u00e0rees de joc i zones verdes, aix\u00ed com amb la millora de les instal\u00b7lacions urbanes.<\/p>\n\n\n\n<p>Per a obtindre informaci\u00f3 sobre la licitaci\u00f3 hauran de dirigir-se a la&nbsp;web de la EVha&nbsp;o en la Plataforma Contractaci\u00f3 de l&#8217;Estat. El termini per a la presentaci\u00f3 d&#8217;ofertes conclou el pr\u00f2xim 13 de maig.<\/p>\n\n\n\n<p>Recentment, la Conselleria tamb\u00e9 ha licitat les obres de rehabilitaci\u00f3 d&#8217;elements comuns i millora de l&#8217;efici\u00e8ncia energ\u00e8tica de l&#8217;edifici del carrer Ll\u00edria, 1-2-3-4, dins del grup d&#8217;habitatge p\u00fablic Sororitat de Torrent, per valor de 2.982.524 euros (IVA excl\u00f2s).<\/p>\n","protected":false},"excerpt":{"rendered":"<div class=\"mh-excerpt\">La Vicepresid\u00e8ncia Segona invertir\u00e0 m\u00e9s de 2,1 milions d&#8217;euros en aquest projecte de rehabilitaci\u00f3 i regeneraci\u00f3 urbana. El termini de presentaci\u00f3 d&#8217;ofertes finalitza el 13 de maig. La Vicepresid\u00e8ncia Segona i Conselleria de Serveis Socials, <a class=\"mh-excerpt-more\" href=\"https:\/\/www.tucomarca.com\/wordpress\/segunda\/ca\/habitatge-licita-les-obres-de-rehabilitacio-delements-comuns-i-habitatges-del-grup-plaza-de-la-ribera-dalzira\/\" title=\"Habitatge licita les obres de rehabilitaci\u00f3 d&#8217;elements comuns i habitatges del grup Plaza de la Ribera d&#8217;Alzira\">[+] <\/a><\/div>\n","protected":false},"author":12,"featured_media":123394,"comment_status":"open","ping_status":"open","sticky":false,"template":"","format":"standard","meta":{"footnotes":""},"categories":[10889,10948,10894,10902,10947,10896],"tags":[11192,11356],"class_list":{"0":"post-220130","1":"post","2":"type-post","3":"status-publish","4":"format-standard","5":"has-post-thumbnail","7":"category-alzira-cat","8":"category-infraestructuras-ca","9":"category-la-comarca-ca","10":"category-la-ribera-ca","11":"category-politica","12":"category-seccion-ca","13":"tag-alzira-ca","14":"tag-ribera-alta-ca"},"_links":{"self":[{"href":"https:\/\/www.tucomarca.com\/wordpress\/segunda\/ca\/wp-json\/wp\/v2\/posts\/220130","targetHints":{"allow":["GET"]}}],"collection":[{"href":"https:\/\/www.tucomarca.com\/wordpress\/segunda\/ca\/wp-json\/wp\/v2\/posts"}],"about":[{"href":"https:\/\/www.tucomarca.com\/wordpress\/segunda\/ca\/wp-json\/wp\/v2\/types\/post"}],"author":[{"embeddable":true,"href":"https:\/\/www.tucomarca.com\/wordpress\/segunda\/ca\/wp-json\/wp\/v2\/users\/12"}],"replies":[{"embeddable":true,"href":"https:\/\/www.tucomarca.com\/wordpress\/segunda\/ca\/wp-json\/wp\/v2\/comments?post=220130"}],"version-history":[{"count":0,"href":"https:\/\/www.tucomarca.com\/wordpress\/segunda\/ca\/wp-json\/wp\/v2\/posts\/220130\/revisions"}],"wp:featuredmedia":[{"embeddable":true,"href":"https:\/\/www.tucomarca.com\/wordpress\/segunda\/ca\/wp-json\/wp\/v2\/media\/123394"}],"wp:attachment":[{"href":"https:\/\/www.tucomarca.com\/wordpress\/segunda\/ca\/wp-json\/wp\/v2\/media?parent=220130"}],"wp:term":[{"taxonomy":"category","embeddable":true,"href":"https:\/\/www.tucomarca.com\/wordpress\/segunda\/ca\/wp-json\/wp\/v2\/categories?post=220130"},{"taxonomy":"post_tag","embeddable":true,"href":"https:\/\/www.tucomarca.com\/wordpress\/segunda\/ca\/wp-json\/wp\/v2\/tags?post=220130"}],"curies":[{"name":"wp","href":"https:\/\/api.w.org\/{rel}","templated":true}]}}