{"id":220135,"date":"2024-04-20T17:00:00","date_gmt":"2024-04-20T15:00:00","guid":{"rendered":"https:\/\/www.tucomarca.com\/wordpress\/segunda\/?p=220135"},"modified":"2024-04-21T22:05:17","modified_gmt":"2024-04-21T20:05:17","slug":"el-partit-popular-de-requena-defensa-les-actuacions-dels-organismes-que-intervenen-en-la-gestio-de-lincendi-de-labocador-de-sant-antoni","status":"publish","type":"post","link":"https:\/\/www.tucomarca.com\/wordpress\/segunda\/ca\/el-partit-popular-de-requena-defensa-les-actuacions-dels-organismes-que-intervenen-en-la-gestio-de-lincendi-de-labocador-de-sant-antoni\/","title":{"rendered":"El Partit Popular de Requena defensa les actuacions dels organismes que intervenen en la gesti\u00f3 de l&#8217;incendi de l&#8217;abocador de Sant Antoni"},"content":{"rendered":"\n<p><strong>El PSOE, per part seua, exigeix que es posen els mitjans necessaris per a apagar l&#8217;incendi en la planta de reciclatge<\/strong><\/p>\n\n\n\n<p>Davant les recents declaracions del PSOE, \u201cvolem expressar la nostra profunda preocupaci\u00f3 i desacord amb els seus comentaris irresponsables i infundats.<\/p>\n\n\n\n<p>\u00c9s completament inadmissible posar en dubte les actuacions de l&#8217;Ajuntament de Requena, dels professionals del Consorci de Bombers i dels t\u00e8cnics de les conselleries implicades. Mentre altres grups pol\u00edtics han demostrat inter\u00e9s i col\u00b7laboraci\u00f3, el PSOE ha optat per difondre informacions falses i insinuacions no ver\u00eddiques, generant por i inseguretat en la ciutadania\u201d denuncien des del Partit Popular de Requena.<\/p>\n\n\n\n<p>\u201cLes comunicacions emeses han sigut sempre consensuades amb totes les parts involucrades: conselleries, Consorci de Bombers i l&#8217;Ajuntament de Requena. Les mesures i recomanacions emeses per les conselleries s&#8217;han mantingut constants des de l&#8217;inici de l&#8217;incendi. En primer lloc, desmentir categ\u00f2ricament que no s&#8217;est\u00e0 informant adequadament sobre les mateixes a la ciudan\u00eda, simplement \u00e9s que no s&#8217;han modificat des de l&#8217;inici. Qualsevol canvi en la situaci\u00f3 es comunicaria de manera oportuna\u201d expressen.<\/p>\n\n\n\n<p>\u201cLa resta d&#8217;informacions que s&#8217;han em\u00e9s des del consistori han sigut simplement actualitzacions d&#8217;actuacions dutes a terme per aquests organismes, com que es poden consultar les dades de la qualitat de l&#8217;aire o preguntes i respostes que es pensen que podrien ajudar als ciutadans\u201d afigen.<\/p>\n\n\n\n<p>\u201cVolem deixar clar que des del primer dia, l&#8217;alcaldessa i els regidors han estat treballant incansablement per a garantir la seguretat i el benestar de tots els ciutadans. Han coordinat amb els professionals del Consorci de Bombers i de les conselleries per a assegurar una resposta adequada i eficient davant l&#8217;emerg\u00e8ncia de l&#8217;incendi. I han rebut felicitacions directes de tots els organismes per la seua actuaci\u00f3\u201d manifesten les fonts.&nbsp;<\/p>\n\n\n\n<p>El PSOE de Requena critica l&#8217;actuaci\u00f3 del govern municipal en la gesti\u00f3 de l&#8217;incendi<\/p>\n\n\n\n<p>\u201cHui dissabte hem tornat a comen\u00e7ar el dia amb una densa capa de fum t\u00f2xic que provoca que l&#8217;aire siga totalment irrespirable.<\/p>\n\n\n\n<p>Davant la callada per resposta de l&#8217;Ajuntament de Requena governat per PP i el Partit de Requena i Llogarets ( PRyA), que no mouen un dit m\u00e9s enll\u00e0 de suspendre les escoles esportives, el PSOE exigeix que es disposen immediatament dels mitjans necessaris per a apagar l&#8217;incendi de manera immediata a la Conselleria i la Diputaci\u00f3 de Val\u00e8ncia, totes dues governades pel PP. No podem acceptar unes declaracions no oficials que afirmen que el foc pot durar setmanes\u201d critiquen els socialistes de Requena.<\/p>\n\n\n\n<p>Des del PSOE \u201cno entenem com amb un aire irrespirable com el de hui, l&#8217;indicador de la p\u00e0gina web de Conselleria indica que la qualitat de l&#8217;aire \u00e9s \u201cRaonablement bona\u201d. Exigim informaci\u00f3 vera\u00e7 i que es mesuren els nivells de productes contaminants halogenats, ja que la combusti\u00f3 de pl\u00e0stics com el PVC, produeix gasos t\u00f2xics amb pres\u00e8ncia de clor que segons la web de qualitat ambiental, ni tan sols s&#8217;estan mesurant\u201d manifesten.<\/p>\n\n\n\n<p>\u201cEncara que siguem un municipi d&#8217;interior, mereixem que se&#8217;ns tracte amb respecte. Aix\u00ed mateix, considerem necessari que es realitze una investigaci\u00f3 que aclarisca l&#8217;origen de l&#8217;incendi i que, en cas que siga responsabilitat de l&#8217;empresa, se li traslladen tots els costos pels mitjans mobilitzats\u201d diuen els socialistes.<\/p>\n\n\n\n<p>Des del PSOE \u201cno pararem fins que s&#8217;aclarisca l&#8217;assumpte i se solucione una situaci\u00f3 que \u00e9s totalment insostenible\u201d.<\/p>\n\n\n\n<p>Informa, Luis Ib\u00e1\u00f1ez.<\/p>\n","protected":false},"excerpt":{"rendered":"<div class=\"mh-excerpt\">El PSOE, per part seua, exigeix que es posen els mitjans necessaris per a apagar l&#8217;incendi en la planta de reciclatge Davant les recents declaracions del PSOE, \u201cvolem expressar la nostra profunda preocupaci\u00f3 i desacord <a class=\"mh-excerpt-more\" href=\"https:\/\/www.tucomarca.com\/wordpress\/segunda\/ca\/el-partit-popular-de-requena-defensa-les-actuacions-dels-organismes-que-intervenen-en-la-gestio-de-lincendi-de-labocador-de-sant-antoni\/\" title=\"El Partit Popular de Requena defensa les actuacions dels organismes que intervenen en la gesti\u00f3 de l&#8217;incendi de l&#8217;abocador de Sant Antoni\">[+] <\/a><\/div>\n","protected":false},"author":13,"featured_media":219592,"comment_status":"open","ping_status":"open","sticky":false,"template":"","format":"standard","meta":{"footnotes":""},"categories":[10948,10894,10947,10909,11057,10896,10897],"tags":[10910,17318],"class_list":{"0":"post-220135","1":"post","2":"type-post","3":"status-publish","4":"format-standard","5":"has-post-thumbnail","7":"category-infraestructuras-ca","8":"category-la-comarca-ca","9":"category-politica","10":"category-requena-utiel-ca","11":"category-san-antonio-ca","12":"category-seccion-ca","13":"category-sucesos-la-comarca-ca","14":"tag-requena-utiel-ca","15":"tag-san-antonio-ca"},"_links":{"self":[{"href":"https:\/\/www.tucomarca.com\/wordpress\/segunda\/ca\/wp-json\/wp\/v2\/posts\/220135","targetHints":{"allow":["GET"]}}],"collection":[{"href":"https:\/\/www.tucomarca.com\/wordpress\/segunda\/ca\/wp-json\/wp\/v2\/posts"}],"about":[{"href":"https:\/\/www.tucomarca.com\/wordpress\/segunda\/ca\/wp-json\/wp\/v2\/types\/post"}],"author":[{"embeddable":true,"href":"https:\/\/www.tucomarca.com\/wordpress\/segunda\/ca\/wp-json\/wp\/v2\/users\/13"}],"replies":[{"embeddable":true,"href":"https:\/\/www.tucomarca.com\/wordpress\/segunda\/ca\/wp-json\/wp\/v2\/comments?post=220135"}],"version-history":[{"count":0,"href":"https:\/\/www.tucomarca.com\/wordpress\/segunda\/ca\/wp-json\/wp\/v2\/posts\/220135\/revisions"}],"wp:featuredmedia":[{"embeddable":true,"href":"https:\/\/www.tucomarca.com\/wordpress\/segunda\/ca\/wp-json\/wp\/v2\/media\/219592"}],"wp:attachment":[{"href":"https:\/\/www.tucomarca.com\/wordpress\/segunda\/ca\/wp-json\/wp\/v2\/media?parent=220135"}],"wp:term":[{"taxonomy":"category","embeddable":true,"href":"https:\/\/www.tucomarca.com\/wordpress\/segunda\/ca\/wp-json\/wp\/v2\/categories?post=220135"},{"taxonomy":"post_tag","embeddable":true,"href":"https:\/\/www.tucomarca.com\/wordpress\/segunda\/ca\/wp-json\/wp\/v2\/tags?post=220135"}],"curies":[{"name":"wp","href":"https:\/\/api.w.org\/{rel}","templated":true}]}}