{"id":220149,"date":"2024-04-22T08:00:00","date_gmt":"2024-04-22T06:00:00","guid":{"rendered":"https:\/\/www.tucomarca.com\/wordpress\/segunda\/?p=220149"},"modified":"2024-04-22T18:56:27","modified_gmt":"2024-04-22T16:56:27","slug":"la-produccio-de-cereals-a-requena-utiel-i-la-vall-daiora-cofrents-tornara-a-ser-escassa-per-la-sequera","status":"publish","type":"post","link":"https:\/\/www.tucomarca.com\/wordpress\/segunda\/ca\/la-produccio-de-cereals-a-requena-utiel-i-la-vall-daiora-cofrents-tornara-a-ser-escassa-per-la-sequera\/","title":{"rendered":"La producci\u00f3 de cereals a Requena-Utiel i la Vall d&#8217;Aiora-Cofrents tornar\u00e0 a ser escassa per la sequera"},"content":{"rendered":"\n<p>Els cereals han comen\u00e7at a espigolar a les comarques de Requena-Utiel i la Vall d&#8217;Aiora-Cofrents. Aquest cultiu est\u00e0 mostrant els efectes de la sequera, com un creixement dels sembrats molt inferior al considerat\u00a0 normal. <\/p>\n\n\n\n<p>Presenten millor aspecte en la part occidental de Requena-Utiel, que \u00e9s on m\u00e9s ha plogut, mentre que a la Vall d&#8217;Aiora tenen pitjor aspecte perqu\u00e8 \u00e9s on menys ha plogut.<\/p>\n\n\n\n<p>La producci\u00f3 de cereals en les dues comarques ser\u00e0 molt escassa, per tercer any consecutiu, per la falta de pluja. Informa,<strong> Luis Ib\u00e1\u00f1ez.<\/strong><\/p>\n","protected":false},"excerpt":{"rendered":"<div class=\"mh-excerpt\">Els cereals han comen\u00e7at a espigolar a les comarques de Requena-Utiel i la Vall d&#8217;Aiora-Cofrents. Aquest cultiu est\u00e0 mostrant els efectes de la sequera, com un creixement dels sembrats molt inferior al considerat\u00a0 normal. Presenten <a class=\"mh-excerpt-more\" href=\"https:\/\/www.tucomarca.com\/wordpress\/segunda\/ca\/la-produccio-de-cereals-a-requena-utiel-i-la-vall-daiora-cofrents-tornara-a-ser-escassa-per-la-sequera\/\" title=\"La producci\u00f3 de cereals a Requena-Utiel i la Vall d&#8217;Aiora-Cofrents tornar\u00e0 a ser escassa per la sequera\">[+] <\/a><\/div>\n","protected":false},"author":12,"featured_media":131627,"comment_status":"open","ping_status":"open","sticky":false,"template":"","format":"standard","meta":{"footnotes":""},"categories":[10905,10951,10898,10948,10894,10904,10909,10896],"tags":[11934,10910],"class_list":{"0":"post-220149","1":"post","2":"type-post","3":"status-publish","4":"format-standard","5":"has-post-thumbnail","7":"category-agricultura-la-comarca-ca","8":"category-ayora-cofrentes-ca","9":"category-ventana-ca","10":"category-infraestructuras-ca","11":"category-la-comarca-ca","12":"category-sin-categorizar-ca","13":"category-requena-utiel-ca","14":"category-seccion-ca","15":"tag-el-valle-de-ayora-cofrentes-ca","16":"tag-requena-utiel-ca"},"_links":{"self":[{"href":"https:\/\/www.tucomarca.com\/wordpress\/segunda\/ca\/wp-json\/wp\/v2\/posts\/220149","targetHints":{"allow":["GET"]}}],"collection":[{"href":"https:\/\/www.tucomarca.com\/wordpress\/segunda\/ca\/wp-json\/wp\/v2\/posts"}],"about":[{"href":"https:\/\/www.tucomarca.com\/wordpress\/segunda\/ca\/wp-json\/wp\/v2\/types\/post"}],"author":[{"embeddable":true,"href":"https:\/\/www.tucomarca.com\/wordpress\/segunda\/ca\/wp-json\/wp\/v2\/users\/12"}],"replies":[{"embeddable":true,"href":"https:\/\/www.tucomarca.com\/wordpress\/segunda\/ca\/wp-json\/wp\/v2\/comments?post=220149"}],"version-history":[{"count":0,"href":"https:\/\/www.tucomarca.com\/wordpress\/segunda\/ca\/wp-json\/wp\/v2\/posts\/220149\/revisions"}],"wp:featuredmedia":[{"embeddable":true,"href":"https:\/\/www.tucomarca.com\/wordpress\/segunda\/ca\/wp-json\/wp\/v2\/media\/131627"}],"wp:attachment":[{"href":"https:\/\/www.tucomarca.com\/wordpress\/segunda\/ca\/wp-json\/wp\/v2\/media?parent=220149"}],"wp:term":[{"taxonomy":"category","embeddable":true,"href":"https:\/\/www.tucomarca.com\/wordpress\/segunda\/ca\/wp-json\/wp\/v2\/categories?post=220149"},{"taxonomy":"post_tag","embeddable":true,"href":"https:\/\/www.tucomarca.com\/wordpress\/segunda\/ca\/wp-json\/wp\/v2\/tags?post=220149"}],"curies":[{"name":"wp","href":"https:\/\/api.w.org\/{rel}","templated":true}]}}