{"id":220178,"date":"2024-04-22T13:00:00","date_gmt":"2024-04-22T11:00:00","guid":{"rendered":"https:\/\/www.tucomarca.com\/wordpress\/segunda\/?p=220178"},"modified":"2024-04-22T18:48:37","modified_gmt":"2024-04-22T16:48:37","slug":"millars-prepara-el-seu-trail-amb-sendes-i-vistes-espectaculars","status":"publish","type":"post","link":"https:\/\/www.tucomarca.com\/wordpress\/segunda\/ca\/millars-prepara-el-seu-trail-amb-sendes-i-vistes-espectaculars\/","title":{"rendered":"Millars prepara el seu Trail amb sendes i vistes espectaculars"},"content":{"rendered":"\n<p>El 12 de de maig se celebrar\u00e0 el Trail Millars, recorreguts amb unes sendes i unes vistes espectaculars. El Trail comptar\u00e0 amb dues dist\u00e0ncies i una caminada, perqu\u00e8 els senderistes puguen descobrir un entorn id\u00edl\u00b7lic d&#8217;aquesta poblaci\u00f3 amb un atractiu paisatg\u00edstic i natural molt recomanable.<\/p>\n\n\n\n<p>La carrera tindr\u00e0 un recorregut de 24k totalment nou, espectacular i amb unes meravelloses vistes. els participants poden inscriure&#8217;s en aquestes tres modalitat en la p\u00e0gina www.cronorunner:<\/p>\n\n\n\n<ul class=\"wp-block-list\">\n<li>24k +1085m<\/li>\n\n\n\n<li>14k +605m<\/li>\n\n\n\n<li>10k +285m (caminada)<\/li>\n<\/ul>\n","protected":false},"excerpt":{"rendered":"<div class=\"mh-excerpt\">El 12 de de maig se celebrar\u00e0 el Trail Millars, recorreguts amb unes sendes i unes vistes espectaculars. El Trail comptar\u00e0 amb dues dist\u00e0ncies i una caminada, perqu\u00e8 els senderistes puguen descobrir un entorn id\u00edl\u00b7lic <a class=\"mh-excerpt-more\" href=\"https:\/\/www.tucomarca.com\/wordpress\/segunda\/ca\/millars-prepara-el-seu-trail-amb-sendes-i-vistes-espectaculars\/\" title=\"Millars prepara el seu Trail amb sendes i vistes espectaculars\">[+] <\/a><\/div>\n","protected":false},"author":12,"featured_media":220177,"comment_status":"open","ping_status":"open","sticky":false,"template":"","format":"standard","meta":{"footnotes":""},"categories":[11019,11018,11003,10963,10894,10970,10896],"tags":[11094,11186,20551],"class_list":{"0":"post-220178","1":"post","2":"type-post","3":"status-publish","4":"format-standard","5":"has-post-thumbnail","7":"category-agenda-ca","8":"category-atletisme","9":"category-sports","10":"category-la-canal-de-navarres-ca","11":"category-la-comarca-ca","12":"category-millares-ca","13":"category-seccion-ca","14":"tag-la-canal-de-navarres","15":"tag-millares-ca","16":"tag-trail-de-millares-ca"},"_links":{"self":[{"href":"https:\/\/www.tucomarca.com\/wordpress\/segunda\/ca\/wp-json\/wp\/v2\/posts\/220178","targetHints":{"allow":["GET"]}}],"collection":[{"href":"https:\/\/www.tucomarca.com\/wordpress\/segunda\/ca\/wp-json\/wp\/v2\/posts"}],"about":[{"href":"https:\/\/www.tucomarca.com\/wordpress\/segunda\/ca\/wp-json\/wp\/v2\/types\/post"}],"author":[{"embeddable":true,"href":"https:\/\/www.tucomarca.com\/wordpress\/segunda\/ca\/wp-json\/wp\/v2\/users\/12"}],"replies":[{"embeddable":true,"href":"https:\/\/www.tucomarca.com\/wordpress\/segunda\/ca\/wp-json\/wp\/v2\/comments?post=220178"}],"version-history":[{"count":0,"href":"https:\/\/www.tucomarca.com\/wordpress\/segunda\/ca\/wp-json\/wp\/v2\/posts\/220178\/revisions"}],"wp:featuredmedia":[{"embeddable":true,"href":"https:\/\/www.tucomarca.com\/wordpress\/segunda\/ca\/wp-json\/wp\/v2\/media\/220177"}],"wp:attachment":[{"href":"https:\/\/www.tucomarca.com\/wordpress\/segunda\/ca\/wp-json\/wp\/v2\/media?parent=220178"}],"wp:term":[{"taxonomy":"category","embeddable":true,"href":"https:\/\/www.tucomarca.com\/wordpress\/segunda\/ca\/wp-json\/wp\/v2\/categories?post=220178"},{"taxonomy":"post_tag","embeddable":true,"href":"https:\/\/www.tucomarca.com\/wordpress\/segunda\/ca\/wp-json\/wp\/v2\/tags?post=220178"}],"curies":[{"name":"wp","href":"https:\/\/api.w.org\/{rel}","templated":true}]}}