{"id":220259,"date":"2024-04-22T12:35:00","date_gmt":"2024-04-22T10:35:00","guid":{"rendered":"https:\/\/www.tucomarca.com\/wordpress\/segunda\/?p=220259"},"modified":"2024-04-22T20:54:27","modified_gmt":"2024-04-22T18:54:27","slug":"la-sim-la-primitiva-dalboraig-celebra-el-seu-concert-de-primavera","status":"publish","type":"post","link":"https:\/\/www.tucomarca.com\/wordpress\/segunda\/ca\/la-sim-la-primitiva-dalboraig-celebra-el-seu-concert-de-primavera\/","title":{"rendered":"La SIM &#8220;La Primitiva&#8221; d&#8217;Alboraig celebra el seu Concert de Primavera"},"content":{"rendered":"\n<p>El Sal\u00f3 Musical d&#8217;Alboraig ha sigut l&#8217;escenari del Concert de Primavera oferit el passat 13 d&#8217;abril per la SIM La Primitiva, dirigida pel seu&nbsp; director titular, Francisco Perell\u00f3 Ald\u00e1s.<\/p>\n\n\n\n<p>El concert t\u00e9 el patrocini de la Diputaci\u00f3 de Val\u00e8ncia en la seua campanya Excel\u2022lent d&#8217;ajudes a les societats musicals.<\/p>\n\n\n\n<p>El variat programa del concert va comptar amb les seg\u00fcents obres:<\/p>\n\n\n\n<p><strong>La Morenica (PD)<\/strong> de Manuel Carrascosa. (Bu\u00f1oll)<\/p>\n\n\n\n<p><strong>Concierto N\u00ba 1 Clarinete<\/strong> de Weber (Alemania). Clarinet Solista: Ingrid Perell\u00f3 Hern\u00e1ndez.<\/p>\n\n\n\n<ul class=\"wp-block-list\">\n<li>I. Allegro Moderato.<\/li>\n\n\n\n<li>II. Rondo.<\/li>\n<\/ul>\n\n\n\n<p><strong>Mourceau Symphonique <\/strong>de A. Guilmant (Francia). Tromb\u00f3 Solista: Yago Roig Varea.<\/p>\n\n\n\n<p><strong>Concierto de Trompeta<\/strong> de A. Arutiunian (Armenia). Trompeta Solista. Akemi Navarro Pall\u00e1s.<\/p>\n\n\n\n<p><strong>Utop\u00eda<\/strong> de J. de Haan (Pa\u00edses Bajos).<\/p>\n\n\n\n<p>Himno de Alborache de Jaime \u00c1lvarez (Alborache).<\/p>\n\n\n\n<p>Fotos: <strong>Mar\u00eda Mart\u00ednez<\/strong>.<\/p>\n\n\n\n<figure class=\"wp-block-gallery has-nested-images columns-2 is-cropped wp-block-gallery-1 is-layout-flex wp-block-gallery-is-layout-flex\">\n<figure class=\"wp-block-image size-large\"><img loading=\"lazy\" decoding=\"async\" width=\"886\" height=\"498\" data-id=\"220250\" src=\"https:\/\/www.tucomarca.com\/wordpress\/segunda\/wp-content\/uploads\/2024\/04\/AlboracheConcierto3.jpg\" alt=\"\" class=\"wp-image-220250\" srcset=\"https:\/\/www.tucomarca.com\/wordpress\/segunda\/wp-content\/uploads\/2024\/04\/AlboracheConcierto3.jpg 886w, https:\/\/www.tucomarca.com\/wordpress\/segunda\/wp-content\/uploads\/2024\/04\/AlboracheConcierto3-300x169.jpg 300w, https:\/\/www.tucomarca.com\/wordpress\/segunda\/wp-content\/uploads\/2024\/04\/AlboracheConcierto3-768x432.jpg 768w, https:\/\/www.tucomarca.com\/wordpress\/segunda\/wp-content\/uploads\/2024\/04\/AlboracheConcierto3-678x381.jpg 678w\" sizes=\"auto, (max-width: 886px) 100vw, 886px\" \/><\/figure>\n\n\n\n<figure class=\"wp-block-image size-large\"><img loading=\"lazy\" decoding=\"async\" width=\"886\" height=\"498\" data-id=\"220252\" src=\"https:\/\/www.tucomarca.com\/wordpress\/segunda\/wp-content\/uploads\/2024\/04\/AlboracheConcierto4.jpg\" alt=\"\" class=\"wp-image-220252\" srcset=\"https:\/\/www.tucomarca.com\/wordpress\/segunda\/wp-content\/uploads\/2024\/04\/AlboracheConcierto4.jpg 886w, https:\/\/www.tucomarca.com\/wordpress\/segunda\/wp-content\/uploads\/2024\/04\/AlboracheConcierto4-300x169.jpg 300w, https:\/\/www.tucomarca.com\/wordpress\/segunda\/wp-content\/uploads\/2024\/04\/AlboracheConcierto4-768x432.jpg 768w, https:\/\/www.tucomarca.com\/wordpress\/segunda\/wp-content\/uploads\/2024\/04\/AlboracheConcierto4-678x381.jpg 678w\" sizes=\"auto, (max-width: 886px) 100vw, 886px\" \/><\/figure>\n\n\n\n<figure class=\"wp-block-image size-large\"><img loading=\"lazy\" decoding=\"async\" width=\"886\" height=\"498\" data-id=\"220254\" src=\"https:\/\/www.tucomarca.com\/wordpress\/segunda\/wp-content\/uploads\/2024\/04\/AlboracheConcierto1.jpg\" alt=\"\" class=\"wp-image-220254\" srcset=\"https:\/\/www.tucomarca.com\/wordpress\/segunda\/wp-content\/uploads\/2024\/04\/AlboracheConcierto1.jpg 886w, https:\/\/www.tucomarca.com\/wordpress\/segunda\/wp-content\/uploads\/2024\/04\/AlboracheConcierto1-300x169.jpg 300w, https:\/\/www.tucomarca.com\/wordpress\/segunda\/wp-content\/uploads\/2024\/04\/AlboracheConcierto1-768x432.jpg 768w, https:\/\/www.tucomarca.com\/wordpress\/segunda\/wp-content\/uploads\/2024\/04\/AlboracheConcierto1-678x381.jpg 678w\" sizes=\"auto, (max-width: 886px) 100vw, 886px\" \/><\/figure>\n<\/figure>\n","protected":false},"excerpt":{"rendered":"<div class=\"mh-excerpt\">El Sal\u00f3 Musical d&#8217;Alboraig ha sigut l&#8217;escenari del Concert de Primavera oferit el passat 13 d&#8217;abril per la SIM La Primitiva, dirigida pel seu&nbsp; director titular, Francisco Perell\u00f3 Ald\u00e1s. El concert t\u00e9 el patrocini de <a class=\"mh-excerpt-more\" href=\"https:\/\/www.tucomarca.com\/wordpress\/segunda\/ca\/la-sim-la-primitiva-dalboraig-celebra-el-seu-concert-de-primavera\/\" title=\"La SIM &#8220;La Primitiva&#8221; d&#8217;Alboraig celebra el seu Concert de Primavera\">[+] <\/a><\/div>\n","protected":false},"author":12,"featured_media":220257,"comment_status":"open","ping_status":"open","sticky":false,"template":"","format":"gallery","meta":{"footnotes":""},"categories":[10973,11005,10894,10912,11007,10896],"tags":[11224,10914,14565],"class_list":{"0":"post-220259","1":"post","2":"type-post","3":"status-publish","4":"format-gallery","5":"has-post-thumbnail","7":"category-alborache-ca","8":"category-canal-musica","9":"category-la-comarca-ca","10":"category-la-hoya-ca","11":"category-ocio-y-cultura-ca","12":"category-seccion-ca","13":"tag-alborache-ca","14":"tag-la-hoya-de-bunol-chiva-ca","15":"tag-sim-la-primitiva-de-alborache-2-ca","16":"post_format-post-format-gallery"},"_links":{"self":[{"href":"https:\/\/www.tucomarca.com\/wordpress\/segunda\/ca\/wp-json\/wp\/v2\/posts\/220259","targetHints":{"allow":["GET"]}}],"collection":[{"href":"https:\/\/www.tucomarca.com\/wordpress\/segunda\/ca\/wp-json\/wp\/v2\/posts"}],"about":[{"href":"https:\/\/www.tucomarca.com\/wordpress\/segunda\/ca\/wp-json\/wp\/v2\/types\/post"}],"author":[{"embeddable":true,"href":"https:\/\/www.tucomarca.com\/wordpress\/segunda\/ca\/wp-json\/wp\/v2\/users\/12"}],"replies":[{"embeddable":true,"href":"https:\/\/www.tucomarca.com\/wordpress\/segunda\/ca\/wp-json\/wp\/v2\/comments?post=220259"}],"version-history":[{"count":0,"href":"https:\/\/www.tucomarca.com\/wordpress\/segunda\/ca\/wp-json\/wp\/v2\/posts\/220259\/revisions"}],"wp:featuredmedia":[{"embeddable":true,"href":"https:\/\/www.tucomarca.com\/wordpress\/segunda\/ca\/wp-json\/wp\/v2\/media\/220257"}],"wp:attachment":[{"href":"https:\/\/www.tucomarca.com\/wordpress\/segunda\/ca\/wp-json\/wp\/v2\/media?parent=220259"}],"wp:term":[{"taxonomy":"category","embeddable":true,"href":"https:\/\/www.tucomarca.com\/wordpress\/segunda\/ca\/wp-json\/wp\/v2\/categories?post=220259"},{"taxonomy":"post_tag","embeddable":true,"href":"https:\/\/www.tucomarca.com\/wordpress\/segunda\/ca\/wp-json\/wp\/v2\/tags?post=220259"}],"curies":[{"name":"wp","href":"https:\/\/api.w.org\/{rel}","templated":true}]}}