{"id":220437,"date":"2024-04-23T10:55:00","date_gmt":"2024-04-23T08:55:00","guid":{"rendered":"https:\/\/www.tucomarca.com\/wordpress\/segunda\/?p=220437"},"modified":"2024-04-23T20:41:58","modified_gmt":"2024-04-23T18:41:58","slug":"la-diputacio-de-valencia-reconeix-a-42-comercos-en-els-premis-de-lus-del-valencia-en-el-comerc-local","status":"publish","type":"post","link":"https:\/\/www.tucomarca.com\/wordpress\/segunda\/ca\/la-diputacio-de-valencia-reconeix-a-42-comercos-en-els-premis-de-lus-del-valencia-en-el-comerc-local\/","title":{"rendered":"La Diputaci\u00f3 de Val\u00e8ncia reconeix a 42 comer\u00e7os en els premis de \u2018L\u2019\u00fas del valenci\u00e0 en el comer\u00e7 local\u2019"},"content":{"rendered":"\n<h3 class=\"wp-block-heading\">La corporaci\u00f3 provincial premia a comer\u00e7os de diferents municipis valencians per \u201cla seua aposta, valentia i determinaci\u00f3 en l&#8217;\u00fas de la nostra llengua\u201d, ha destacat Momp\u00f3<\/h3>\n\n\n\n<h3 class=\"wp-block-heading\">El president de la Diputaci\u00f3 defensa que estes distincions \u201ccontribu\u00efxen a revitalitzar i normalitzar l&#8217;\u00fas del valenci\u00e0 en totes les esferes\u201d<\/h3>\n\n\n\n<p>La Diputaci\u00f3 de Val\u00e8ncia ha entregat els premis de \u2018L\u00fas del valenci\u00e0 en el comer\u00e7 local\u2019 a 42 establiments de diferents municipis de la prov\u00edncia. En esta quarta edici\u00f3 dels premis s&#8217;han adherit 24 ajuntaments, que han organitzat la convocat\u00f2ria en cada localitat amb ajuda de la corporaci\u00f3 provincial, i que este mat\u00ed han acompanyat als seus comer\u00e7os per a recollir estos guardons en la Diputaci\u00f3.<\/p>\n\n\n\n<p>El president de la Diputaci\u00f3, Vicent Momp\u00f3, ha agra\u00eft la seua participaci\u00f3 tant als consistoris com als comer\u00e7os per \u201cla seua aposta, valentia i determinaci\u00f3 en l&#8217;\u00fas de la nostra llengua\u201d. \u201cLa intenci\u00f3 \u00e9s sumar nous establiments a esta causa perqu\u00e8 no s&#8217;ent\u00e9n que siguem valencianoparlants a casa o amb els nostres companys de treball i despr\u00e9s canviem d&#8217;idioma a les botigues, per exemple; \u00e9s una q\u00fcesti\u00f3 que ens preocupa molt\u201d, ha assegurat.<\/p>\n\n\n\n<p>En la mateixa l\u00ednia, ha esgrimit Momp\u00f3, \u201csi volem que les futures generacions continuen disfrutant de la nostra riquesa ling\u00fc\u00edstica, hem de treballar per a integrar el seu \u00fas en els nostres entorns habituals, les institucions hem de treballar unides per a impulsar m\u00e9s iniciatives com estos guardons, per a revitalitzar i normalitzar l&#8217;\u00fas del valenci\u00e0 en totes les esferes\u201d. Per aix\u00f2, ha asseverat, \u201cen esta casa sempre ens trobareu protegint, difonent i utilitzant el valenci\u00e0, sense fissures, sense imposicions, treballant des del respecte i en positiu\u201d.<\/p>\n\n\n\n<p>Per part seua, la responsable de la Unitat de Normalitzaci\u00f3 Ling\u00fc\u00edstica de la Diputaci\u00f3 de Val\u00e8ncia, Imma Cerd\u00e0, ha subratllat que \u201cparlar la llengua pr\u00f2pia del nostre poble s&#8217;hauria de considerar normal\u201d. \u201cHui agra\u00efm i distingim a eixos comer\u00e7os que creen eixos entorns amables per a la nostra llengua, botigues i empreses que fan de la proximitat del valenci\u00e0, senyal de qualitat\u201d, ha explicat.<\/p>\n\n\n\n<p>Els ajuntaments que han volgut participar en la convocat\u00f2ria del 2024 han tingut fins al 5 d&#8217;abril per a adherir-se a esta l\u00ednia de subvencions amb la finalitat d&#8217;organitzar estos premis a l&#8217;\u00fas del valenci\u00e0 en el comer\u00e7 local.<\/p>\n","protected":false},"excerpt":{"rendered":"<div class=\"mh-excerpt\">La corporaci\u00f3 provincial premia a comer\u00e7os de diferents municipis valencians per \u201cla seua aposta, valentia i determinaci\u00f3 en l&#8217;\u00fas de la nostra llengua\u201d, ha destacat Momp\u00f3 El president de la Diputaci\u00f3 defensa que estes distincions <a class=\"mh-excerpt-more\" href=\"https:\/\/www.tucomarca.com\/wordpress\/segunda\/ca\/la-diputacio-de-valencia-reconeix-a-42-comercos-en-els-premis-de-lus-del-valencia-en-el-comerc-local\/\" title=\"La Diputaci\u00f3 de Val\u00e8ncia reconeix a 42 comer\u00e7os en els premis de \u2018L\u2019\u00fas del valenci\u00e0 en el comer\u00e7 local\u2019\">[+] <\/a><\/div>\n","protected":false},"author":12,"featured_media":220435,"comment_status":"open","ping_status":"open","sticky":false,"template":"","format":"standard","meta":{"footnotes":""},"categories":[10898,10993,10948,10894,10902,10947,10896,11047],"tags":[11246,11356,11093],"class_list":{"0":"post-220437","1":"post","2":"type-post","3":"status-publish","4":"format-standard","5":"has-post-thumbnail","7":"category-ventana-ca","8":"category-gavarda-ca","9":"category-infraestructuras-ca","10":"category-la-comarca-ca","11":"category-la-ribera-ca","12":"category-politica","13":"category-seccion-ca","14":"category-turis-ca","15":"tag-diputacio-de-valencia-ca","16":"tag-ribera-alta-ca","17":"tag-turis-ca"},"_links":{"self":[{"href":"https:\/\/www.tucomarca.com\/wordpress\/segunda\/ca\/wp-json\/wp\/v2\/posts\/220437","targetHints":{"allow":["GET"]}}],"collection":[{"href":"https:\/\/www.tucomarca.com\/wordpress\/segunda\/ca\/wp-json\/wp\/v2\/posts"}],"about":[{"href":"https:\/\/www.tucomarca.com\/wordpress\/segunda\/ca\/wp-json\/wp\/v2\/types\/post"}],"author":[{"embeddable":true,"href":"https:\/\/www.tucomarca.com\/wordpress\/segunda\/ca\/wp-json\/wp\/v2\/users\/12"}],"replies":[{"embeddable":true,"href":"https:\/\/www.tucomarca.com\/wordpress\/segunda\/ca\/wp-json\/wp\/v2\/comments?post=220437"}],"version-history":[{"count":0,"href":"https:\/\/www.tucomarca.com\/wordpress\/segunda\/ca\/wp-json\/wp\/v2\/posts\/220437\/revisions"}],"wp:featuredmedia":[{"embeddable":true,"href":"https:\/\/www.tucomarca.com\/wordpress\/segunda\/ca\/wp-json\/wp\/v2\/media\/220435"}],"wp:attachment":[{"href":"https:\/\/www.tucomarca.com\/wordpress\/segunda\/ca\/wp-json\/wp\/v2\/media?parent=220437"}],"wp:term":[{"taxonomy":"category","embeddable":true,"href":"https:\/\/www.tucomarca.com\/wordpress\/segunda\/ca\/wp-json\/wp\/v2\/categories?post=220437"},{"taxonomy":"post_tag","embeddable":true,"href":"https:\/\/www.tucomarca.com\/wordpress\/segunda\/ca\/wp-json\/wp\/v2\/tags?post=220437"}],"curies":[{"name":"wp","href":"https:\/\/api.w.org\/{rel}","templated":true}]}}