{"id":220454,"date":"2024-04-23T10:25:00","date_gmt":"2024-04-23T08:25:00","guid":{"rendered":"https:\/\/www.tucomarca.com\/wordpress\/segunda\/?p=220454"},"modified":"2024-04-23T20:52:10","modified_gmt":"2024-04-23T18:52:10","slug":"el-cd-bunyol-jugara-la-seua-segona-final-de-la-nostra-copa-contra-el-manises-cf-a-leliana-l1-de-maig","status":"publish","type":"post","link":"https:\/\/www.tucomarca.com\/wordpress\/segunda\/ca\/el-cd-bunyol-jugara-la-seua-segona-final-de-la-nostra-copa-contra-el-manises-cf-a-leliana-l1-de-maig\/","title":{"rendered":"El CD Bunyol jugar\u00e0 la seua segona final de La Nostra Copa contra el Manises CF a L&#8217;Eliana l&#8217;1 de maig"},"content":{"rendered":"\n<p>El pr\u00f2xim 1 de maig, el&nbsp;Manises CF&nbsp;i el&nbsp;CD Bunyol&nbsp;disputaran en el&nbsp;Poliesportiu Municipal de L&#8217;Eliana la final de la tercera edici\u00f3 de La Nostra Copa masculina de futbol.<\/p>\n\n\n\n<p>A les 19,00 hores comen\u00e7ar\u00e0 el duel que determinar\u00e0 el successor del CD&nbsp; Soneja&nbsp;com a campi\u00f3 d&#8217;aquesta reeixida competici\u00f3, que t\u00e9 com a premi disputar la primera ronda de la&nbsp;Copa d&#8217;SM el Rei&nbsp;de la temporada que ve.<\/p>\n\n\n\n<p>El CD Bunyol jugar\u00e0 va empatar a zero les dues trobades de les semifinals enfront del Santa Pola CF i van accedir a la final en els llan\u00e7aments des dels onze metres. El club repetir\u00e0 per segon any consecutiu en la final de La Nostra Copa.<\/p>\n\n\n\n<p>CD Bunyol i Manises CF han superat ja cinc eliminat\u00f2ries per a arribar fins a la final. Tan sols un partit els separa de jugar l&#8217;any que ve la Copa de S. M. El Rei.<\/p>\n\n\n\n<p><strong>Mateix sistema de competici\u00f3 que en anteriors edicions<\/strong><\/p>\n\n\n\n<p>La&nbsp;Circular n\u00fam. 10 de la FFCV&nbsp;regula la competici\u00f3 durant aquesta temporada 23-24. Inspirada en la&nbsp;FA CUP anglesa, i amb l&#8217;objectiu de possibilitar el somni d&#8217;enfrontar-se a un&nbsp;Primera Divisi\u00f3&nbsp;en competici\u00f3 oficial a qualsevol conjunt per modest que aquest siga, aquesta copa porta ja dues temporades omplint camps en el futbol m\u00e9s humil i il\u00b7lusionant a plantilles, aficions i localitats de tota la&nbsp;Comunitat Valenciana.<\/p>\n","protected":false},"excerpt":{"rendered":"<div class=\"mh-excerpt\">El pr\u00f2xim 1 de maig, el&nbsp;Manises CF&nbsp;i el&nbsp;CD Bunyol&nbsp;disputaran en el&nbsp;Poliesportiu Municipal de L&#8217;Eliana la final de la tercera edici\u00f3 de La Nostra Copa masculina de futbol. A les 19,00 hores comen\u00e7ar\u00e0 el duel que <a class=\"mh-excerpt-more\" href=\"https:\/\/www.tucomarca.com\/wordpress\/segunda\/ca\/el-cd-bunyol-jugara-la-seua-segona-final-de-la-nostra-copa-contra-el-manises-cf-a-leliana-l1-de-maig\/\" title=\"El CD Bunyol jugar\u00e0 la seua segona final de La Nostra Copa contra el Manises CF a L&#8217;Eliana l&#8217;1 de maig\">[+] <\/a><\/div>\n","protected":false},"author":12,"featured_media":187085,"comment_status":"open","ping_status":"open","sticky":false,"template":"","format":"standard","meta":{"footnotes":""},"categories":[10911,11015,11003,10894,10912,10896],"tags":[10913,11126,10914,18696],"class_list":{"0":"post-220454","1":"post","2":"type-post","3":"status-publish","4":"format-standard","5":"has-post-thumbnail","7":"category-bunol-ca","8":"category-canal-futbol","9":"category-sports","10":"category-la-comarca-ca","11":"category-la-hoya-ca","12":"category-seccion-ca","13":"tag-bunol-ca","14":"tag-cd-bunol-ca","15":"tag-la-hoya-de-bunol-chiva-ca","16":"tag-la-nostra-copa-ca"},"_links":{"self":[{"href":"https:\/\/www.tucomarca.com\/wordpress\/segunda\/ca\/wp-json\/wp\/v2\/posts\/220454","targetHints":{"allow":["GET"]}}],"collection":[{"href":"https:\/\/www.tucomarca.com\/wordpress\/segunda\/ca\/wp-json\/wp\/v2\/posts"}],"about":[{"href":"https:\/\/www.tucomarca.com\/wordpress\/segunda\/ca\/wp-json\/wp\/v2\/types\/post"}],"author":[{"embeddable":true,"href":"https:\/\/www.tucomarca.com\/wordpress\/segunda\/ca\/wp-json\/wp\/v2\/users\/12"}],"replies":[{"embeddable":true,"href":"https:\/\/www.tucomarca.com\/wordpress\/segunda\/ca\/wp-json\/wp\/v2\/comments?post=220454"}],"version-history":[{"count":0,"href":"https:\/\/www.tucomarca.com\/wordpress\/segunda\/ca\/wp-json\/wp\/v2\/posts\/220454\/revisions"}],"wp:featuredmedia":[{"embeddable":true,"href":"https:\/\/www.tucomarca.com\/wordpress\/segunda\/ca\/wp-json\/wp\/v2\/media\/187085"}],"wp:attachment":[{"href":"https:\/\/www.tucomarca.com\/wordpress\/segunda\/ca\/wp-json\/wp\/v2\/media?parent=220454"}],"wp:term":[{"taxonomy":"category","embeddable":true,"href":"https:\/\/www.tucomarca.com\/wordpress\/segunda\/ca\/wp-json\/wp\/v2\/categories?post=220454"},{"taxonomy":"post_tag","embeddable":true,"href":"https:\/\/www.tucomarca.com\/wordpress\/segunda\/ca\/wp-json\/wp\/v2\/tags?post=220454"}],"curies":[{"name":"wp","href":"https:\/\/api.w.org\/{rel}","templated":true}]}}