{"id":220866,"date":"2024-04-26T10:45:00","date_gmt":"2024-04-26T08:45:00","guid":{"rendered":"https:\/\/www.tucomarca.com\/wordpress\/segunda\/?p=220866"},"modified":"2024-04-26T20:06:31","modified_gmt":"2024-04-26T18:06:31","slug":"tot-llest-a-bunyol-per-a-acollir-la-marxa-mountainbike-del-circuit-de-la-diputacio-i-la-segona-etapa-de-la-volta-ciclista-a-espanya-femenina","status":"publish","type":"post","link":"https:\/\/www.tucomarca.com\/wordpress\/segunda\/ca\/tot-llest-a-bunyol-per-a-acollir-la-marxa-mountainbike-del-circuit-de-la-diputacio-i-la-segona-etapa-de-la-volta-ciclista-a-espanya-femenina\/","title":{"rendered":"Tot llest a Bunyol per a acollir la Marxa Mountainbike del Circuit de la Diputaci\u00f3 i la segona etapa de la Volta Ciclista a Espanya Femenina"},"content":{"rendered":"\n<h3 class=\"wp-block-heading\">Bunyol est\u00e0 preparat per a acollir la Marxa Mountainbike del Circuit de la Diputaci\u00f3 de Val\u00e8ncia que tindr\u00e0 lloc el diumenge i la Volta Ciclista a Espanya Femenina que desenvolupar\u00e0 la seua segona etapa dilluns que ve<\/h3>\n\n\n\n<p>L&#8217;Ajuntament de Bunyol ultima els detalls per a acollir una de les grans cites esportives del calendari ciclista espanyol: la Volta Ciclista a Espanya Femenina, la segona etapa de la qual partir\u00e0 de Bunyol dilluns que ve dia 29 d&#8217;abril. Ulisses Araujo, regidor d&#8217;Esports de l&#8217;Ajuntament de Bunyol, informa dels dos grans esdeveniments esportius que tindran lloc aquest cap de setmana en la localitat. \u201cEl nostre municipi ser\u00e0 l&#8217;epicentre del ciclisme aquest cap de setmana. Per primera vegada en la hist\u00f2ria albergar\u00e0 una etapa de la Volta Ciclista a Espanya Femenina\u201d.\u00a0<\/p>\n\n\n<div class=\"wp-block-image\">\n<figure class=\"alignleft size-large is-resized\"><img loading=\"lazy\" decoding=\"async\" width=\"683\" height=\"1024\" src=\"http:\/\/www.tucomarca.com\/wordpress\/segunda\/wp-content\/uploads\/2024\/04\/VueltaCiclistaFemenina-683x1024.jpg\" alt=\"\" class=\"wp-image-220862\" style=\"width:349px;height:auto\" srcset=\"https:\/\/www.tucomarca.com\/wordpress\/segunda\/wp-content\/uploads\/2024\/04\/VueltaCiclistaFemenina-683x1024.jpg 683w, https:\/\/www.tucomarca.com\/wordpress\/segunda\/wp-content\/uploads\/2024\/04\/VueltaCiclistaFemenina-200x300.jpg 200w, https:\/\/www.tucomarca.com\/wordpress\/segunda\/wp-content\/uploads\/2024\/04\/VueltaCiclistaFemenina-768x1152.jpg 768w, https:\/\/www.tucomarca.com\/wordpress\/segunda\/wp-content\/uploads\/2024\/04\/VueltaCiclistaFemenina.jpg 886w\" sizes=\"auto, (max-width: 683px) 100vw, 683px\" \/><\/figure>\n<\/div>\n\n\n<p>La Volta Ciclista a Espanya Femenina \u00e9s la cita l\u00edder en el calendari del ciclisme nacional i mundial. \u00c9s la segona edici\u00f3 i participen les millors ciclistes mundials. \u201cDes de l&#8217;organitzaci\u00f3 de La Volta la seua intenci\u00f3 \u00e9s equiparar-la a la masculina en tots els sentits, ja que a nivell del muntatge de l&#8217;eixida \u00e9s totalment id\u00e8ntica\u201d, confirma Araujo. A m\u00e9s, com en la masculina, RTVE retransmet cada etapa en directe pel que Bunyol ser\u00e0 vist per tot el nostre territori per l&#8217;aire i a trav\u00e9s de les unitats m\u00f2bils que acompanyen a les ciclistes en tot el recorregut urb\u00e0.<br>Ulisses Araujo va avan\u00e7ar que la presentaci\u00f3 oficial ser\u00e0 a Val\u00e8ncia dem\u00e0 dissabte 27, a la vesprada a la Ciutat de les Arts i les Ci\u00e8ncies de Val\u00e8ncia; i ja el diumenge 28 es far\u00e0 la crono per equips en un circuit tancat. La segona etapa t\u00e9 l&#8217;eixida a Bunyol, concretament en l&#8217;Avinguda Rafael Ridaura, on oficialment s&#8217;eixir\u00e0 sobre les 14,05 hores amb una arribada prevista a Moncofa sobre les 17,30 hores.\u00a0<\/p>\n\n\n\n<p>Una gran cita amb l&#8217;esport a la qual no pot faltar ve\u00efns, visitants i per descomptat escolars. Araujo diu que despr\u00e9s de reunir-se amb col\u00b7legis se&#8217;ls ha sol\u00b7licitat que acudisquen els alumnes des de quart fins a sis\u00e9 de prim\u00e0ria perqu\u00e8 puguen viure in situ aquest gran esdeveniment que recordaran tota la seua vida. Ulisses Araujo confirma la pres\u00e8ncia d&#8217;esportistes i persones rellevants, \u201con segur que entre les grans figures d&#8217;aquest esport estar\u00e0 Fernando Escart\u00edn i la guanyadora del Tour de France Demi Vollering, qui participar\u00e0 en la volta. Sense oblidar personalitats del m\u00f3n de la pol\u00edtica i de l&#8217;esport institucional que ens acompanyaran tot el mat\u00ed al costat de les ciclistes i els seus equips\u201d.<\/p>\n\n\n\n<p>L&#8217;eixida oficial estar\u00e0 situada en l&#8217;Avinguda Rafael Ridaura, lloc idoni per la seua amplitud per als camions i la comitiva que arrossega aquesta prova esportiva, des de les 12h i fins a les 14.05h tots poden acostar-se i viure de prop aquesta experi\u00e8ncia. Despr\u00e9s de l&#8217;eixida les ciclistes faran un recorregut per Bunyol en sentit contrari a la circulaci\u00f3 actual fins a arribar a l&#8217;eixida neutralitzada.\u00a0<br>L&#8217;edil d&#8217;Esports confirma: \u201cSer\u00e0 una exhibici\u00f3 de passeig pels carrers de Bunyol, i per aix\u00f2 volem que rec\u00f3rrega els nostres carrers. Ja est\u00e0 tot coordinat i avisada a la ciutadania del trastorn que suposar\u00e0 carrers tallats per\u00f2 aconseguim que es veja castell, l&#8217;auditori o la Cova Turche\u201d.\u00a0<\/p>\n\n\n\n<p>Ulisses Araujo explica que el recorregut pel nucli urb\u00e0 de Bunyol, d&#8217;aproximadament 6 quil\u00f2metres i 300 metres, ser\u00e0 el seg\u00fcent: amb eixida en Rafael Ridaura es rodar\u00e0 en direcci\u00f3 cap al Carrer Rafael Alberti, es girar\u00e0 en Severo Ochoa i es dirigiran cap a Antonio Machado i la pla\u00e7a Rivero. D&#8217;ac\u00ed s&#8217;anir\u00e0 a Blasco Ib\u00e1\u00f1ez, adre\u00e7a Plaza de Les Vendes, carrer Comtes de Bunyol, Doctor Fleming, carrer Juan Peset i fins al camp de futbol. D&#8217;ac\u00ed es baixar\u00e0 per la carretera del Buf\u00f3 cap al passeig de Sant Llu\u00eds i del carrer de Sant Llu\u00eds cap a la Pla\u00e7a del Poble i el carrer Cid, per a despr\u00e9s circular cap a l&#8217;Avinguda del Pa\u00eds Valenci\u00e0, pla\u00e7a de la Diputaci\u00f3 i ja per l&#8217;avinguda de la Violeta cap a la carretera CV-4241 fins a la Costa blanca, on estar\u00e0 el quil\u00f2metre zero de la carrera\u201d, va finalitzar el regidor d&#8217;Esports.<\/p>\n\n\n\n<p>Anima a tota la poblaci\u00f3 al fet que isca als carrers i anime a totes les ciclistes participants. Es tracta d&#8217;una cita hist\u00f2rica que mai abans s&#8217;ha viscut a Bunyol i, dins del trastorn que suposar\u00e0 durant unes hores per al tr\u00e0nsit, estem intentant que les sensacions que s&#8217;emporten de l&#8217;organitzaci\u00f3 siguen immillorables i tornen en altres edicions.\u00a0<\/p>\n\n\n\n<p><strong>Marxa MTB\u00a0 de la Diputaci\u00f3 de Val\u00e8ncia<\/strong><\/p>\n\n\n\n<figure class=\"wp-block-gallery has-nested-images columns-default is-cropped wp-block-gallery-1 is-layout-flex wp-block-gallery-is-layout-flex\">\n<figure class=\"wp-block-image size-large\"><img loading=\"lazy\" decoding=\"async\" width=\"768\" height=\"1024\" data-id=\"220858\" src=\"https:\/\/www.tucomarca.com\/wordpress\/segunda\/wp-content\/uploads\/2024\/04\/BunolSendaMountain1-768x1024.jpg\" alt=\"\" class=\"wp-image-220858\" srcset=\"https:\/\/www.tucomarca.com\/wordpress\/segunda\/wp-content\/uploads\/2024\/04\/BunolSendaMountain1-768x1024.jpg 768w, https:\/\/www.tucomarca.com\/wordpress\/segunda\/wp-content\/uploads\/2024\/04\/BunolSendaMountain1-225x300.jpg 225w, https:\/\/www.tucomarca.com\/wordpress\/segunda\/wp-content\/uploads\/2024\/04\/BunolSendaMountain1.jpg 886w\" sizes=\"auto, (max-width: 768px) 100vw, 768px\" \/><\/figure>\n\n\n\n<figure class=\"wp-block-image size-large\"><img loading=\"lazy\" decoding=\"async\" width=\"768\" height=\"1024\" data-id=\"220860\" src=\"https:\/\/www.tucomarca.com\/wordpress\/segunda\/wp-content\/uploads\/2024\/04\/BunolSendaMountain2-768x1024.jpg\" alt=\"\" class=\"wp-image-220860\" srcset=\"https:\/\/www.tucomarca.com\/wordpress\/segunda\/wp-content\/uploads\/2024\/04\/BunolSendaMountain2-768x1024.jpg 768w, https:\/\/www.tucomarca.com\/wordpress\/segunda\/wp-content\/uploads\/2024\/04\/BunolSendaMountain2-225x300.jpg 225w, https:\/\/www.tucomarca.com\/wordpress\/segunda\/wp-content\/uploads\/2024\/04\/BunolSendaMountain2.jpg 886w\" sizes=\"auto, (max-width: 768px) 100vw, 768px\" \/><\/figure>\n<\/figure>\n\n\n\n<p>Per\u00f2 abans d&#8217;aquesta gran cita amb el ciclisme el diumenge Bunyol alberga tamb\u00e9 una altra, la Marxa MTB, pertanyent al Circuit de la Diputaci\u00f3 de Val\u00e8ncia i que tampoc s&#8217;havia realitzat mai en la nostra localitat. Despr\u00e9s dels esfor\u00e7os i negociacions del Club Ciclista Bunyol, i sempre amb el suport de la regidoria d&#8217;Esports de l&#8217;Ajuntament, s&#8217;ha aconseguit que Bunyol albergue aquest diumenge la huitena etapa d&#8217;aquest circuit puntuable de la Diputaci\u00f3 de Val\u00e8ncia, que compta amb nou carreres i aquesta ser\u00e0 l&#8217;octava. A m\u00e9s, s&#8217;ha catalogat com a carrera Reina a causa de la dificultat del seu terreny, ja que passa pels paratges i zones rocoses del municipi, d&#8217;alt nivell paisatg\u00edstic per\u00f2 d&#8217;enorme duresa per a aquestes bicicletes. Tan sols una marxa \u00e9s la reina i \u00e9s la de Bunyol, la qual cosa suposa puntuaci\u00f3 doble per als participants. El responsable de l&#8217;\u00e0rea d&#8217;Esports de Bunyol s&#8217;ha mostrat molt satisfet de poder albergar aquesta marxa durant tot el mat\u00ed, i amb eixida i meta en el Planell.\u00a0<\/p>\n\n\n\n<p>Marco Lamas, president del Club Ciclista Bunyol, ha confirmat que les inscripcions ja estan finalitzades, encara que el diumenge al mat\u00ed, abans de la marxa tamb\u00e9 poden inscriure&#8217;s lliurement de 7.30 a 8.30h. De moment ja porten 330 inscrits. Des de fa diverses setmanes el club, amb la col\u00b7laboraci\u00f3 del consistori, est\u00e0 netejant les sendes per on passaran els participants. Demanen que tots els ve\u00efns i amants d&#8217;aquestes marxes de Bicicleta de muntanya s&#8217;acosten per tot el recorregut i els animen. A m\u00e9s, tamb\u00e9 sol\u00b7licita a la poblaci\u00f3 que no entorpisca el pas de les bicicletes. \u201cTots volem que la marxa siga un \u00e8xit, portem molt temps organitzant-la i els participants necessiten no trobar-se amb cap sot en el cam\u00ed. Despr\u00e9s de la finalitzaci\u00f3 de la marxa en els pr\u00f2xims dies totes les senyalitzacions es llevaran perqu\u00e8 la nostra muntanya continue sent \u00fanic\u201d, confirma Lamas.\u00a0<\/p>\n\n\n\n<p>L&#8217;eixida d&#8217;aquesta marxa ser\u00e0 a les 9h per a les bicicletes el\u00e8ctriques (e-bike) i a les 9.15h per a les bicicletes de bicicleta de muntanya tradicionals (musculars). Des del Club Ciclista Bunyol, Policia Local, Protecci\u00f3 Civil, Ajuntament i voluntaris estan informant per tots els canals informatius a la poblaci\u00f3 dels carrers tallats i moments i passos d&#8217;aquesta marxa. Tant un com un altre esdeveniment s\u00f3n d&#8217;enorme rellev\u00e0ncia en el m\u00f3n del ciclisme i de l&#8217;esport. Bunyol es converteix en l&#8217;epicentre del ciclisme auton\u00f2mic i nacional aquests dies.<\/p>\n","protected":false},"excerpt":{"rendered":"<div class=\"mh-excerpt\">Bunyol est\u00e0 preparat per a acollir la Marxa Mountainbike del Circuit de la Diputaci\u00f3 de Val\u00e8ncia que tindr\u00e0 lloc el diumenge i la Volta Ciclista a Espanya Femenina que desenvolupar\u00e0 la seua segona etapa dilluns <a class=\"mh-excerpt-more\" href=\"https:\/\/www.tucomarca.com\/wordpress\/segunda\/ca\/tot-llest-a-bunyol-per-a-acollir-la-marxa-mountainbike-del-circuit-de-la-diputacio-i-la-segona-etapa-de-la-volta-ciclista-a-espanya-femenina\/\" title=\"Tot llest a Bunyol per a acollir la Marxa Mountainbike del Circuit de la Diputaci\u00f3 i la segona etapa de la Volta Ciclista a Espanya Femenina\">[+] <\/a><\/div>\n","protected":false},"author":12,"featured_media":220863,"comment_status":"open","ping_status":"open","sticky":false,"template":"","format":"standard","meta":{"footnotes":""},"categories":[11019,10911,11013,11003,10894,10904,10912,10896],"tags":[10913,10914,20575,20531],"class_list":{"0":"post-220866","1":"post","2":"type-post","3":"status-publish","4":"format-standard","5":"has-post-thumbnail","7":"category-agenda-ca","8":"category-bunol-ca","9":"category-ciclismo-ca","10":"category-sports","11":"category-la-comarca-ca","12":"category-sin-categorizar-ca","13":"category-la-hoya-ca","14":"category-seccion-ca","15":"tag-bunol-ca","16":"tag-la-hoya-de-bunol-chiva-ca","17":"tag-mtb-marcha-bunol-ca","18":"tag-vuelta-ciclista-a-espana-femenina-ca"},"_links":{"self":[{"href":"https:\/\/www.tucomarca.com\/wordpress\/segunda\/ca\/wp-json\/wp\/v2\/posts\/220866","targetHints":{"allow":["GET"]}}],"collection":[{"href":"https:\/\/www.tucomarca.com\/wordpress\/segunda\/ca\/wp-json\/wp\/v2\/posts"}],"about":[{"href":"https:\/\/www.tucomarca.com\/wordpress\/segunda\/ca\/wp-json\/wp\/v2\/types\/post"}],"author":[{"embeddable":true,"href":"https:\/\/www.tucomarca.com\/wordpress\/segunda\/ca\/wp-json\/wp\/v2\/users\/12"}],"replies":[{"embeddable":true,"href":"https:\/\/www.tucomarca.com\/wordpress\/segunda\/ca\/wp-json\/wp\/v2\/comments?post=220866"}],"version-history":[{"count":0,"href":"https:\/\/www.tucomarca.com\/wordpress\/segunda\/ca\/wp-json\/wp\/v2\/posts\/220866\/revisions"}],"wp:featuredmedia":[{"embeddable":true,"href":"https:\/\/www.tucomarca.com\/wordpress\/segunda\/ca\/wp-json\/wp\/v2\/media\/220863"}],"wp:attachment":[{"href":"https:\/\/www.tucomarca.com\/wordpress\/segunda\/ca\/wp-json\/wp\/v2\/media?parent=220866"}],"wp:term":[{"taxonomy":"category","embeddable":true,"href":"https:\/\/www.tucomarca.com\/wordpress\/segunda\/ca\/wp-json\/wp\/v2\/categories?post=220866"},{"taxonomy":"post_tag","embeddable":true,"href":"https:\/\/www.tucomarca.com\/wordpress\/segunda\/ca\/wp-json\/wp\/v2\/tags?post=220866"}],"curies":[{"name":"wp","href":"https:\/\/api.w.org\/{rel}","templated":true}]}}