{"id":221085,"date":"2024-04-29T12:00:00","date_gmt":"2024-04-29T10:00:00","guid":{"rendered":"https:\/\/www.tucomarca.com\/wordpress\/segunda\/?p=221085"},"modified":"2024-04-30T21:16:07","modified_gmt":"2024-04-30T19:16:07","slug":"la-diputacio-de-valencia-posa-en-marxa-un-curs-sobre-gestio-del-cicle-integral-de-laigua-per-al-personal-empleat-public","status":"publish","type":"post","link":"https:\/\/www.tucomarca.com\/wordpress\/segunda\/ca\/la-diputacio-de-valencia-posa-en-marxa-un-curs-sobre-gestio-del-cicle-integral-de-laigua-per-al-personal-empleat-public\/","title":{"rendered":"La Diputaci\u00f3 de Val\u00e8ncia posa en marxa un curs sobre gesti\u00f3 del cicle integral de l&#8217;aigua per al personal empleat p\u00fablic"},"content":{"rendered":"\n<h3 class=\"wp-block-heading\">El president Vicent Momp\u00f3 apunta que \u201camb estos cursos, continuem amb la nostra aposta per acostar la corporaci\u00f3 provincial als pobles i posar tots els nostres recursos al seu abast\u201d.<\/h3>\n\n\n\n<h3 class=\"wp-block-heading\">Entre els \u00e0mbits que abasten las accions formatives programades per a t\u00e8cnics municipals i de la corporaci\u00f3 provincial destaca la formaci\u00f3 en captaci\u00f3, potabilitzaci\u00f3, emmagatzematge, distribuci\u00f3, recollida, tractament i control sanitari.<\/h3>\n\n\n\n<p>La Diputaci\u00f3 de Val\u00e8ncia formar\u00e0 a t\u00e8cnics dels ajuntaments de menys de 20.000 habitants i personal de la corporaci\u00f3 provincial en aspectes generals sobre la prestaci\u00f3 del servici del cicle urb\u00e0 de l&#8217;aigua. Aix\u00ed, des de les \u00e0rees de Formaci\u00f3 i del Cicle Integral de l&#8217;Aigua de la Diputaci\u00f3 de Val\u00e8ncia i en col\u00b7laboraci\u00f3 amb la Universitat Polit\u00e8cnica de Val\u00e8ncia s&#8217;impartiran cursos centrats en la captaci\u00f3, potabilitzaci\u00f3, emmagatzematge, distribuci\u00f3, recollida, tractament i control sanitari.<\/p>\n\n\n\n<p>\u201cEn la Diputaci\u00f3 de Val\u00e8ncia, des del primer dia, decid\u00edrem crear una \u00e0rea espec\u00edfica del Cicle Integral de l&#8217;Aigua amb l&#8217;objectiu de garantir un subministrament d&#8217;aigua segur i de qualitat per a tots\u201d, destaca el president provincial Vicent Momp\u00f3, qui ha apuntat tamb\u00e9 que per a aconseguir este prop\u00f2sit \u201cs&#8217;han fixat tres pilars fonamentals: inversi\u00f3, digitalitzaci\u00f3 i reutilitzaci\u00f3, i amb el curs que hui presentem afegim tamb\u00e9 la formaci\u00f3\u201d.<\/p>\n\n\n\n<p>A m\u00e9s, Momp\u00f3 ha explicat que \u201cen la Diputaci\u00f3 de Val\u00e8ncia volem ser l\u00edders en este \u00e0mbit, perqu\u00e8 som conscients de l&#8217;enorme responsabilitat que asumim; com casa dels 266 municipis i les tres entitats locals menors de la prov\u00edncia tenim un paper protagonista en la garantia d&#8217;un subministrament h\u00eddric que responga a les exig\u00e8ncies del present i del futur\u201d.<\/p>\n\n\n\n<p>\u201cLa col\u00b7laboraci\u00f3 entre esta instituci\u00f3 i la Universitat Polit\u00e8cnica de Val\u00e8ncia -continua Momp\u00f3- demostra esta implicaci\u00f3 real amb els responsables que treballen en el \u00e0rea; ac\u00ed parlem de sostenibilitat, de benestar i de protecci\u00f3 del medi ambient, i els t\u00e8cnics dels ajuntaments que treballen en esta mat\u00e8ria tenen l&#8217;enorme responsabilitat de garantir que l&#8217;aigua siga gestionada de manera eficient, equitativa i sostenible en totes les seues etapes\u201d.<\/p>\n\n\n\n<p>En este sentit, Vicent Momp\u00f3 ha insistit que \u201cesta labor no sols es limita a la gesti\u00f3 t\u00e8cnica, sin\u00f3 que implica una profunda comprensi\u00f3 de les necessitats actuals, aix\u00ed com una visi\u00f3 a llarg termini per a anticipar i mitigar els impactes del medi ambient, a m\u00e9s de protegir la salut p\u00fablica\u201d.&nbsp; \u00c9s per aix\u00f2 que amb este curs, \u201ccontinuem amb la nostra aposta per acostar la Diputaci\u00f3 als pobles i posar tots els nostres recursos al seu abast\u201d, ha finalitzat.<\/p>\n\n\n\n<p>En esta mateixa l\u00ednia s&#8217;ha referit el diputat d&#8217;Administraci\u00f3 General i Formaci\u00f3, Ricardo Gabald\u00f3n, qui ha manifestat que fer una gesti\u00f3 eficient de l&#8217;aigua \u201c\u00e9s important\u00edssim per a qualsevol representant p\u00fablic, per aix\u00f2 \u00e9s essencial que el personal t\u00e8cnic estiga perfectament format en un tema tan sensible com este\u201d.<\/p>\n\n\n\n<p>En este sentit, Gabald\u00f3n ha posat l&#8217;accent que \u201cel servici de Formaci\u00f3 est\u00e0 a la disposici\u00f3 de&nbsp; les diferents \u00e0rees de la corporaci\u00f3 provincial\u201d, i ha apuntat tamb\u00e9 que el departament \u201c\u00e9st\u00e0 liderant hui dia uns 200 cursos formatius amb un gran seguiment per part del personal de la corporaci\u00f3 provincial com per part dels ajuntaments\u201d.<\/p>\n\n\n\n<p>Per part seua, el diputat delegat de l&#8217;\u00e0rea&nbsp; del Cicle Integral de l&#8217;Aigua i Educaci\u00f3, Paco Comes, ha detallat que \u201ces tracta de la primera part d&#8217;un curs que tindr\u00e0 continu\u00eftat en la formaci\u00f3 del personal&nbsp; dels ajuntaments, que s\u00f3n els qui s&#8217;enfronten a este repte tan important que tenim per davant\u201d.<\/p>\n\n\n\n<p>Enrique Cabrera, catedr\u00e0tic a l&#8217;Escola T\u00e8cnica Superior d&#8217;Enginyeria Industrial de la UPV i director de l&#8217;Institut Tecnol\u00f2gic de l&#8217;Aigua, ha subratllat que \u201cdes de la universitat, no hi ha res millor que transferir a la societat tot el que realitzem en el dia a dia i compartir els nostres coneixements amb els t\u00e8cnics municipals, que al final s\u00f3n el que prove\u00efxen d&#8217;aigua a tots els ciutadans perqu\u00e8 tinguen un servici d&#8217;aigua potable molt millor del que tenen\u201d.<\/p>\n\n\n\n<p>\u201cL\u2019aigua \u00e9s tan important per a les persones que viuen en les grans capitals com per a les que viuen als pobles m\u00e9s xicotets, i la digitalitzaci\u00f3 \u00e9s un dels pilars que permetr\u00e0 a eixos municipis gestionar l&#8217;aigua d&#8217;una manera tan t\u00e8cnicament avan\u00e7ada com en les grans capitals del m\u00f3n, per\u00f2 per a aix\u00f2 requerixen d&#8217;uns coneixements, per a emprar correctament eixes ferramentes digitals\u201d, ha apuntat Cabrera.<\/p>\n\n\n\n<p><strong>Curs del Cicle Integral de l&#8217;Aigua<\/strong><\/p>\n\n\n\n<p>El Curs del Cicle Integral de l&#8217;Aigua per a municipis de menys de 20.000 habitants est\u00e0 repartit en 40 hores dividides en set jornades programades per als mesos de maig, juny i juliol que tindran lloc a l&#8217;Aula Sal\u00f3 de Graus de l&#8217;Escola T\u00e8cnica Superior d&#8217;Enginyers Industrials de la Universitat Polit\u00e8cnica de Val\u00e8ncia.<\/p>\n\n\n\n<p>Aix\u00ed, m\u00e9s d&#8217;una trentena de municipis i dos mancomunitats i personal t\u00e8cnic de la Diputaci\u00f3 de Val\u00e8ncia rebran formaci\u00f3 per part de professors de la UPV experts en la mat\u00e8ria centrada en els diferents sistemes de gesti\u00f3, conceptes d&#8217;hidr\u00e0ulica b\u00e0sica i modelatge, sistemes de mesurament i p\u00e8rdues de volums d&#8217;aigua, gesti\u00f3 d&#8217;infraestructures lligades al cicle de l&#8217;aigua, optimitzaci\u00f3 energ\u00e8tica de xarxes d&#8217;aigua i propostes de digitalitzaci\u00f3.&nbsp;<\/p>\n","protected":false},"excerpt":{"rendered":"<div class=\"mh-excerpt\">El president Vicent Momp\u00f3 apunta que \u201camb estos cursos, continuem amb la nostra aposta per acostar la corporaci\u00f3 provincial als pobles i posar tots els nostres recursos al seu abast\u201d. Entre els \u00e0mbits que abasten <a class=\"mh-excerpt-more\" href=\"https:\/\/www.tucomarca.com\/wordpress\/segunda\/ca\/la-diputacio-de-valencia-posa-en-marxa-un-curs-sobre-gestio-del-cicle-integral-de-laigua-per-al-personal-empleat-public\/\" title=\"La Diputaci\u00f3 de Val\u00e8ncia posa en marxa un curs sobre gesti\u00f3 del cicle integral de l&#8217;aigua per al personal empleat p\u00fablic\">[+] <\/a><\/div>\n","protected":false},"author":1,"featured_media":221083,"comment_status":"open","ping_status":"open","sticky":false,"template":"","format":"standard","meta":{"footnotes":""},"categories":[10905,10898,10948,10894,10903,10947,10909,10896,11059],"tags":[20613,11199,10910,20614,11174],"class_list":{"0":"post-221085","1":"post","2":"type-post","3":"status-publish","4":"format-standard","5":"has-post-thumbnail","7":"category-agricultura-la-comarca-ca","8":"category-ventana-ca","9":"category-infraestructuras-ca","10":"category-la-comarca-ca","11":"category-medio-ambiente-la-comarca-ca","12":"category-politica","13":"category-requena-utiel-ca","14":"category-seccion-ca","15":"category-utiel-ca","16":"tag-gabaldon-ca","17":"tag-la-comunitat-ca","18":"tag-requena-utiel-ca","19":"tag-ricardo-ca","20":"tag-utiel-ca"},"_links":{"self":[{"href":"https:\/\/www.tucomarca.com\/wordpress\/segunda\/ca\/wp-json\/wp\/v2\/posts\/221085","targetHints":{"allow":["GET"]}}],"collection":[{"href":"https:\/\/www.tucomarca.com\/wordpress\/segunda\/ca\/wp-json\/wp\/v2\/posts"}],"about":[{"href":"https:\/\/www.tucomarca.com\/wordpress\/segunda\/ca\/wp-json\/wp\/v2\/types\/post"}],"author":[{"embeddable":true,"href":"https:\/\/www.tucomarca.com\/wordpress\/segunda\/ca\/wp-json\/wp\/v2\/users\/1"}],"replies":[{"embeddable":true,"href":"https:\/\/www.tucomarca.com\/wordpress\/segunda\/ca\/wp-json\/wp\/v2\/comments?post=221085"}],"version-history":[{"count":0,"href":"https:\/\/www.tucomarca.com\/wordpress\/segunda\/ca\/wp-json\/wp\/v2\/posts\/221085\/revisions"}],"wp:featuredmedia":[{"embeddable":true,"href":"https:\/\/www.tucomarca.com\/wordpress\/segunda\/ca\/wp-json\/wp\/v2\/media\/221083"}],"wp:attachment":[{"href":"https:\/\/www.tucomarca.com\/wordpress\/segunda\/ca\/wp-json\/wp\/v2\/media?parent=221085"}],"wp:term":[{"taxonomy":"category","embeddable":true,"href":"https:\/\/www.tucomarca.com\/wordpress\/segunda\/ca\/wp-json\/wp\/v2\/categories?post=221085"},{"taxonomy":"post_tag","embeddable":true,"href":"https:\/\/www.tucomarca.com\/wordpress\/segunda\/ca\/wp-json\/wp\/v2\/tags?post=221085"}],"curies":[{"name":"wp","href":"https:\/\/api.w.org\/{rel}","templated":true}]}}