{"id":221183,"date":"2024-04-29T21:00:00","date_gmt":"2024-04-29T19:00:00","guid":{"rendered":"https:\/\/www.tucomarca.com\/wordpress\/segunda\/fotogaleria-bunol-disfruta-a-pesar-de-la-lluvia-de-la-salida-de-la-segunda-etapa-de-la-vuelta-ciclista-femenina-a-espana\/"},"modified":"2024-04-30T09:01:48","modified_gmt":"2024-04-30T07:01:48","slug":"fotogaleria-bunol-disfruta-a-pesar-de-la-lluvia-de-la-salida-de-la-segunda-etapa-de-la-vuelta-ciclista-femenina-a-espana","status":"publish","type":"post","link":"https:\/\/www.tucomarca.com\/wordpress\/segunda\/ca\/fotogaleria-bunol-disfruta-a-pesar-de-la-lluvia-de-la-salida-de-la-segunda-etapa-de-la-vuelta-ciclista-femenina-a-espana\/","title":{"rendered":"Fotogaler\u00eda: Bunyol gaudeix, malgrat la pluja, de l&#8217;eixida de la segona etapa de la Volta Ciclista Femenina a Espanya"},"content":{"rendered":"\n<p>Malgrat la pluja que ha sigut present durant tot el mat\u00ed, la poblaci\u00f3 de Bunyol ha gaudit aquest dilluns amb il\u00b7lusi\u00f3 i molt de prop del ciclisme del m\u00e9s alt nivell gr\u00e0cies a l&#8217;eixida des de l&#8217;Avinguda Rafael Ridaura de la segona etapa de la Volta Ciclista Femenina a Espanya.<\/p>\n\n\n\n<p>Des de primeres hores del mat\u00ed s&#8217;han pogut veure en els lim\u00edtrofs de l&#8217;avinguda als vehicles i autobusos que componen la &#8220;serp multicolor&#8221; que a partir de les dues del migdia ha discorregut per tota la localitat acompanyant a les ciclistes en la disputa d&#8217;aquesta segona etapa amb eixida a Bunyol i fi de carrera a Moncofa.<\/p>\n\n\n\n<p>Ha sigut precisament l&#8217;alcaldessa de Bunyol, Virg\u00ednia Sanz, l&#8217;encarregada de tallar al costat del diputat provincial i alcalde d&#8217;Utiel, Ricardo Gabald\u00f3n; al regidor d&#8217;Esports de l&#8217;Ajuntament local, Ulisses Ara\u00fajo; i el director t\u00e8cnic de la Volta Femenina, Fernando Escart\u00edn, la cinta que obria la carrera.<\/p>\n\n\n<div class=\"wp-block-image\">\n<figure class=\"alignleft size-full is-resized\"><img loading=\"lazy\" decoding=\"async\" width=\"886\" height=\"591\" src=\"http:\/\/www.tucomarca.com\/wordpress\/segunda\/wp-content\/uploads\/2024\/04\/BunolVueltaFem14.jpg\" alt=\"\" class=\"wp-image-221133\" style=\"width:421px;height:auto\" srcset=\"https:\/\/www.tucomarca.com\/wordpress\/segunda\/wp-content\/uploads\/2024\/04\/BunolVueltaFem14.jpg 886w, https:\/\/www.tucomarca.com\/wordpress\/segunda\/wp-content\/uploads\/2024\/04\/BunolVueltaFem14-300x200.jpg 300w, https:\/\/www.tucomarca.com\/wordpress\/segunda\/wp-content\/uploads\/2024\/04\/BunolVueltaFem14-768x512.jpg 768w\" sizes=\"auto, (max-width: 886px) 100vw, 886px\" \/><figcaption class=\"wp-element-caption\">Fernando Escart\u00edn.<\/figcaption><\/figure>\n<\/div>\n\n\n<p>El mateix Fernando Escart\u00edn confessava a <strong>tucomarca.com<\/strong> estar &#8220;molt content per haver pogut visitar Bunyol&#8221;, una localitat en la qual el director t\u00e8cnic ha explicat que, en tractar-se d&#8217;una eixida, &#8220;existeix la possibilitat de tindre a les corredores molt m\u00e9s a prop, perqu\u00e8 estan calfant i preparant-se per a la carrera&#8221;; i no ha volgut deixar de subratllar tamb\u00e9 &#8220;el b\u00e9 que ens ha acollit el poble&#8221;, una localitat que ell mateix ha confessat que visita &#8220;bastant per a entrenar amb el grup d&#8217;amics&#8221;.<\/p>\n\n\n<div class=\"wp-block-image\">\n<figure class=\"alignright size-full is-resized\"><img loading=\"lazy\" decoding=\"async\" width=\"886\" height=\"591\" src=\"http:\/\/www.tucomarca.com\/wordpress\/segunda\/wp-content\/uploads\/2024\/04\/BunolVueltaFem15.jpg\" alt=\"\" class=\"wp-image-221135\" style=\"width:424px;height:auto\" srcset=\"https:\/\/www.tucomarca.com\/wordpress\/segunda\/wp-content\/uploads\/2024\/04\/BunolVueltaFem15.jpg 886w, https:\/\/www.tucomarca.com\/wordpress\/segunda\/wp-content\/uploads\/2024\/04\/BunolVueltaFem15-300x200.jpg 300w, https:\/\/www.tucomarca.com\/wordpress\/segunda\/wp-content\/uploads\/2024\/04\/BunolVueltaFem15-768x512.jpg 768w\" sizes=\"auto, (max-width: 886px) 100vw, 886px\" \/><figcaption class=\"wp-element-caption\">Virginia Sanz.<\/figcaption><\/figure>\n<\/div>\n\n\n<p>Per la seua part l&#8217;alcaldessa, Virginia Sanz, ha subratllat que, malgrat les inclem\u00e8ncies meteorol\u00f2giques, &#8220;Bunyol ha pogut gaudir d&#8217;un gran espectacle, amb tot el que mou el ciclisme. L&#8217;esport femen\u00ed \u00e9s una cosa molt apassionant i quan t&#8217;ho porten al teu poble i ho veus de primera m\u00e0 \u00e9s una cosa molt bonica&#8221;. L&#8217;alcaldessa tamb\u00e9 ha recalcat que esdeveniments com el que ha acollit Bunyol \u00e9s &#8220;una carta de presentaci\u00f3 del nostre poble en una prova que est\u00e0 entre les quatre m\u00e9s importants del m\u00f3n; i a m\u00e9s s&#8217;ha fet una eixida neutralitzada que \u00e9s un regal al poble perqu\u00e8 tota la gent puga veure&#8217;l i animar&#8221;.<\/p>\n\n\n<div class=\"wp-block-image\">\n<figure class=\"alignleft size-full is-resized\"><img loading=\"lazy\" decoding=\"async\" width=\"886\" height=\"591\" src=\"http:\/\/www.tucomarca.com\/wordpress\/segunda\/wp-content\/uploads\/2024\/04\/BunolVueltaFem16.jpg\" alt=\"\" class=\"wp-image-221137\" style=\"width:426px;height:auto\" srcset=\"https:\/\/www.tucomarca.com\/wordpress\/segunda\/wp-content\/uploads\/2024\/04\/BunolVueltaFem16.jpg 886w, https:\/\/www.tucomarca.com\/wordpress\/segunda\/wp-content\/uploads\/2024\/04\/BunolVueltaFem16-300x200.jpg 300w, https:\/\/www.tucomarca.com\/wordpress\/segunda\/wp-content\/uploads\/2024\/04\/BunolVueltaFem16-768x512.jpg 768w\" sizes=\"auto, (max-width: 886px) 100vw, 886px\" \/><figcaption class=\"wp-element-caption\">Ricardo Gabald\u00f3n.<\/figcaption><\/figure>\n<\/div>\n\n\n<p>En similars termes s&#8217;ha pronunciat el diputat provincial alcalde d&#8217;Utiel, Ricardo Gabald\u00f3n, qui ha destacat que una eixida d&#8217;etapa \u00e9s motiu &#8220;per a estar tots els bu\u00f1oleros molt contents i molt agra\u00efts i des de la Diputaci\u00f3 volem fomentar l&#8217;esport i el turisme d&#8217;interior amb activitats com aquesta: donar suport a l&#8217;esport i fer costat a Bunyol. \u00c9s una etapa amb eixida a Bunyol per\u00f2 amb arribada a Moncofa, per la qual cosa \u00e9s un tra\u00e7at per l&#8217;interior de la nostra prov\u00edncia i l&#8217;espectacle \u00e9s una meravella&#8221;.<\/p>\n\n\n\n<p><strong>Un tra\u00e7at per l&#8217;interior de Bunyol i de la prov\u00edncia<\/strong><\/p>\n\n\n<div class=\"wp-block-image\">\n<figure class=\"alignright size-full is-resized\"><img loading=\"lazy\" decoding=\"async\" width=\"886\" height=\"591\" src=\"http:\/\/www.tucomarca.com\/wordpress\/segunda\/wp-content\/uploads\/2024\/04\/BunolVueltaFem17.jpg\" alt=\"\" class=\"wp-image-221139\" style=\"width:432px;height:auto\" srcset=\"https:\/\/www.tucomarca.com\/wordpress\/segunda\/wp-content\/uploads\/2024\/04\/BunolVueltaFem17.jpg 886w, https:\/\/www.tucomarca.com\/wordpress\/segunda\/wp-content\/uploads\/2024\/04\/BunolVueltaFem17-300x200.jpg 300w, https:\/\/www.tucomarca.com\/wordpress\/segunda\/wp-content\/uploads\/2024\/04\/BunolVueltaFem17-768x512.jpg 768w\" sizes=\"auto, (max-width: 886px) 100vw, 886px\" \/><figcaption class=\"wp-element-caption\">Ulises Ara\u00fajo.<\/figcaption><\/figure>\n<\/div>\n\n\n<p>Per part seua, el regidor d&#8217;Esports de l&#8217;Ajuntament de Bunyol, Ulisses Ara\u00fajo, s&#8217;ha felicitat &#8220;perqu\u00e8 tot haja eixit b\u00e9 i les ciclistes hagen eixit del terme de Bunyol amb total normalitat&#8221;; i ha volgut agrair &#8220;tot el treball que han dut a terme des de Policia Local, Protecci\u00f3 Civil i Gu\u00e0rdia Civil, a voluntaris i personal de l&#8217;Ajuntament, i per descomptat a l&#8217;organitzaci\u00f3 de la Volta amb els qui hem treballat molt b\u00e9&#8221;.<\/p>\n\n\n\n<p>Des de l&#8217;eixida en l&#8217;Avinguda de Rafael Ridaura, les corredores s&#8217;han dirigit cap al carrer Rafael Alberti, han girat en Severo Ochoa i s&#8217;han dirigit cap a Antonio Machado i la pla\u00e7a Rivero. D&#8217;ac\u00ed a Blasco Ib\u00e1\u00f1ez, adre\u00e7a Plaza de Les Vendes, carrer Comtes de Bunyol, Doctor Fleming, carrer Juan Peset i fins al camp de futbol. Per a despr\u00e9s baixar per la carretera del Buf\u00f3 cap al passeig de Sant Llu\u00eds, cap a la Pla\u00e7a del Poble i el carrer Cid, per a despr\u00e9s circular cap a l&#8217;Avinguda del Pa\u00eds Valenci\u00e0, pla\u00e7a de la Diputaci\u00f3 i ja per l&#8217;avinguda de la Violeta cap a la carretera CV-4241 fins a la Costa Blanca, on&nbsp;s&#8217;ha situat&nbsp;el quil\u00f2metre zero i pedalar en direcci\u00f3 a Xiva, Ll\u00edria i Moncofa.<\/p>\n\n\n\n<p>La Volta Femenina a Espanya vivia la seua segona etapa aquest dilluns amb una jornada de 118,3 quil\u00f2metres per carreteres de l&#8217;interior de la prov\u00edncia de Val\u00e8ncia i amb un port de tercera categoria, el de l\u2019Oronet, molt procliu per a una arribada al sprint.<\/p>\n\n\n\n<figure class=\"wp-block-image size-full\"><img loading=\"lazy\" decoding=\"async\" width=\"886\" height=\"591\" src=\"http:\/\/www.tucomarca.com\/wordpress\/segunda\/wp-content\/uploads\/2024\/04\/BunolVueltaFem37.jpg\" alt=\"\" class=\"wp-image-221168\" srcset=\"https:\/\/www.tucomarca.com\/wordpress\/segunda\/wp-content\/uploads\/2024\/04\/BunolVueltaFem37.jpg 886w, https:\/\/www.tucomarca.com\/wordpress\/segunda\/wp-content\/uploads\/2024\/04\/BunolVueltaFem37-300x200.jpg 300w, https:\/\/www.tucomarca.com\/wordpress\/segunda\/wp-content\/uploads\/2024\/04\/BunolVueltaFem37-768x512.jpg 768w\" sizes=\"auto, (max-width: 886px) 100vw, 886px\" \/><figcaption class=\"wp-element-caption\">Screenshot<\/figcaption><\/figure>\n\n\n\n<p>Abans de l&#8217;eixida, totes les mirades van estar posades Gaia Realini, de l&#8217;equip Lidl-Trek, qui s&#8217;ha convertit en la primera l\u00edder de&nbsp;La Volta Femenina a Espanya d&#8217;enguany, despr\u00e9s d&#8217;un final accidentat de la contrarellotge per equips que es va desenvolupar aquest diumenge a&nbsp;Val\u00e8ncia, on dos ciclistes del seu equip, Ellen van Dijk i Elynor Backstedt-Calvert, es van anar al s\u00f2l en l&#8217;\u00faltima corba del recorregut; encara que el Lidl-Trek es va fer amb la vict\u00f2ria en aquesta primera etapa.<\/p>\n\n\n\n<p>Els equips espanyols no van tindre un paper molt destacat en la primera etapa, ja que el Movistar Team nom\u00e9s va poder registrar el huit\u00e9 millor temps (19,20), el Laboral Kutxa el quinz\u00e9 (20,24) i el Eneicat-CM Team va ser vint\u00e9 (21,13). Informa, <strong>M. A. Pall\u00e1s<\/strong>.<\/p>\n\n\n\n<p>Fotos: <strong>Pilar Ferrer<\/strong>, <strong>Jos\u00e9 Luis Mont\u00f3n<\/strong> y<strong> A. Pall\u00e1s<\/strong>.<\/p>\n\n\n\n<figure class=\"wp-block-gallery has-nested-images columns-2 is-cropped wp-block-gallery-1 is-layout-flex wp-block-gallery-is-layout-flex\">\n<figure class=\"wp-block-image size-large\"><img loading=\"lazy\" decoding=\"async\" width=\"886\" height=\"591\" data-id=\"221115\" src=\"https:\/\/www.tucomarca.com\/wordpress\/segunda\/wp-content\/uploads\/2024\/04\/BunolVueltaFem00.jpg\" alt=\"\" class=\"wp-image-221115\" srcset=\"https:\/\/www.tucomarca.com\/wordpress\/segunda\/wp-content\/uploads\/2024\/04\/BunolVueltaFem00.jpg 886w, https:\/\/www.tucomarca.com\/wordpress\/segunda\/wp-content\/uploads\/2024\/04\/BunolVueltaFem00-300x200.jpg 300w, https:\/\/www.tucomarca.com\/wordpress\/segunda\/wp-content\/uploads\/2024\/04\/BunolVueltaFem00-768x512.jpg 768w\" sizes=\"auto, (max-width: 886px) 100vw, 886px\" \/><\/figure>\n\n\n\n<figure class=\"wp-block-image size-large\"><img loading=\"lazy\" decoding=\"async\" width=\"886\" height=\"591\" data-id=\"221141\" src=\"https:\/\/www.tucomarca.com\/wordpress\/segunda\/wp-content\/uploads\/2024\/04\/BunolVueltaFem18.jpg\" alt=\"\" class=\"wp-image-221141\" srcset=\"https:\/\/www.tucomarca.com\/wordpress\/segunda\/wp-content\/uploads\/2024\/04\/BunolVueltaFem18.jpg 886w, https:\/\/www.tucomarca.com\/wordpress\/segunda\/wp-content\/uploads\/2024\/04\/BunolVueltaFem18-300x200.jpg 300w, https:\/\/www.tucomarca.com\/wordpress\/segunda\/wp-content\/uploads\/2024\/04\/BunolVueltaFem18-768x512.jpg 768w\" sizes=\"auto, (max-width: 886px) 100vw, 886px\" \/><\/figure>\n\n\n\n<figure class=\"wp-block-image size-large\"><img loading=\"lazy\" decoding=\"async\" width=\"886\" height=\"591\" data-id=\"221119\" src=\"https:\/\/www.tucomarca.com\/wordpress\/segunda\/wp-content\/uploads\/2024\/04\/BunolVueltaFem04.jpg\" alt=\"\" class=\"wp-image-221119\" srcset=\"https:\/\/www.tucomarca.com\/wordpress\/segunda\/wp-content\/uploads\/2024\/04\/BunolVueltaFem04.jpg 886w, https:\/\/www.tucomarca.com\/wordpress\/segunda\/wp-content\/uploads\/2024\/04\/BunolVueltaFem04-300x200.jpg 300w, https:\/\/www.tucomarca.com\/wordpress\/segunda\/wp-content\/uploads\/2024\/04\/BunolVueltaFem04-768x512.jpg 768w\" sizes=\"auto, (max-width: 886px) 100vw, 886px\" \/><figcaption class=\"wp-element-caption\">Screenshot<\/figcaption><\/figure>\n\n\n\n<figure class=\"wp-block-image size-large\"><img loading=\"lazy\" decoding=\"async\" width=\"886\" height=\"591\" data-id=\"221117\" src=\"https:\/\/www.tucomarca.com\/wordpress\/segunda\/wp-content\/uploads\/2024\/04\/BunolVueltaFem02.jpg\" alt=\"\" class=\"wp-image-221117\" srcset=\"https:\/\/www.tucomarca.com\/wordpress\/segunda\/wp-content\/uploads\/2024\/04\/BunolVueltaFem02.jpg 886w, https:\/\/www.tucomarca.com\/wordpress\/segunda\/wp-content\/uploads\/2024\/04\/BunolVueltaFem02-300x200.jpg 300w, https:\/\/www.tucomarca.com\/wordpress\/segunda\/wp-content\/uploads\/2024\/04\/BunolVueltaFem02-768x512.jpg 768w\" sizes=\"auto, (max-width: 886px) 100vw, 886px\" \/><figcaption class=\"wp-element-caption\">Screenshot<\/figcaption><\/figure>\n\n\n\n<figure class=\"wp-block-image size-large\"><img loading=\"lazy\" decoding=\"async\" width=\"886\" height=\"591\" data-id=\"221123\" src=\"https:\/\/www.tucomarca.com\/wordpress\/segunda\/wp-content\/uploads\/2024\/04\/BunolVueltaFem06.jpg\" alt=\"\" class=\"wp-image-221123\" srcset=\"https:\/\/www.tucomarca.com\/wordpress\/segunda\/wp-content\/uploads\/2024\/04\/BunolVueltaFem06.jpg 886w, https:\/\/www.tucomarca.com\/wordpress\/segunda\/wp-content\/uploads\/2024\/04\/BunolVueltaFem06-300x200.jpg 300w, https:\/\/www.tucomarca.com\/wordpress\/segunda\/wp-content\/uploads\/2024\/04\/BunolVueltaFem06-768x512.jpg 768w\" sizes=\"auto, (max-width: 886px) 100vw, 886px\" \/><figcaption class=\"wp-element-caption\">Screenshot<\/figcaption><\/figure>\n\n\n\n<figure class=\"wp-block-image size-large\"><img loading=\"lazy\" decoding=\"async\" width=\"886\" height=\"591\" data-id=\"221129\" src=\"https:\/\/www.tucomarca.com\/wordpress\/segunda\/wp-content\/uploads\/2024\/04\/BunolVueltaFem12.jpg\" alt=\"\" class=\"wp-image-221129\" srcset=\"https:\/\/www.tucomarca.com\/wordpress\/segunda\/wp-content\/uploads\/2024\/04\/BunolVueltaFem12.jpg 886w, https:\/\/www.tucomarca.com\/wordpress\/segunda\/wp-content\/uploads\/2024\/04\/BunolVueltaFem12-300x200.jpg 300w, https:\/\/www.tucomarca.com\/wordpress\/segunda\/wp-content\/uploads\/2024\/04\/BunolVueltaFem12-768x512.jpg 768w\" sizes=\"auto, (max-width: 886px) 100vw, 886px\" \/><figcaption class=\"wp-element-caption\">Screenshot<\/figcaption><\/figure>\n\n\n\n<figure class=\"wp-block-image size-large\"><img loading=\"lazy\" decoding=\"async\" width=\"886\" height=\"591\" data-id=\"221121\" src=\"https:\/\/www.tucomarca.com\/wordpress\/segunda\/wp-content\/uploads\/2024\/04\/BunolVueltaFem05.jpg\" alt=\"\" class=\"wp-image-221121\" srcset=\"https:\/\/www.tucomarca.com\/wordpress\/segunda\/wp-content\/uploads\/2024\/04\/BunolVueltaFem05.jpg 886w, https:\/\/www.tucomarca.com\/wordpress\/segunda\/wp-content\/uploads\/2024\/04\/BunolVueltaFem05-300x200.jpg 300w, https:\/\/www.tucomarca.com\/wordpress\/segunda\/wp-content\/uploads\/2024\/04\/BunolVueltaFem05-768x512.jpg 768w\" sizes=\"auto, (max-width: 886px) 100vw, 886px\" \/><figcaption class=\"wp-element-caption\">Screenshot<\/figcaption><\/figure>\n\n\n\n<figure class=\"wp-block-image size-large\"><img loading=\"lazy\" decoding=\"async\" width=\"886\" height=\"591\" data-id=\"221127\" src=\"https:\/\/www.tucomarca.com\/wordpress\/segunda\/wp-content\/uploads\/2024\/04\/BunolVueltaFem11.jpg\" alt=\"\" class=\"wp-image-221127\" srcset=\"https:\/\/www.tucomarca.com\/wordpress\/segunda\/wp-content\/uploads\/2024\/04\/BunolVueltaFem11.jpg 886w, https:\/\/www.tucomarca.com\/wordpress\/segunda\/wp-content\/uploads\/2024\/04\/BunolVueltaFem11-300x200.jpg 300w, https:\/\/www.tucomarca.com\/wordpress\/segunda\/wp-content\/uploads\/2024\/04\/BunolVueltaFem11-768x512.jpg 768w\" sizes=\"auto, (max-width: 886px) 100vw, 886px\" \/><figcaption class=\"wp-element-caption\">Screenshot<\/figcaption><\/figure>\n\n\n\n<figure class=\"wp-block-image size-large\"><img loading=\"lazy\" decoding=\"async\" width=\"886\" height=\"591\" data-id=\"221125\" src=\"https:\/\/www.tucomarca.com\/wordpress\/segunda\/wp-content\/uploads\/2024\/04\/BunolVueltaFem10.jpg\" alt=\"\" class=\"wp-image-221125\" srcset=\"https:\/\/www.tucomarca.com\/wordpress\/segunda\/wp-content\/uploads\/2024\/04\/BunolVueltaFem10.jpg 886w, https:\/\/www.tucomarca.com\/wordpress\/segunda\/wp-content\/uploads\/2024\/04\/BunolVueltaFem10-300x200.jpg 300w, https:\/\/www.tucomarca.com\/wordpress\/segunda\/wp-content\/uploads\/2024\/04\/BunolVueltaFem10-768x512.jpg 768w\" sizes=\"auto, (max-width: 886px) 100vw, 886px\" \/><figcaption class=\"wp-element-caption\">Screenshot<\/figcaption><\/figure>\n\n\n\n<figure class=\"wp-block-image size-large\"><img loading=\"lazy\" decoding=\"async\" width=\"886\" height=\"591\" data-id=\"221149\" src=\"https:\/\/www.tucomarca.com\/wordpress\/segunda\/wp-content\/uploads\/2024\/04\/BunolVueltaFem24.jpg\" alt=\"\" class=\"wp-image-221149\" srcset=\"https:\/\/www.tucomarca.com\/wordpress\/segunda\/wp-content\/uploads\/2024\/04\/BunolVueltaFem24.jpg 886w, https:\/\/www.tucomarca.com\/wordpress\/segunda\/wp-content\/uploads\/2024\/04\/BunolVueltaFem24-300x200.jpg 300w, https:\/\/www.tucomarca.com\/wordpress\/segunda\/wp-content\/uploads\/2024\/04\/BunolVueltaFem24-768x512.jpg 768w\" sizes=\"auto, (max-width: 886px) 100vw, 886px\" \/><\/figure>\n\n\n\n<figure class=\"wp-block-image size-large\"><img loading=\"lazy\" decoding=\"async\" width=\"886\" height=\"591\" data-id=\"221131\" src=\"https:\/\/www.tucomarca.com\/wordpress\/segunda\/wp-content\/uploads\/2024\/04\/BunolVueltaFem13.jpg\" alt=\"\" class=\"wp-image-221131\" srcset=\"https:\/\/www.tucomarca.com\/wordpress\/segunda\/wp-content\/uploads\/2024\/04\/BunolVueltaFem13.jpg 886w, https:\/\/www.tucomarca.com\/wordpress\/segunda\/wp-content\/uploads\/2024\/04\/BunolVueltaFem13-300x200.jpg 300w, https:\/\/www.tucomarca.com\/wordpress\/segunda\/wp-content\/uploads\/2024\/04\/BunolVueltaFem13-768x512.jpg 768w\" sizes=\"auto, (max-width: 886px) 100vw, 886px\" \/><figcaption class=\"wp-element-caption\">Screenshot<\/figcaption><\/figure>\n\n\n\n<figure class=\"wp-block-image size-large\"><img loading=\"lazy\" decoding=\"async\" width=\"886\" height=\"591\" data-id=\"221143\" src=\"https:\/\/www.tucomarca.com\/wordpress\/segunda\/wp-content\/uploads\/2024\/04\/BunolVueltaFem20.jpg\" alt=\"\" class=\"wp-image-221143\" srcset=\"https:\/\/www.tucomarca.com\/wordpress\/segunda\/wp-content\/uploads\/2024\/04\/BunolVueltaFem20.jpg 886w, https:\/\/www.tucomarca.com\/wordpress\/segunda\/wp-content\/uploads\/2024\/04\/BunolVueltaFem20-300x200.jpg 300w, https:\/\/www.tucomarca.com\/wordpress\/segunda\/wp-content\/uploads\/2024\/04\/BunolVueltaFem20-768x512.jpg 768w\" sizes=\"auto, (max-width: 886px) 100vw, 886px\" \/><\/figure>\n\n\n\n<figure class=\"wp-block-image size-large\"><img loading=\"lazy\" decoding=\"async\" width=\"886\" height=\"591\" data-id=\"221147\" src=\"https:\/\/www.tucomarca.com\/wordpress\/segunda\/wp-content\/uploads\/2024\/04\/BunolVueltaFem23.jpg\" alt=\"\" class=\"wp-image-221147\" srcset=\"https:\/\/www.tucomarca.com\/wordpress\/segunda\/wp-content\/uploads\/2024\/04\/BunolVueltaFem23.jpg 886w, https:\/\/www.tucomarca.com\/wordpress\/segunda\/wp-content\/uploads\/2024\/04\/BunolVueltaFem23-300x200.jpg 300w, https:\/\/www.tucomarca.com\/wordpress\/segunda\/wp-content\/uploads\/2024\/04\/BunolVueltaFem23-768x512.jpg 768w\" sizes=\"auto, (max-width: 886px) 100vw, 886px\" \/><\/figure>\n\n\n\n<figure class=\"wp-block-image size-large\"><img loading=\"lazy\" decoding=\"async\" width=\"886\" height=\"591\" data-id=\"221155\" src=\"https:\/\/www.tucomarca.com\/wordpress\/segunda\/wp-content\/uploads\/2024\/04\/BunolVueltaFem27.jpg\" alt=\"\" class=\"wp-image-221155\" srcset=\"https:\/\/www.tucomarca.com\/wordpress\/segunda\/wp-content\/uploads\/2024\/04\/BunolVueltaFem27.jpg 886w, https:\/\/www.tucomarca.com\/wordpress\/segunda\/wp-content\/uploads\/2024\/04\/BunolVueltaFem27-300x200.jpg 300w, https:\/\/www.tucomarca.com\/wordpress\/segunda\/wp-content\/uploads\/2024\/04\/BunolVueltaFem27-768x512.jpg 768w\" sizes=\"auto, (max-width: 886px) 100vw, 886px\" \/><\/figure>\n\n\n\n<figure class=\"wp-block-image size-large\"><img loading=\"lazy\" decoding=\"async\" width=\"886\" height=\"591\" data-id=\"221145\" src=\"https:\/\/www.tucomarca.com\/wordpress\/segunda\/wp-content\/uploads\/2024\/04\/BunolVueltaFem21.jpg\" alt=\"\" class=\"wp-image-221145\" srcset=\"https:\/\/www.tucomarca.com\/wordpress\/segunda\/wp-content\/uploads\/2024\/04\/BunolVueltaFem21.jpg 886w, https:\/\/www.tucomarca.com\/wordpress\/segunda\/wp-content\/uploads\/2024\/04\/BunolVueltaFem21-300x200.jpg 300w, https:\/\/www.tucomarca.com\/wordpress\/segunda\/wp-content\/uploads\/2024\/04\/BunolVueltaFem21-768x512.jpg 768w\" sizes=\"auto, (max-width: 886px) 100vw, 886px\" \/><\/figure>\n\n\n\n<figure class=\"wp-block-image size-large\"><img loading=\"lazy\" decoding=\"async\" width=\"886\" height=\"591\" data-id=\"221151\" src=\"https:\/\/www.tucomarca.com\/wordpress\/segunda\/wp-content\/uploads\/2024\/04\/BunolVueltaFem25.jpg\" alt=\"\" class=\"wp-image-221151\" srcset=\"https:\/\/www.tucomarca.com\/wordpress\/segunda\/wp-content\/uploads\/2024\/04\/BunolVueltaFem25.jpg 886w, https:\/\/www.tucomarca.com\/wordpress\/segunda\/wp-content\/uploads\/2024\/04\/BunolVueltaFem25-300x200.jpg 300w, https:\/\/www.tucomarca.com\/wordpress\/segunda\/wp-content\/uploads\/2024\/04\/BunolVueltaFem25-768x512.jpg 768w\" sizes=\"auto, (max-width: 886px) 100vw, 886px\" \/><\/figure>\n\n\n\n<figure class=\"wp-block-image size-large\"><img loading=\"lazy\" decoding=\"async\" width=\"886\" height=\"591\" data-id=\"221157\" src=\"https:\/\/www.tucomarca.com\/wordpress\/segunda\/wp-content\/uploads\/2024\/04\/BunolVueltaFem29.jpg\" alt=\"\" class=\"wp-image-221157\" srcset=\"https:\/\/www.tucomarca.com\/wordpress\/segunda\/wp-content\/uploads\/2024\/04\/BunolVueltaFem29.jpg 886w, https:\/\/www.tucomarca.com\/wordpress\/segunda\/wp-content\/uploads\/2024\/04\/BunolVueltaFem29-300x200.jpg 300w, https:\/\/www.tucomarca.com\/wordpress\/segunda\/wp-content\/uploads\/2024\/04\/BunolVueltaFem29-768x512.jpg 768w\" sizes=\"auto, (max-width: 886px) 100vw, 886px\" \/><\/figure>\n\n\n\n<figure class=\"wp-block-image size-large\"><img loading=\"lazy\" decoding=\"async\" width=\"886\" height=\"591\" data-id=\"221153\" src=\"https:\/\/www.tucomarca.com\/wordpress\/segunda\/wp-content\/uploads\/2024\/04\/BunolVueltaFem26.jpg\" alt=\"\" class=\"wp-image-221153\" srcset=\"https:\/\/www.tucomarca.com\/wordpress\/segunda\/wp-content\/uploads\/2024\/04\/BunolVueltaFem26.jpg 886w, https:\/\/www.tucomarca.com\/wordpress\/segunda\/wp-content\/uploads\/2024\/04\/BunolVueltaFem26-300x200.jpg 300w, https:\/\/www.tucomarca.com\/wordpress\/segunda\/wp-content\/uploads\/2024\/04\/BunolVueltaFem26-768x512.jpg 768w\" sizes=\"auto, (max-width: 886px) 100vw, 886px\" \/><\/figure>\n\n\n\n<figure class=\"wp-block-image size-large\"><img loading=\"lazy\" decoding=\"async\" width=\"886\" height=\"591\" data-id=\"221159\" src=\"https:\/\/www.tucomarca.com\/wordpress\/segunda\/wp-content\/uploads\/2024\/04\/BunolVueltaFem30.jpg\" alt=\"\" class=\"wp-image-221159\" srcset=\"https:\/\/www.tucomarca.com\/wordpress\/segunda\/wp-content\/uploads\/2024\/04\/BunolVueltaFem30.jpg 886w, https:\/\/www.tucomarca.com\/wordpress\/segunda\/wp-content\/uploads\/2024\/04\/BunolVueltaFem30-300x200.jpg 300w, https:\/\/www.tucomarca.com\/wordpress\/segunda\/wp-content\/uploads\/2024\/04\/BunolVueltaFem30-768x512.jpg 768w\" sizes=\"auto, (max-width: 886px) 100vw, 886px\" \/><\/figure>\n\n\n\n<figure class=\"wp-block-image size-large\"><img loading=\"lazy\" decoding=\"async\" width=\"886\" height=\"591\" data-id=\"221161\" src=\"https:\/\/www.tucomarca.com\/wordpress\/segunda\/wp-content\/uploads\/2024\/04\/BunolVueltaFem32.jpg\" alt=\"\" class=\"wp-image-221161\" srcset=\"https:\/\/www.tucomarca.com\/wordpress\/segunda\/wp-content\/uploads\/2024\/04\/BunolVueltaFem32.jpg 886w, https:\/\/www.tucomarca.com\/wordpress\/segunda\/wp-content\/uploads\/2024\/04\/BunolVueltaFem32-300x200.jpg 300w, https:\/\/www.tucomarca.com\/wordpress\/segunda\/wp-content\/uploads\/2024\/04\/BunolVueltaFem32-768x512.jpg 768w\" sizes=\"auto, (max-width: 886px) 100vw, 886px\" \/><\/figure>\n\n\n\n<figure class=\"wp-block-image size-large\"><img loading=\"lazy\" decoding=\"async\" width=\"886\" height=\"591\" data-id=\"221163\" src=\"https:\/\/www.tucomarca.com\/wordpress\/segunda\/wp-content\/uploads\/2024\/04\/BunolVueltaFem33.jpg\" alt=\"\" class=\"wp-image-221163\" srcset=\"https:\/\/www.tucomarca.com\/wordpress\/segunda\/wp-content\/uploads\/2024\/04\/BunolVueltaFem33.jpg 886w, https:\/\/www.tucomarca.com\/wordpress\/segunda\/wp-content\/uploads\/2024\/04\/BunolVueltaFem33-300x200.jpg 300w, https:\/\/www.tucomarca.com\/wordpress\/segunda\/wp-content\/uploads\/2024\/04\/BunolVueltaFem33-768x512.jpg 768w\" sizes=\"auto, (max-width: 886px) 100vw, 886px\" \/><\/figure>\n\n\n\n<figure class=\"wp-block-image size-large\"><img loading=\"lazy\" decoding=\"async\" width=\"886\" height=\"591\" data-id=\"221165\" src=\"https:\/\/www.tucomarca.com\/wordpress\/segunda\/wp-content\/uploads\/2024\/04\/BunolVueltaFem35.jpg\" alt=\"\" class=\"wp-image-221165\" srcset=\"https:\/\/www.tucomarca.com\/wordpress\/segunda\/wp-content\/uploads\/2024\/04\/BunolVueltaFem35.jpg 886w, https:\/\/www.tucomarca.com\/wordpress\/segunda\/wp-content\/uploads\/2024\/04\/BunolVueltaFem35-300x200.jpg 300w, https:\/\/www.tucomarca.com\/wordpress\/segunda\/wp-content\/uploads\/2024\/04\/BunolVueltaFem35-768x512.jpg 768w\" sizes=\"auto, (max-width: 886px) 100vw, 886px\" \/><\/figure>\n\n\n\n<figure class=\"wp-block-image size-large\"><img loading=\"lazy\" decoding=\"async\" width=\"886\" height=\"591\" data-id=\"221169\" src=\"https:\/\/www.tucomarca.com\/wordpress\/segunda\/wp-content\/uploads\/2024\/04\/BunolVueltaFem38.jpg\" alt=\"\" class=\"wp-image-221169\" srcset=\"https:\/\/www.tucomarca.com\/wordpress\/segunda\/wp-content\/uploads\/2024\/04\/BunolVueltaFem38.jpg 886w, https:\/\/www.tucomarca.com\/wordpress\/segunda\/wp-content\/uploads\/2024\/04\/BunolVueltaFem38-300x200.jpg 300w, https:\/\/www.tucomarca.com\/wordpress\/segunda\/wp-content\/uploads\/2024\/04\/BunolVueltaFem38-768x512.jpg 768w\" sizes=\"auto, (max-width: 886px) 100vw, 886px\" \/><\/figure>\n\n\n\n<figure class=\"wp-block-image size-large\"><img loading=\"lazy\" decoding=\"async\" width=\"886\" height=\"591\" data-id=\"221171\" src=\"https:\/\/www.tucomarca.com\/wordpress\/segunda\/wp-content\/uploads\/2024\/04\/BunolVueltaFem39.jpg\" alt=\"\" class=\"wp-image-221171\" srcset=\"https:\/\/www.tucomarca.com\/wordpress\/segunda\/wp-content\/uploads\/2024\/04\/BunolVueltaFem39.jpg 886w, https:\/\/www.tucomarca.com\/wordpress\/segunda\/wp-content\/uploads\/2024\/04\/BunolVueltaFem39-300x200.jpg 300w, https:\/\/www.tucomarca.com\/wordpress\/segunda\/wp-content\/uploads\/2024\/04\/BunolVueltaFem39-768x512.jpg 768w\" sizes=\"auto, (max-width: 886px) 100vw, 886px\" \/><\/figure>\n\n\n\n<figure class=\"wp-block-image size-large\"><img loading=\"lazy\" decoding=\"async\" width=\"886\" height=\"591\" data-id=\"221175\" src=\"https:\/\/www.tucomarca.com\/wordpress\/segunda\/wp-content\/uploads\/2024\/04\/BunolVueltaFem41.jpg\" alt=\"\" class=\"wp-image-221175\" srcset=\"https:\/\/www.tucomarca.com\/wordpress\/segunda\/wp-content\/uploads\/2024\/04\/BunolVueltaFem41.jpg 886w, https:\/\/www.tucomarca.com\/wordpress\/segunda\/wp-content\/uploads\/2024\/04\/BunolVueltaFem41-300x200.jpg 300w, https:\/\/www.tucomarca.com\/wordpress\/segunda\/wp-content\/uploads\/2024\/04\/BunolVueltaFem41-768x512.jpg 768w\" sizes=\"auto, (max-width: 886px) 100vw, 886px\" \/><\/figure>\n\n\n\n<figure class=\"wp-block-image size-large\"><img loading=\"lazy\" decoding=\"async\" width=\"886\" height=\"591\" data-id=\"221173\" src=\"https:\/\/www.tucomarca.com\/wordpress\/segunda\/wp-content\/uploads\/2024\/04\/BunolVueltaFem40.jpg\" alt=\"\" class=\"wp-image-221173\" srcset=\"https:\/\/www.tucomarca.com\/wordpress\/segunda\/wp-content\/uploads\/2024\/04\/BunolVueltaFem40.jpg 886w, https:\/\/www.tucomarca.com\/wordpress\/segunda\/wp-content\/uploads\/2024\/04\/BunolVueltaFem40-300x200.jpg 300w, https:\/\/www.tucomarca.com\/wordpress\/segunda\/wp-content\/uploads\/2024\/04\/BunolVueltaFem40-768x512.jpg 768w\" sizes=\"auto, (max-width: 886px) 100vw, 886px\" \/><\/figure>\n<\/figure>\n","protected":false},"excerpt":{"rendered":"<div class=\"mh-excerpt\">Malgrat la pluja que ha sigut present durant tot el mat\u00ed, la poblaci\u00f3 de Bunyol ha gaudit aquest dilluns amb il\u00b7lusi\u00f3 i molt de prop del ciclisme del m\u00e9s alt nivell gr\u00e0cies a l&#8217;eixida des <a class=\"mh-excerpt-more\" href=\"https:\/\/www.tucomarca.com\/wordpress\/segunda\/ca\/fotogaleria-bunol-disfruta-a-pesar-de-la-lluvia-de-la-salida-de-la-segunda-etapa-de-la-vuelta-ciclista-femenina-a-espana\/\" title=\"Fotogaler\u00eda: Bunyol gaudeix, malgrat la pluja, de l&#8217;eixida de la segona etapa de la Volta Ciclista Femenina a Espanya\">[+] <\/a><\/div>\n","protected":false},"author":1,"featured_media":221178,"comment_status":"open","ping_status":"open","sticky":false,"template":"","format":"gallery","meta":{"footnotes":""},"categories":[10911,11013,11003,10898,10948,10894,10904,10912,10896,10975],"tags":[10913,11146,10914,13857,20531],"class_list":{"0":"post-221183","1":"post","2":"type-post","3":"status-publish","4":"format-gallery","5":"has-post-thumbnail","7":"category-bunol-ca","8":"category-ciclismo-ca","9":"category-sports","10":"category-ventana-ca","11":"category-infraestructuras-ca","12":"category-la-comarca-ca","13":"category-sin-categorizar-ca","14":"category-la-hoya-ca","15":"category-seccion-ca","16":"category-chiva-ca","17":"tag-bunol-ca","18":"tag-ciclismo-2-ca","19":"tag-la-hoya-de-bunol-chiva-ca","20":"tag-vuelta-ciclista-ca","21":"tag-vuelta-ciclista-a-espana-femenina-ca","22":"post_format-post-format-gallery"},"_links":{"self":[{"href":"https:\/\/www.tucomarca.com\/wordpress\/segunda\/ca\/wp-json\/wp\/v2\/posts\/221183","targetHints":{"allow":["GET"]}}],"collection":[{"href":"https:\/\/www.tucomarca.com\/wordpress\/segunda\/ca\/wp-json\/wp\/v2\/posts"}],"about":[{"href":"https:\/\/www.tucomarca.com\/wordpress\/segunda\/ca\/wp-json\/wp\/v2\/types\/post"}],"author":[{"embeddable":true,"href":"https:\/\/www.tucomarca.com\/wordpress\/segunda\/ca\/wp-json\/wp\/v2\/users\/1"}],"replies":[{"embeddable":true,"href":"https:\/\/www.tucomarca.com\/wordpress\/segunda\/ca\/wp-json\/wp\/v2\/comments?post=221183"}],"version-history":[{"count":0,"href":"https:\/\/www.tucomarca.com\/wordpress\/segunda\/ca\/wp-json\/wp\/v2\/posts\/221183\/revisions"}],"wp:featuredmedia":[{"embeddable":true,"href":"https:\/\/www.tucomarca.com\/wordpress\/segunda\/ca\/wp-json\/wp\/v2\/media\/221178"}],"wp:attachment":[{"href":"https:\/\/www.tucomarca.com\/wordpress\/segunda\/ca\/wp-json\/wp\/v2\/media?parent=221183"}],"wp:term":[{"taxonomy":"category","embeddable":true,"href":"https:\/\/www.tucomarca.com\/wordpress\/segunda\/ca\/wp-json\/wp\/v2\/categories?post=221183"},{"taxonomy":"post_tag","embeddable":true,"href":"https:\/\/www.tucomarca.com\/wordpress\/segunda\/ca\/wp-json\/wp\/v2\/tags?post=221183"}],"curies":[{"name":"wp","href":"https:\/\/api.w.org\/{rel}","templated":true}]}}