{"id":221389,"date":"2024-05-02T10:50:00","date_gmt":"2024-05-02T08:50:00","guid":{"rendered":"https:\/\/www.tucomarca.com\/wordpress\/segunda\/?p=221389"},"modified":"2024-05-02T11:23:10","modified_gmt":"2024-05-02T09:23:10","slug":"finalitza-el-v-cicle-de-musica-de-cambra-de-godelleta","status":"publish","type":"post","link":"https:\/\/www.tucomarca.com\/wordpress\/segunda\/ca\/finalitza-el-v-cicle-de-musica-de-cambra-de-godelleta\/","title":{"rendered":"Finalitza el V Cicle de M\u00fasica de Cambra de Godelleta"},"content":{"rendered":"\n<p>Aquest cap de setmana ha finalitzat el V Cicle de M\u00fasica de Cambra, organitzat per la Uni\u00f3 Musical de Godelleta i amb la col\u00b7laboraci\u00f3 de l&#8217;Ajuntament. El tancament del cicle s&#8217;ha produ\u00eft amb les actuacions del Duo Keile, el Duo Kelebekler, Punk Sailor, Schola Saix Ensemble i Perkuman\u00eda Ensemble.&nbsp;<\/p>\n\n\n\n<p>En total, han sigut cinc dies durant dos caps de setmana del mes d&#8217;abril on s&#8217;ha pogut gaudir de diferents concerts per al p\u00fablic infantil i adult.<\/p>\n\n\n\n<p>Una edici\u00f3 que un any m\u00e9s es dedica a un fi ben\u00e8fic, en aquesta ocasi\u00f3, a Adela-CV, l&#8217;Associaci\u00f3 Valenciana contra l&#8217;Esclerosi Lateral Amiotr\u00f2fica. Informa, <strong>P. Ferrer<\/strong>.<\/p>\n\n\n\n<p>Fotos: <strong>Joaqu\u00edn Cuallad\u00f3<\/strong>.<\/p>\n\n\n\n<figure class=\"wp-block-gallery has-nested-images columns-1 is-cropped wp-block-gallery-1 is-layout-flex wp-block-gallery-is-layout-flex\">\n<figure class=\"wp-block-image size-large\"><img loading=\"lazy\" decoding=\"async\" width=\"1024\" height=\"605\" data-id=\"221382\" src=\"https:\/\/www.tucomarca.com\/wordpress\/segunda\/wp-content\/uploads\/2024\/04\/GodelletaMusicaCamara1-1024x605.jpg\" alt=\"\" class=\"wp-image-221382\" srcset=\"https:\/\/www.tucomarca.com\/wordpress\/segunda\/wp-content\/uploads\/2024\/04\/GodelletaMusicaCamara1-1024x605.jpg 1024w, https:\/\/www.tucomarca.com\/wordpress\/segunda\/wp-content\/uploads\/2024\/04\/GodelletaMusicaCamara1-300x177.jpg 300w, https:\/\/www.tucomarca.com\/wordpress\/segunda\/wp-content\/uploads\/2024\/04\/GodelletaMusicaCamara1-768x454.jpg 768w, https:\/\/www.tucomarca.com\/wordpress\/segunda\/wp-content\/uploads\/2024\/04\/GodelletaMusicaCamara1.jpg 1440w\" sizes=\"auto, (max-width: 1024px) 100vw, 1024px\" \/><\/figure>\n\n\n\n<figure class=\"wp-block-image size-large\"><img loading=\"lazy\" decoding=\"async\" width=\"1024\" height=\"605\" data-id=\"221386\" src=\"https:\/\/www.tucomarca.com\/wordpress\/segunda\/wp-content\/uploads\/2024\/04\/GodelletaMusicaCamara3-1024x605.jpg\" alt=\"\" class=\"wp-image-221386\" srcset=\"https:\/\/www.tucomarca.com\/wordpress\/segunda\/wp-content\/uploads\/2024\/04\/GodelletaMusicaCamara3-1024x605.jpg 1024w, https:\/\/www.tucomarca.com\/wordpress\/segunda\/wp-content\/uploads\/2024\/04\/GodelletaMusicaCamara3-300x177.jpg 300w, https:\/\/www.tucomarca.com\/wordpress\/segunda\/wp-content\/uploads\/2024\/04\/GodelletaMusicaCamara3-768x454.jpg 768w, https:\/\/www.tucomarca.com\/wordpress\/segunda\/wp-content\/uploads\/2024\/04\/GodelletaMusicaCamara3.jpg 1440w\" sizes=\"auto, (max-width: 1024px) 100vw, 1024px\" \/><\/figure>\n<\/figure>\n","protected":false},"excerpt":{"rendered":"<div class=\"mh-excerpt\">Aquest cap de setmana ha finalitzat el V Cicle de M\u00fasica de Cambra, organitzat per la Uni\u00f3 Musical de Godelleta i amb la col\u00b7laboraci\u00f3 de l&#8217;Ajuntament. El tancament del cicle s&#8217;ha produ\u00eft amb les actuacions <a class=\"mh-excerpt-more\" href=\"https:\/\/www.tucomarca.com\/wordpress\/segunda\/ca\/finalitza-el-v-cicle-de-musica-de-cambra-de-godelleta\/\" title=\"Finalitza el V Cicle de M\u00fasica de Cambra de Godelleta\">[+] <\/a><\/div>\n","protected":false},"author":12,"featured_media":221385,"comment_status":"open","ping_status":"open","sticky":false,"template":"","format":"gallery","meta":{"footnotes":""},"categories":[10911,11005,10977,10894,10912,11007,10896],"tags":[11087,10914,11693,20623],"class_list":{"0":"post-221389","1":"post","2":"type-post","3":"status-publish","4":"format-gallery","5":"has-post-thumbnail","7":"category-bunol-ca","8":"category-canal-musica","9":"category-godelleta-ca","10":"category-la-comarca-ca","11":"category-la-hoya-ca","12":"category-ocio-y-cultura-ca","13":"category-seccion-ca","14":"tag-godelleta-ca","15":"tag-la-hoya-de-bunol-chiva-ca","16":"tag-um-de-godelleta-ca","17":"tag-v-ciclo-de-musica-de-camara-ca","18":"post_format-post-format-gallery"},"_links":{"self":[{"href":"https:\/\/www.tucomarca.com\/wordpress\/segunda\/ca\/wp-json\/wp\/v2\/posts\/221389","targetHints":{"allow":["GET"]}}],"collection":[{"href":"https:\/\/www.tucomarca.com\/wordpress\/segunda\/ca\/wp-json\/wp\/v2\/posts"}],"about":[{"href":"https:\/\/www.tucomarca.com\/wordpress\/segunda\/ca\/wp-json\/wp\/v2\/types\/post"}],"author":[{"embeddable":true,"href":"https:\/\/www.tucomarca.com\/wordpress\/segunda\/ca\/wp-json\/wp\/v2\/users\/12"}],"replies":[{"embeddable":true,"href":"https:\/\/www.tucomarca.com\/wordpress\/segunda\/ca\/wp-json\/wp\/v2\/comments?post=221389"}],"version-history":[{"count":0,"href":"https:\/\/www.tucomarca.com\/wordpress\/segunda\/ca\/wp-json\/wp\/v2\/posts\/221389\/revisions"}],"wp:featuredmedia":[{"embeddable":true,"href":"https:\/\/www.tucomarca.com\/wordpress\/segunda\/ca\/wp-json\/wp\/v2\/media\/221385"}],"wp:attachment":[{"href":"https:\/\/www.tucomarca.com\/wordpress\/segunda\/ca\/wp-json\/wp\/v2\/media?parent=221389"}],"wp:term":[{"taxonomy":"category","embeddable":true,"href":"https:\/\/www.tucomarca.com\/wordpress\/segunda\/ca\/wp-json\/wp\/v2\/categories?post=221389"},{"taxonomy":"post_tag","embeddable":true,"href":"https:\/\/www.tucomarca.com\/wordpress\/segunda\/ca\/wp-json\/wp\/v2\/tags?post=221389"}],"curies":[{"name":"wp","href":"https:\/\/api.w.org\/{rel}","templated":true}]}}