{"id":221602,"date":"2024-05-02T10:47:00","date_gmt":"2024-05-02T08:47:00","guid":{"rendered":"https:\/\/www.tucomarca.com\/wordpress\/segunda\/?p=221602"},"modified":"2024-05-02T14:03:49","modified_gmt":"2024-05-02T12:03:49","slug":"la-societat-musical-lartistica-de-xiva-ofereix-un-cap-de-setmana-de-bona-musica","status":"publish","type":"post","link":"https:\/\/www.tucomarca.com\/wordpress\/segunda\/ca\/la-societat-musical-lartistica-de-xiva-ofereix-un-cap-de-setmana-de-bona-musica\/","title":{"rendered":"La Societat Musical &#8220;L&#8217;Art\u00edstica&#8221; de Xiva ofereix un cap de setmana de bona m\u00fasica"},"content":{"rendered":"\n<h3 class=\"wp-block-heading\">El primer concert s&#8217;ha oferit el dissabte, 27 d&#8217;abril, a les 19,30 hores a l&#8217;auditori de la Casa de la M\u00fasica. El concert estava emmarcat dins de la campanya Excel-lent de la Diputaci\u00f3 de Val\u00e8ncia, la banda simf\u00f2nica va oferir un monogr\u00e0fic d&#8217;obres del compositor valenci\u00e0 Domingo Vela Alcaina.<\/h3>\n\n\n\n<h3 class=\"wp-block-heading\">El segon concert va ser oferit el diumenge, 28 d&#8217;abril, a les 12,00 hores, tamb\u00e9 a l&#8217;auditori de la Casa de la M\u00fasica per l&#8217;orquestra de corda Maestro Garc\u00eda Navarro, per a celebrar el segon aniversari de la seua creaci\u00f3.<\/h3>\n\n\n\n<figure class=\"wp-block-gallery alignleft has-nested-images columns-default is-cropped wp-block-gallery-1 is-layout-flex wp-block-gallery-is-layout-flex\">\n<figure class=\"wp-block-image size-large\"><img loading=\"lazy\" decoding=\"async\" width=\"732\" height=\"1024\" data-id=\"221596\" src=\"https:\/\/www.tucomarca.com\/wordpress\/segunda\/wp-content\/uploads\/2024\/05\/Chivaconcierto1-732x1024.jpg\" alt=\"\" class=\"wp-image-221596\" srcset=\"https:\/\/www.tucomarca.com\/wordpress\/segunda\/wp-content\/uploads\/2024\/05\/Chivaconcierto1-732x1024.jpg 732w, https:\/\/www.tucomarca.com\/wordpress\/segunda\/wp-content\/uploads\/2024\/05\/Chivaconcierto1-215x300.jpg 215w, https:\/\/www.tucomarca.com\/wordpress\/segunda\/wp-content\/uploads\/2024\/05\/Chivaconcierto1-768x1074.jpg 768w, https:\/\/www.tucomarca.com\/wordpress\/segunda\/wp-content\/uploads\/2024\/05\/Chivaconcierto1.jpg 886w\" sizes=\"auto, (max-width: 732px) 100vw, 732px\" \/><\/figure>\n\n\n\n<figure class=\"wp-block-image size-large\"><img loading=\"lazy\" decoding=\"async\" width=\"723\" height=\"1024\" data-id=\"221598\" src=\"https:\/\/www.tucomarca.com\/wordpress\/segunda\/wp-content\/uploads\/2024\/05\/Chivaconcierto2-723x1024.jpg\" alt=\"\" class=\"wp-image-221598\" srcset=\"https:\/\/www.tucomarca.com\/wordpress\/segunda\/wp-content\/uploads\/2024\/05\/Chivaconcierto2-723x1024.jpg 723w, https:\/\/www.tucomarca.com\/wordpress\/segunda\/wp-content\/uploads\/2024\/05\/Chivaconcierto2-212x300.jpg 212w, https:\/\/www.tucomarca.com\/wordpress\/segunda\/wp-content\/uploads\/2024\/05\/Chivaconcierto2-768x1087.jpg 768w, https:\/\/www.tucomarca.com\/wordpress\/segunda\/wp-content\/uploads\/2024\/05\/Chivaconcierto2.jpg 886w\" sizes=\"auto, (max-width: 723px) 100vw, 723px\" \/><\/figure>\n<\/figure>\n\n\n\n<p>El primer concert, s&#8217;ha oferit el dissabte, 27 d&#8217;abril, a les 19,30 hores a l&#8217;auditori de la Casa de la M\u00fasica. El concert estava emmarcat dins de la campanya Excel-lent de la Diputaci\u00f3 de Val\u00e8ncia, la banda simf\u00f2nica va oferir un monogr\u00e0fic d&#8217;obres del compositor valenci\u00e0 Domingo Vela Alcaina.<\/p>\n\n\n\n<p>Sr. Domingo Vela Alcaina (Pedralba-Val\u00e8ncia. 1905-1998) Director del Cos Nacional de Directors de Bandes de M\u00fasica, va fundar la Banda d&#8217;Albal i va dirigir diverses bandes: Aiora, Pe\u00f1arroya-Pueblonuevo, Banda Municipal de C\u00e0ceres i va estar vinculat a l&#8217;Art\u00edstica de Xiva, durant els anys, 1929-1930, 1940-1953 i 1971-1975. Va compondre m\u00e9s de 80 obres de tots els g\u00e8neres, la majoria estan editades i registrades en la SGAE.<\/p>\n\n\n\n<p>La seua vinculaci\u00f3 m\u00e9s entranyable, manifestada per ell mateix en nombroses ocasions, va anar sempre amb la seua benvolguda Banda \u201cL&#8217;Art\u00edstica\u201d de Xiva, amb la qual sempre va mantindre una estreta relaci\u00f3 de lliurament i afecte, i amb la qual va aconseguir nombrosos primers premis en cert\u00e0mens, i en la va inculcar l&#8217;amor per la m\u00fasica en els joves, creant la primera escola d&#8217;educands, i aconseguint que fora una banda consolidada, amb personalitat pr\u00f2pia i pes espec\u00edfic en la seua categoria de 45 places en tota la prov\u00edncia de Val\u00e8ncia, amb una harmonia, afinaci\u00f3 i qualitat expressiva que la feien destacar, i amb la va estrenar i va interpretar la majoria de les seues composicions.<\/p>\n\n\n\n<p>En aquesta monogr\u00e0fic, la Banda Simf\u00f2nica de l&#8217;Art\u00edstica de Xiva, dirigida pel seu titular Vicente Reche Ruiz, ens va oferir els pasdobles: Carmen Boullosa. Cecilia. Estrela Llevantina i Petra-Alba. La marxa de process\u00f3: Jacobi Apostoli. Popular-festiva: Zambra Gitana. La polca per a dues trompetes: Isabel. L&#8217;obertura: Tal\u00eda i la fantasia: Ib\u00e8rica. Va tancar el concert la interpretaci\u00f3 del Salve Xiva (Himne a Xiva), de A. Alfonso i arranjaments de Domingo Vela.<\/p>\n\n\n\n<p>Hi ha m\u00fasics actuals i assistents que van ser m\u00fasics amb Sr. Domingo Vela, que es van sentir emocionats pels seus records, i la Banda amb una harmonia i plasticitat extraordin\u00e0ria que va interaccionar amb el p\u00fablic que va viure un concert extraordinari, i que els va premiar amb forts i prolongats aplaudiments en cadascuna de les interpretacions i en moltes d&#8217;elles posats dretes.<\/p>\n\n\n\n<p>El segon concert va ser oferit el diumenge, 28 d&#8217;abril, a les 12,00 hores, tamb\u00e9 a l&#8217;auditori de la Casa de la M\u00fasica per l&#8217;orquestra de corda Maestro Garc\u00eda Navarro, per a celebrar el segon aniversari de la seua creaci\u00f3.<\/p>\n\n\n\n<figure class=\"wp-block-gallery has-nested-images columns-1 is-cropped wp-block-gallery-2 is-layout-flex wp-block-gallery-is-layout-flex\">\n<figure class=\"wp-block-image size-large\"><img loading=\"lazy\" decoding=\"async\" width=\"1024\" height=\"460\" data-id=\"221589\" src=\"https:\/\/www.tucomarca.com\/wordpress\/segunda\/wp-content\/uploads\/2024\/05\/ChivaOrquesta1-1024x460.jpg\" alt=\"\" class=\"wp-image-221589\" srcset=\"https:\/\/www.tucomarca.com\/wordpress\/segunda\/wp-content\/uploads\/2024\/05\/ChivaOrquesta1-1024x460.jpg 1024w, https:\/\/www.tucomarca.com\/wordpress\/segunda\/wp-content\/uploads\/2024\/05\/ChivaOrquesta1-300x135.jpg 300w, https:\/\/www.tucomarca.com\/wordpress\/segunda\/wp-content\/uploads\/2024\/05\/ChivaOrquesta1-768x345.jpg 768w, https:\/\/www.tucomarca.com\/wordpress\/segunda\/wp-content\/uploads\/2024\/05\/ChivaOrquesta1.jpg 1181w\" sizes=\"auto, (max-width: 1024px) 100vw, 1024px\" \/><\/figure>\n\n\n\n<figure class=\"wp-block-image size-large\"><img loading=\"lazy\" decoding=\"async\" width=\"1024\" height=\"460\" data-id=\"221591\" src=\"https:\/\/www.tucomarca.com\/wordpress\/segunda\/wp-content\/uploads\/2024\/05\/ChivaOrquesta2-1024x460.jpg\" alt=\"\" class=\"wp-image-221591\" srcset=\"https:\/\/www.tucomarca.com\/wordpress\/segunda\/wp-content\/uploads\/2024\/05\/ChivaOrquesta2-1024x460.jpg 1024w, https:\/\/www.tucomarca.com\/wordpress\/segunda\/wp-content\/uploads\/2024\/05\/ChivaOrquesta2-300x135.jpg 300w, https:\/\/www.tucomarca.com\/wordpress\/segunda\/wp-content\/uploads\/2024\/05\/ChivaOrquesta2-768x345.jpg 768w, https:\/\/www.tucomarca.com\/wordpress\/segunda\/wp-content\/uploads\/2024\/05\/ChivaOrquesta2.jpg 1181w\" sizes=\"auto, (max-width: 1024px) 100vw, 1024px\" \/><\/figure>\n<\/figure>\n\n\n\n<p>En la primera part van interpretar magistralment El Cigne, del carnestoltes dels animals, del compositor Camile Saint-Sa\u00ebns, i el cello solista va ser: Marina Mart\u00ednez de Bernardo. La segona obra oferida va ser Triava per a Cello i Orquestra Op-24 de Gabriel Faur\u00e9, amb Aitana S\u00e1nchez M\u00ednguez, com a cello solista, tancant aquesta primera part amb l&#8217;obra Concert per a dos cellos en sol menor, RV-531 d&#8217;Antonio Vivaldi. (I.- Reunisc. II.- Llarg i III.- Allegro), amb els cellos solistes, Aitana S\u00e1nchez M\u00ednguez i Lourdes Vall\u00e9s Ib\u00e1\u00f1ez.\u00a0<\/p>\n\n\n\n<p>El director titular de l&#8217;Orquestra Gonzalo Alarc\u00f3n Burriel, a l&#8217;inici de cada obra ens va donar unes xicotetes dades sobre la mateixa i el compositor que, units a l&#8217;expressivitat dels solistes, va fer gaudir de cadascuna de les obres amb m\u00e9s intensitat, i que arranque els espontanis i grans aplaudiments del p\u00fablic.<\/p>\n\n\n\n<p>Ja en la segona part, que en el programa de m\u00e0 la van titular: Beethoven Did\u00e1ctico\u201d, amb l&#8217;anunci de la interpretaci\u00f3 de la Simfonia N\u00fam. 7 en La Major, Op-92 (II.- Allegretto), el directe ens va introduir en la seua composici\u00f3. Va explicar des de la data de la seua creaci\u00f3 i els diferents moviments d&#8217;aquesta, iniciats pels primers concordes que s&#8217;inicien en els cellos i continuen pels violins segons i primers. Els ritmes, la melodia en les seues variacions greus o agudes, les fugides, etc. i com sonaven en els diferents instruments, que va permetre gaudir molt m\u00e9s del segon moviment d&#8217;aquesta gran simfonia. El Director i l&#8217;Orquestra van tornar a escoltar els intensos i forts aplaudiments del p\u00fablic posat dret que van premiar aquest nou concert. Finalment assenyalar que el Director Gonzalo Alarc\u00f3n Burriel, va disposar una fila de seients a cada costat de l&#8217;escenari perqu\u00e8 l&#8217;assistent que ho desitjara poguera sentir el concert des de dins, com ell es va expressar, sent r\u00e0pidament ocupats.<\/p>\n\n\n\n<p>Va finalitzar en concert amb la interpretaci\u00f3 d&#8217;uns compassos de l&#8217;Oda a l&#8217;Alegria, m\u00e9s coneguda per Himne a l&#8217;Alegria, de la 9 Simfonia de Beethoven.<\/p>\n","protected":false},"excerpt":{"rendered":"<div class=\"mh-excerpt\">El primer concert s&#8217;ha oferit el dissabte, 27 d&#8217;abril, a les 19,30 hores a l&#8217;auditori de la Casa de la M\u00fasica. El concert estava emmarcat dins de la campanya Excel-lent de la Diputaci\u00f3 de Val\u00e8ncia, <a class=\"mh-excerpt-more\" href=\"https:\/\/www.tucomarca.com\/wordpress\/segunda\/ca\/la-societat-musical-lartistica-de-xiva-ofereix-un-cap-de-setmana-de-bona-musica\/\" title=\"La Societat Musical &#8220;L&#8217;Art\u00edstica&#8221; de Xiva ofereix un cap de setmana de bona m\u00fasica\">[+] <\/a><\/div>\n","protected":false},"author":12,"featured_media":221588,"comment_status":"open","ping_status":"open","sticky":false,"template":"","format":"gallery","meta":{"footnotes":""},"categories":[11005,10894,10912,11007,10896,10975],"tags":[11195,10914,14188],"class_list":{"0":"post-221602","1":"post","2":"type-post","3":"status-publish","4":"format-gallery","5":"has-post-thumbnail","7":"category-canal-musica","8":"category-la-comarca-ca","9":"category-la-hoya-ca","10":"category-ocio-y-cultura-ca","11":"category-seccion-ca","12":"category-chiva-ca","13":"tag-chiva-ca","14":"tag-la-hoya-de-bunol-chiva-ca","15":"tag-sm-la-artistica-de-chiva-2-ca","16":"post_format-post-format-gallery"},"_links":{"self":[{"href":"https:\/\/www.tucomarca.com\/wordpress\/segunda\/ca\/wp-json\/wp\/v2\/posts\/221602","targetHints":{"allow":["GET"]}}],"collection":[{"href":"https:\/\/www.tucomarca.com\/wordpress\/segunda\/ca\/wp-json\/wp\/v2\/posts"}],"about":[{"href":"https:\/\/www.tucomarca.com\/wordpress\/segunda\/ca\/wp-json\/wp\/v2\/types\/post"}],"author":[{"embeddable":true,"href":"https:\/\/www.tucomarca.com\/wordpress\/segunda\/ca\/wp-json\/wp\/v2\/users\/12"}],"replies":[{"embeddable":true,"href":"https:\/\/www.tucomarca.com\/wordpress\/segunda\/ca\/wp-json\/wp\/v2\/comments?post=221602"}],"version-history":[{"count":0,"href":"https:\/\/www.tucomarca.com\/wordpress\/segunda\/ca\/wp-json\/wp\/v2\/posts\/221602\/revisions"}],"wp:featuredmedia":[{"embeddable":true,"href":"https:\/\/www.tucomarca.com\/wordpress\/segunda\/ca\/wp-json\/wp\/v2\/media\/221588"}],"wp:attachment":[{"href":"https:\/\/www.tucomarca.com\/wordpress\/segunda\/ca\/wp-json\/wp\/v2\/media?parent=221602"}],"wp:term":[{"taxonomy":"category","embeddable":true,"href":"https:\/\/www.tucomarca.com\/wordpress\/segunda\/ca\/wp-json\/wp\/v2\/categories?post=221602"},{"taxonomy":"post_tag","embeddable":true,"href":"https:\/\/www.tucomarca.com\/wordpress\/segunda\/ca\/wp-json\/wp\/v2\/tags?post=221602"}],"curies":[{"name":"wp","href":"https:\/\/api.w.org\/{rel}","templated":true}]}}