{"id":221658,"date":"2024-05-02T10:46:00","date_gmt":"2024-05-02T08:46:00","guid":{"rendered":"https:\/\/www.tucomarca.com\/wordpress\/segunda\/?p=221658"},"modified":"2024-05-02T18:32:06","modified_gmt":"2024-05-02T16:32:06","slug":"el-certamen-literari-ateneu-de-xest-celebra-el-lliurament-de-premis-de-la-seua-23a-edicio","status":"publish","type":"post","link":"https:\/\/www.tucomarca.com\/wordpress\/segunda\/ca\/el-certamen-literari-ateneu-de-xest-celebra-el-lliurament-de-premis-de-la-seua-23a-edicio\/","title":{"rendered":"El Certamen Literari Ateneu de Xest celebra el lliurament de premis de la seua 23a edici\u00f3"},"content":{"rendered":"\n<p>Dimarts passat, 30 d&#8217;abril, es va celebrar el lliurament de premis de la 23a edici\u00f3 del Certamen Literari Ateneu, una iniciativa de la Regidoria de Cultura, la Fundaci\u00f3 cajacheste i la societat Ateneu l&#8217;Alian\u00e7a, en la qual participen els centres educatius p\u00fablics de Prim\u00e0ria, el col\u00b7legi San Jos\u00e9 de la Muntanya, l&#8217;IES Ricardo Mar\u00edn i el Centre de Formaci\u00f3 de Persones Adultes. Un any m\u00e9s, el certamen ha superat la xifra de les 500 obres presentades, en les modalitats de relat breu, poesia i c\u00f2mic.<\/p>\n\n\n\n<p>L&#8217;acte es va obrir amb les paraules de l&#8217;escriptor i rapsode David Vidal, conductor de l&#8217;acte, qui va donar la benvinguda a les m\u00e9s de 200 persones reunides en la sala d&#8217;actes de la Fundaci\u00f3 cajacheste. Vidal va convidar al p\u00fablic a participar en diversos jocs po\u00e8tics per a comen\u00e7ar i seguidament va donar pas a la regidora de Cultura, M\u00aa \u00c1ngeles Llorente, que va dedicar un ampli reconeixement a la implicaci\u00f3 en el certamen per part del professorat, equips directius, alumnat, fam\u00edlies i jurat, i va posar en valor la lectura. \u201cTots els dies milions de xiquets i xiquetes aprenen a llegir a les escoles, aquest acte tan senzill \u00e9s transcendental per a la vida de les persones i per a l&#8217;avan\u00e7 de la societat. La hist\u00f2ria de la lectura i l&#8217;escriptura \u00e9s la hist\u00f2ria del progr\u00e9s de la Humanitat\u201d, manifestava Llorente.<\/p>\n\n\n\n<p>Per part seua, el director de la Fundaci\u00f3 Cajacheste, Fernando Nadal, va incidir a destacar la import\u00e0ncia de la literatura. \u201cPer a viatjar no hi ha millor nau que un llibre, la literatura \u00e9s essencial per als \u00e9ssers humans, ens acompanya i ens convida a pensar i a reflexionar, per tot aix\u00f2 des de la Fundaci\u00f3 volem donar l&#8217;enhorabona als escriptors i les escriptores que heu participat; en aquest premi es reconeix l&#8217;amor per les lletres\u201d, apuntava Nadal.<\/p>\n\n\n\n<p>Per a tancar la ronda d&#8217;intervencions, el president de l&#8217;Associaci\u00f3 Ateneu L&#8217;Alian\u00e7a, Rafael Navarro, va dedicar tamb\u00e9 unes paraules al p\u00fablic per a agrair la labor de les persones implicades en l&#8217;organitzaci\u00f3 del certamen i donar l&#8217;enhorabona als i les participants.<\/p>\n\n\n\n<p>El lliurament de premis va estar amenitzada pel duo format pel poeta Vicent Camps i el guitarrista Miquel P\u00e9rez, els qui musicalizaron en vers les introduccions de cada modalitat del certamen. Les 28 persones guardonades en les diferents categories van rebre un diploma de mans dels representants de cada entitat organitzadora. El primer premi de cada categoria consistia en un val regale de 100 euros canviable per material de lectura i escriptura en papereries de la localitat; el segon premi comptava amb les mateixes condicions en un val de 50 euros. El jurat del certamen, formant per Pilar Rosell\u00f3, M\u00aa \u00c1ngeles Corber\u00e1n, Francisco Javier Rodrigo, M\u00aa Carmen Corber\u00e1n, Encarna Escobedo i Amparo S\u00e1nchez, tamb\u00e9 va rebre un obsequi per la seua col\u00b7laboraci\u00f3 desinteressada en el certamen i, per a tancar l&#8217;acte, es va realitzar una foto grupal.<\/p>\n\n\n\n<figure class=\"wp-block-gallery has-nested-images columns-2 is-cropped wp-block-gallery-1 is-layout-flex wp-block-gallery-is-layout-flex\">\n<figure class=\"wp-block-image size-large\"><img loading=\"lazy\" decoding=\"async\" width=\"886\" height=\"591\" data-id=\"221653\" src=\"https:\/\/www.tucomarca.com\/wordpress\/segunda\/wp-content\/uploads\/2024\/05\/ChesteCertamenAteneo5.jpg\" alt=\"\" class=\"wp-image-221653\" srcset=\"https:\/\/www.tucomarca.com\/wordpress\/segunda\/wp-content\/uploads\/2024\/05\/ChesteCertamenAteneo5.jpg 886w, https:\/\/www.tucomarca.com\/wordpress\/segunda\/wp-content\/uploads\/2024\/05\/ChesteCertamenAteneo5-300x200.jpg 300w, https:\/\/www.tucomarca.com\/wordpress\/segunda\/wp-content\/uploads\/2024\/05\/ChesteCertamenAteneo5-768x512.jpg 768w\" sizes=\"auto, (max-width: 886px) 100vw, 886px\" \/><\/figure>\n\n\n\n<figure class=\"wp-block-image size-large\"><img loading=\"lazy\" decoding=\"async\" width=\"886\" height=\"590\" data-id=\"221655\" src=\"https:\/\/www.tucomarca.com\/wordpress\/segunda\/wp-content\/uploads\/2024\/05\/ChesteCertamenAteneo6.jpg\" alt=\"\" class=\"wp-image-221655\" srcset=\"https:\/\/www.tucomarca.com\/wordpress\/segunda\/wp-content\/uploads\/2024\/05\/ChesteCertamenAteneo6.jpg 886w, https:\/\/www.tucomarca.com\/wordpress\/segunda\/wp-content\/uploads\/2024\/05\/ChesteCertamenAteneo6-300x200.jpg 300w, https:\/\/www.tucomarca.com\/wordpress\/segunda\/wp-content\/uploads\/2024\/05\/ChesteCertamenAteneo6-768x511.jpg 768w\" sizes=\"auto, (max-width: 886px) 100vw, 886px\" \/><\/figure>\n\n\n\n<figure class=\"wp-block-image size-large\"><img loading=\"lazy\" decoding=\"async\" width=\"886\" height=\"591\" data-id=\"221651\" src=\"https:\/\/www.tucomarca.com\/wordpress\/segunda\/wp-content\/uploads\/2024\/05\/ChesteCertamenAteneo4.jpg\" alt=\"\" class=\"wp-image-221651\" srcset=\"https:\/\/www.tucomarca.com\/wordpress\/segunda\/wp-content\/uploads\/2024\/05\/ChesteCertamenAteneo4.jpg 886w, https:\/\/www.tucomarca.com\/wordpress\/segunda\/wp-content\/uploads\/2024\/05\/ChesteCertamenAteneo4-300x200.jpg 300w, https:\/\/www.tucomarca.com\/wordpress\/segunda\/wp-content\/uploads\/2024\/05\/ChesteCertamenAteneo4-768x512.jpg 768w\" sizes=\"auto, (max-width: 886px) 100vw, 886px\" \/><\/figure>\n\n\n\n<figure class=\"wp-block-image size-large\"><img loading=\"lazy\" decoding=\"async\" width=\"886\" height=\"591\" data-id=\"221647\" src=\"https:\/\/www.tucomarca.com\/wordpress\/segunda\/wp-content\/uploads\/2024\/05\/ChesteCertamenAteneo2.jpg\" alt=\"\" class=\"wp-image-221647\" srcset=\"https:\/\/www.tucomarca.com\/wordpress\/segunda\/wp-content\/uploads\/2024\/05\/ChesteCertamenAteneo2.jpg 886w, https:\/\/www.tucomarca.com\/wordpress\/segunda\/wp-content\/uploads\/2024\/05\/ChesteCertamenAteneo2-300x200.jpg 300w, https:\/\/www.tucomarca.com\/wordpress\/segunda\/wp-content\/uploads\/2024\/05\/ChesteCertamenAteneo2-768x512.jpg 768w\" sizes=\"auto, (max-width: 886px) 100vw, 886px\" \/><\/figure>\n\n\n\n<figure class=\"wp-block-image size-large\"><img loading=\"lazy\" decoding=\"async\" width=\"886\" height=\"591\" data-id=\"221645\" src=\"https:\/\/www.tucomarca.com\/wordpress\/segunda\/wp-content\/uploads\/2024\/05\/ChesteCertamenAteneo1.jpg\" alt=\"\" class=\"wp-image-221645\" srcset=\"https:\/\/www.tucomarca.com\/wordpress\/segunda\/wp-content\/uploads\/2024\/05\/ChesteCertamenAteneo1.jpg 886w, https:\/\/www.tucomarca.com\/wordpress\/segunda\/wp-content\/uploads\/2024\/05\/ChesteCertamenAteneo1-300x200.jpg 300w, https:\/\/www.tucomarca.com\/wordpress\/segunda\/wp-content\/uploads\/2024\/05\/ChesteCertamenAteneo1-768x512.jpg 768w\" sizes=\"auto, (max-width: 886px) 100vw, 886px\" \/><\/figure>\n<\/figure>\n\n\n\n<p><strong>Llistat de persones premiades<\/strong><\/p>\n\n\n\n<p>Poesia<br>Primera categoria:<br>Primer premi a DAVID CATAL\u00c1 S\u00c1NCHEZ.<br>Segon premi a GORKA NAVARRO HERNANDO.<\/p>\n\n\n\n<p>Segona categoria:&nbsp;<br>Primer premi a SARA TAR\u00cdN MIRA<br>Segundo premi a NATALIA VESELINOVA GARC\u00cdA<\/p>\n\n\n\n<p>Tercera categoria.<br>Primer premi a JANA S\u00c1NCHEZ MART\u00cdNEZ<br>Segundo premi a ALEXIS SACED\u00d3N MORENO,<\/p>\n\n\n\n<p>Cinquena categoria:<br>Primer premi a IRENE MAR\u00cdN RODR\u00cdGUEZ<br>Segundo premi a MANUELA MIRA IB\u00c1\u00d1EZ,.&nbsp;<\/p>\n\n\n\n<p>Huitena categoria:<br>Primer premi a M\u00aa CARMEN HUERCIO HURRIAGA.<br>Segon premi a JOS\u00c9 MIGUEL MART\u00cdNEZ P\u00c9REZ.<\/p>\n\n\n\n<p>Relats curts<br>Primera categoria:<br>Primer premi a IRENE ROSELL\u00d3 GARC\u00cdA<br>Segundo premi a CARMEN ROSELLA FORTEA<\/p>\n\n\n\n<p>Segona categoria:&nbsp;<br>Primer premi a CARLA RUIZ RUIZ<br>Segundo premi a EMMANUEL BONILLA VELASQUES<\/p>\n\n\n\n<p>Tercera categoria<br>Primer premi a ULISSES CERD\u00c1N CARRI\u00d3N<br>Segundo premi a LAURA CABEDO MORENO<\/p>\n\n\n\n<p>Cuarta categoria:&nbsp;<br>Primer premi a LOLA S\u00c1NCHEZ VILA,<br>Segon premi a NATAN JOAQU\u00cdN BUZEY<\/p>\n\n\n\n<p>Cinquena categoria:&nbsp;<br>Primer premi a LAURA MANSO MORERA<br>Segon premi a PABLO CARRASCOSA LAMPARERO,<\/p>\n\n\n\n<p>Sisena categoria:&nbsp;<br>Primer premi a XENIA MONTERO FORTS.<br>Segon premi a BALMA SANMILL\u00c1N NAVARRO<\/p>\n\n\n\n<p>Octava categoria:<br>Primer premi a CARMEN TAR\u00cdN M\u00c1\u00d1EZ.<br>Segon premi a LUC\u00cdA HERRERO MONTS\u00d3<\/p>\n\n\n\n<p>C\u00f2mic<br>Primera categoria:&nbsp;<br>Primer premi a KEYLA HERN\u00c1NDEZ FORN\u00c9S<br>Segundo premi a SARA MIREYA CONDORI COCA<\/p>\n\n\n\n<p>Tercera categoria:&nbsp;<br>Primer premi a LOLA MONTOYA PERONA,<br>Segon premi a GABRIELA IZAR VALERA<\/p>\n","protected":false},"excerpt":{"rendered":"<div class=\"mh-excerpt\">Dimarts passat, 30 d&#8217;abril, es va celebrar el lliurament de premis de la 23a edici\u00f3 del Certamen Literari Ateneu, una iniciativa de la Regidoria de Cultura, la Fundaci\u00f3 cajacheste i la societat Ateneu l&#8217;Alian\u00e7a, en <a class=\"mh-excerpt-more\" href=\"https:\/\/www.tucomarca.com\/wordpress\/segunda\/ca\/el-certamen-literari-ateneu-de-xest-celebra-el-lliurament-de-premis-de-la-seua-23a-edicio\/\" title=\"El Certamen Literari Ateneu de Xest celebra el lliurament de premis de la seua 23a edici\u00f3\">[+] <\/a><\/div>\n","protected":false},"author":12,"featured_media":221650,"comment_status":"open","ping_status":"open","sticky":false,"template":"","format":"gallery","meta":{"footnotes":""},"categories":[10894,10912,11007,10896,10974],"tags":[19113,11071,10914],"class_list":{"0":"post-221658","1":"post","2":"type-post","3":"status-publish","4":"format-gallery","5":"has-post-thumbnail","7":"category-la-comarca-ca","8":"category-la-hoya-ca","9":"category-ocio-y-cultura-ca","10":"category-seccion-ca","11":"category-cheste-ca","12":"tag-certamen-literario-ateneo-la-alianza-ca","13":"tag-cheste","14":"tag-la-hoya-de-bunol-chiva-ca","15":"post_format-post-format-gallery"},"_links":{"self":[{"href":"https:\/\/www.tucomarca.com\/wordpress\/segunda\/ca\/wp-json\/wp\/v2\/posts\/221658","targetHints":{"allow":["GET"]}}],"collection":[{"href":"https:\/\/www.tucomarca.com\/wordpress\/segunda\/ca\/wp-json\/wp\/v2\/posts"}],"about":[{"href":"https:\/\/www.tucomarca.com\/wordpress\/segunda\/ca\/wp-json\/wp\/v2\/types\/post"}],"author":[{"embeddable":true,"href":"https:\/\/www.tucomarca.com\/wordpress\/segunda\/ca\/wp-json\/wp\/v2\/users\/12"}],"replies":[{"embeddable":true,"href":"https:\/\/www.tucomarca.com\/wordpress\/segunda\/ca\/wp-json\/wp\/v2\/comments?post=221658"}],"version-history":[{"count":0,"href":"https:\/\/www.tucomarca.com\/wordpress\/segunda\/ca\/wp-json\/wp\/v2\/posts\/221658\/revisions"}],"wp:featuredmedia":[{"embeddable":true,"href":"https:\/\/www.tucomarca.com\/wordpress\/segunda\/ca\/wp-json\/wp\/v2\/media\/221650"}],"wp:attachment":[{"href":"https:\/\/www.tucomarca.com\/wordpress\/segunda\/ca\/wp-json\/wp\/v2\/media?parent=221658"}],"wp:term":[{"taxonomy":"category","embeddable":true,"href":"https:\/\/www.tucomarca.com\/wordpress\/segunda\/ca\/wp-json\/wp\/v2\/categories?post=221658"},{"taxonomy":"post_tag","embeddable":true,"href":"https:\/\/www.tucomarca.com\/wordpress\/segunda\/ca\/wp-json\/wp\/v2\/tags?post=221658"}],"curies":[{"name":"wp","href":"https:\/\/api.w.org\/{rel}","templated":true}]}}