{"id":221684,"date":"2024-05-03T09:30:00","date_gmt":"2024-05-03T07:30:00","guid":{"rendered":"https:\/\/www.tucomarca.com\/wordpress\/segunda\/?p=221684"},"modified":"2024-05-03T14:10:30","modified_gmt":"2024-05-03T12:10:30","slug":"el-mes-dabril-deixa-un-80-menys-de-pluja-de-la-normal-a-requena-utiel","status":"publish","type":"post","link":"https:\/\/www.tucomarca.com\/wordpress\/segunda\/ca\/el-mes-dabril-deixa-un-80-menys-de-pluja-de-la-normal-a-requena-utiel\/","title":{"rendered":"El mes d&#8217;abril deixa un 80% menys de pluja de la normal a Requena-Utiel\u00a0"},"content":{"rendered":"\n<p>El mes d&#8217;abril que figura entre els quatre mesos m\u00e9s plujosos de l&#8217;any a la comarca de Requena-Utiel , no ha pogut enguany fer gala de la seua consideraci\u00f3 com a mes pluj\u00f3s. Aix\u00ed les coses, la quantitat mitjana d&#8217;aigua de pluja a la comarca, en el mes passat no arriba, ni tan sols, als 10 litres per metre quadrat, quan el normal \u00e9s que hagueren caigut uns 60 litres. La pluja caiguda a l&#8217;abril \u00e9s entorn del 80% inferior a la considerada normal. Per tant, persisteix la greu sequera que afecta aquesta comarca d&#8217;interior de la prov\u00edncia de Val\u00e8ncia des de fa m\u00e9s de dos anys. Tots els cultius agr\u00edcoles estan afectats per la sequera (cereals, oliveres, ametlers i vinyes), per la qual cosa els agricultors ja pronostiquen uns resultats desastrosos en les collites, principalment en les parcel\u00b7les cultivades en sec\u00e0.<br>A la Vall d&#8217;Ara tamb\u00e9 ha plogut molt poc a l&#8217;abril i els agricultors estan preocupats perqu\u00e8 les oliveres que s\u00f3n pr\u00f2xims a la floraci\u00f3 necessiten molta m\u00e9s pluja. Informa, <strong>Luis Ib\u00e1\u00f1ez.<\/strong><\/p>\n","protected":false},"excerpt":{"rendered":"<div class=\"mh-excerpt\">El mes d&#8217;abril que figura entre els quatre mesos m\u00e9s plujosos de l&#8217;any a la comarca de Requena-Utiel , no ha pogut enguany fer gala de la seua consideraci\u00f3 com a mes pluj\u00f3s. Aix\u00ed les <a class=\"mh-excerpt-more\" href=\"https:\/\/www.tucomarca.com\/wordpress\/segunda\/ca\/el-mes-dabril-deixa-un-80-menys-de-pluja-de-la-normal-a-requena-utiel\/\" title=\"El mes d&#8217;abril deixa un 80% menys de pluja de la normal a Requena-Utiel\u00a0\">[+] <\/a><\/div>\n","protected":false},"author":12,"featured_media":221683,"comment_status":"open","ping_status":"open","sticky":false,"template":"","format":"standard","meta":{"footnotes":""},"categories":[10905,10951,10948,10894,10903,10909,10896],"tags":[11351,11099,10910,11174,11440],"class_list":{"0":"post-221684","1":"post","2":"type-post","3":"status-publish","4":"format-standard","5":"has-post-thumbnail","7":"category-agricultura-la-comarca-ca","8":"category-ayora-cofrentes-ca","9":"category-infraestructuras-ca","10":"category-la-comarca-ca","11":"category-medio-ambiente-la-comarca-ca","12":"category-requena-utiel-ca","13":"category-seccion-ca","14":"tag-lluvias-ca","15":"tag-requena-ca","16":"tag-requena-utiel-ca","17":"tag-utiel-ca","18":"tag-valle-de-ayora-cofrentes-ca"},"_links":{"self":[{"href":"https:\/\/www.tucomarca.com\/wordpress\/segunda\/ca\/wp-json\/wp\/v2\/posts\/221684","targetHints":{"allow":["GET"]}}],"collection":[{"href":"https:\/\/www.tucomarca.com\/wordpress\/segunda\/ca\/wp-json\/wp\/v2\/posts"}],"about":[{"href":"https:\/\/www.tucomarca.com\/wordpress\/segunda\/ca\/wp-json\/wp\/v2\/types\/post"}],"author":[{"embeddable":true,"href":"https:\/\/www.tucomarca.com\/wordpress\/segunda\/ca\/wp-json\/wp\/v2\/users\/12"}],"replies":[{"embeddable":true,"href":"https:\/\/www.tucomarca.com\/wordpress\/segunda\/ca\/wp-json\/wp\/v2\/comments?post=221684"}],"version-history":[{"count":0,"href":"https:\/\/www.tucomarca.com\/wordpress\/segunda\/ca\/wp-json\/wp\/v2\/posts\/221684\/revisions"}],"wp:featuredmedia":[{"embeddable":true,"href":"https:\/\/www.tucomarca.com\/wordpress\/segunda\/ca\/wp-json\/wp\/v2\/media\/221683"}],"wp:attachment":[{"href":"https:\/\/www.tucomarca.com\/wordpress\/segunda\/ca\/wp-json\/wp\/v2\/media?parent=221684"}],"wp:term":[{"taxonomy":"category","embeddable":true,"href":"https:\/\/www.tucomarca.com\/wordpress\/segunda\/ca\/wp-json\/wp\/v2\/categories?post=221684"},{"taxonomy":"post_tag","embeddable":true,"href":"https:\/\/www.tucomarca.com\/wordpress\/segunda\/ca\/wp-json\/wp\/v2\/tags?post=221684"}],"curies":[{"name":"wp","href":"https:\/\/api.w.org\/{rel}","templated":true}]}}