{"id":221958,"date":"2024-05-04T14:00:00","date_gmt":"2024-05-04T12:00:00","guid":{"rendered":"https:\/\/www.tucomarca.com\/wordpress\/segunda\/?p=221958"},"modified":"2024-05-04T19:01:34","modified_gmt":"2024-05-04T17:01:34","slug":"les-baixes-temperatures-causen-estralls-en-les-vinyes","status":"publish","type":"post","link":"https:\/\/www.tucomarca.com\/wordpress\/segunda\/ca\/les-baixes-temperatures-causen-estralls-en-les-vinyes\/","title":{"rendered":"Les baixes temperatures causen estralls en les vinyes"},"content":{"rendered":"\n<p>Les baixes temperatures que es venen registrant durant les matinades, a Requena-Utiel, des del dia 23 del passat mes d&#8217;abril, estan causant estralls en les vinyes, que se sumen als originats per la sequera i la fauna silvestre, entre altres incid\u00e8ncies.<br>Segons el testimoniatge dels agricultors, hi ha danys per gelades en moltes zones i per marchitez fisiol\u00f2gica en la varietat aut\u00f2ctona de ra\u00efm Boval de la Denominaci\u00f3 d&#8217;Origen Protegida Utiel-Requena, en grans extensions de vinyes.<br>Els danys en les vinyes s\u00f3n evidents, per\u00f2 els agricultors adverteixen que encara queda molt mal per aflorar, que eixir\u00e0 a mesura que pugen les temperatures.<br>Mentrestant, les vinyes cultivades principalment en parcel\u00b7les de sec\u00e0, cada dia que passa mostren m\u00e9s els efectes de la sequera. Abril va ser sec, per\u00f2 els primers dies de maig segueixen en la mateixa l\u00ednia. Informa, <strong>Luis Ib\u00e1\u00f1ez.<\/strong><\/p>\n\n\n\n<p>Foto: ceps danyats pel fred en vinyes situades a la vora del riu Magre.<\/p>\n","protected":false},"excerpt":{"rendered":"<div class=\"mh-excerpt\">Les baixes temperatures que es venen registrant durant les matinades, a Requena-Utiel, des del dia 23 del passat mes d&#8217;abril, estan causant estralls en les vinyes, que se sumen als originats per la sequera i <a class=\"mh-excerpt-more\" href=\"https:\/\/www.tucomarca.com\/wordpress\/segunda\/ca\/les-baixes-temperatures-causen-estralls-en-les-vinyes\/\" title=\"Les baixes temperatures causen estralls en les vinyes\">[+] <\/a><\/div>\n","protected":false},"author":12,"featured_media":221957,"comment_status":"open","ping_status":"open","sticky":false,"template":"","format":"standard","meta":{"footnotes":""},"categories":[10905,10948,10894,10903,10908,10909,10896],"tags":[11099,10910],"class_list":{"0":"post-221958","1":"post","2":"type-post","3":"status-publish","4":"format-standard","5":"has-post-thumbnail","7":"category-agricultura-la-comarca-ca","8":"category-infraestructuras-ca","9":"category-la-comarca-ca","10":"category-medio-ambiente-la-comarca-ca","11":"category-requena-ca","12":"category-requena-utiel-ca","13":"category-seccion-ca","14":"tag-requena-ca","15":"tag-requena-utiel-ca"},"_links":{"self":[{"href":"https:\/\/www.tucomarca.com\/wordpress\/segunda\/ca\/wp-json\/wp\/v2\/posts\/221958","targetHints":{"allow":["GET"]}}],"collection":[{"href":"https:\/\/www.tucomarca.com\/wordpress\/segunda\/ca\/wp-json\/wp\/v2\/posts"}],"about":[{"href":"https:\/\/www.tucomarca.com\/wordpress\/segunda\/ca\/wp-json\/wp\/v2\/types\/post"}],"author":[{"embeddable":true,"href":"https:\/\/www.tucomarca.com\/wordpress\/segunda\/ca\/wp-json\/wp\/v2\/users\/12"}],"replies":[{"embeddable":true,"href":"https:\/\/www.tucomarca.com\/wordpress\/segunda\/ca\/wp-json\/wp\/v2\/comments?post=221958"}],"version-history":[{"count":0,"href":"https:\/\/www.tucomarca.com\/wordpress\/segunda\/ca\/wp-json\/wp\/v2\/posts\/221958\/revisions"}],"wp:featuredmedia":[{"embeddable":true,"href":"https:\/\/www.tucomarca.com\/wordpress\/segunda\/ca\/wp-json\/wp\/v2\/media\/221957"}],"wp:attachment":[{"href":"https:\/\/www.tucomarca.com\/wordpress\/segunda\/ca\/wp-json\/wp\/v2\/media?parent=221958"}],"wp:term":[{"taxonomy":"category","embeddable":true,"href":"https:\/\/www.tucomarca.com\/wordpress\/segunda\/ca\/wp-json\/wp\/v2\/categories?post=221958"},{"taxonomy":"post_tag","embeddable":true,"href":"https:\/\/www.tucomarca.com\/wordpress\/segunda\/ca\/wp-json\/wp\/v2\/tags?post=221958"}],"curies":[{"name":"wp","href":"https:\/\/api.w.org\/{rel}","templated":true}]}}