{"id":222013,"date":"2024-05-05T20:00:00","date_gmt":"2024-05-05T18:00:00","guid":{"rendered":"https:\/\/www.tucomarca.com\/wordpress\/segunda\/?p=222013"},"modified":"2024-05-05T20:39:24","modified_gmt":"2024-05-05T18:39:24","slug":"video-aixi-ha-viscut-bunyol-leixida-de-la-segona-etapa-de-la-volta-ciclista-femenina-a-espanya","status":"publish","type":"post","link":"https:\/\/www.tucomarca.com\/wordpress\/segunda\/ca\/video-aixi-ha-viscut-bunyol-leixida-de-la-segona-etapa-de-la-volta-ciclista-femenina-a-espanya\/","title":{"rendered":"V\u00eddeo: aix\u00ed ha viscut Bunyol l&#8217;eixida de la segona etapa de La Volta Ciclista Femenina a Espanya"},"content":{"rendered":"\n<figure class=\"wp-block-embed is-type-video is-provider-youtube wp-block-embed-youtube wp-embed-aspect-16-9 wp-has-aspect-ratio\"><div class=\"wp-block-embed__wrapper\">\n<iframe loading=\"lazy\" title=\"V\u00eddeo: as\u00ed ha vivido Bu\u00f1ol la salida de la segunda etapa de La Vuelta Ciclista Femenina a Espa\u00f1a\" width=\"500\" height=\"281\" src=\"https:\/\/www.youtube.com\/embed\/4TLPvWB-eSw?feature=oembed\" frameborder=\"0\" allow=\"accelerometer; autoplay; clipboard-write; encrypted-media; gyroscope; picture-in-picture; web-share\" referrerpolicy=\"strict-origin-when-cross-origin\" allowfullscreen><\/iframe>\n<\/div><\/figure>\n\n\n\n<p>La poblaci\u00f3 de Bunyol ha gaudit aquesta setmana del ciclisme del m\u00e9s alt nivell gr\u00e0cies a l&#8217;eixida des de l&#8217;Avinguda Rafael Ridaura de la segona etapa de la Volta Ciclista Femenina a Espanya. <\/p>\n\n\n\n<p>Des de primeres hores del mat\u00ed s&#8217;han pogut veure en els lim\u00edtrofs de l&#8217;avinguda als vehicles i autobusos que componen una Volta Femenina a Espanya que a partir de les dues del migdia ha discorregut pel centre de la localitat per a dirigir-se fins a Moncofa on estava situada la meta. <\/p>\n\n\n\n<p>I a m\u00e9s, el parc del Planell de Bunyol tamb\u00e9 ha sigut escenari aquesta setmana de l&#8217;eixida i la meta de la huitena prova de la Marxa de MTB del Circuit de la Diputaci\u00f3 de Val\u00e8ncia, com recollim en aquest reportatge elaborat per <strong>tucomarca televisi\u00f3<\/strong>.<\/p>\n","protected":false},"excerpt":{"rendered":"<div class=\"mh-excerpt\">La poblaci\u00f3 de Bunyol ha gaudit aquesta setmana del ciclisme del m\u00e9s alt nivell gr\u00e0cies a l&#8217;eixida des de l&#8217;Avinguda Rafael Ridaura de la segona etapa de la Volta Ciclista Femenina a Espanya. Des de <a class=\"mh-excerpt-more\" href=\"https:\/\/www.tucomarca.com\/wordpress\/segunda\/ca\/video-aixi-ha-viscut-bunyol-leixida-de-la-segona-etapa-de-la-volta-ciclista-femenina-a-espanya\/\" title=\"V\u00eddeo: aix\u00ed ha viscut Bunyol l&#8217;eixida de la segona etapa de La Volta Ciclista Femenina a Espanya\">[+] <\/a><\/div>\n","protected":false},"author":1,"featured_media":222012,"comment_status":"open","ping_status":"open","sticky":false,"template":"","format":"video","meta":{"footnotes":""},"categories":[10911,11013,11003,10898,10894,10904,10912,10896,11062],"tags":[10913,10914,13938,13856],"class_list":{"0":"post-222013","1":"post","2":"type-post","3":"status-publish","4":"format-video","5":"has-post-thumbnail","7":"category-bunol-ca","8":"category-ciclismo-ca","9":"category-sports","10":"category-ventana-ca","11":"category-la-comarca-ca","12":"category-sin-categorizar-ca","13":"category-la-hoya-ca","14":"category-seccion-ca","15":"category-videos","16":"tag-bunol-ca","17":"tag-la-hoya-de-bunol-chiva-ca","18":"tag-video-3-ca","19":"tag-vuelta-a-espana-ca","20":"post_format-post-format-video"},"_links":{"self":[{"href":"https:\/\/www.tucomarca.com\/wordpress\/segunda\/ca\/wp-json\/wp\/v2\/posts\/222013","targetHints":{"allow":["GET"]}}],"collection":[{"href":"https:\/\/www.tucomarca.com\/wordpress\/segunda\/ca\/wp-json\/wp\/v2\/posts"}],"about":[{"href":"https:\/\/www.tucomarca.com\/wordpress\/segunda\/ca\/wp-json\/wp\/v2\/types\/post"}],"author":[{"embeddable":true,"href":"https:\/\/www.tucomarca.com\/wordpress\/segunda\/ca\/wp-json\/wp\/v2\/users\/1"}],"replies":[{"embeddable":true,"href":"https:\/\/www.tucomarca.com\/wordpress\/segunda\/ca\/wp-json\/wp\/v2\/comments?post=222013"}],"version-history":[{"count":0,"href":"https:\/\/www.tucomarca.com\/wordpress\/segunda\/ca\/wp-json\/wp\/v2\/posts\/222013\/revisions"}],"wp:featuredmedia":[{"embeddable":true,"href":"https:\/\/www.tucomarca.com\/wordpress\/segunda\/ca\/wp-json\/wp\/v2\/media\/222012"}],"wp:attachment":[{"href":"https:\/\/www.tucomarca.com\/wordpress\/segunda\/ca\/wp-json\/wp\/v2\/media?parent=222013"}],"wp:term":[{"taxonomy":"category","embeddable":true,"href":"https:\/\/www.tucomarca.com\/wordpress\/segunda\/ca\/wp-json\/wp\/v2\/categories?post=222013"},{"taxonomy":"post_tag","embeddable":true,"href":"https:\/\/www.tucomarca.com\/wordpress\/segunda\/ca\/wp-json\/wp\/v2\/tags?post=222013"}],"curies":[{"name":"wp","href":"https:\/\/api.w.org\/{rel}","templated":true}]}}