{"id":222132,"date":"2024-05-06T09:10:00","date_gmt":"2024-05-06T07:10:00","guid":{"rendered":"https:\/\/www.tucomarca.com\/wordpress\/segunda\/?p=222132"},"modified":"2024-05-06T20:44:40","modified_gmt":"2024-05-06T18:44:40","slug":"el-festival-iturbi-mes-internacional-arribara-a-nou-municipis-valencians-de-la-ma-de-la-diputacio","status":"publish","type":"post","link":"https:\/\/www.tucomarca.com\/wordpress\/segunda\/ca\/el-festival-iturbi-mes-internacional-arribara-a-nou-municipis-valencians-de-la-ma-de-la-diputacio\/","title":{"rendered":"El Festival Iturbi m\u00e9s internacional arribar\u00e0 a nou municipis valencians de la m\u00e0 de la Diputaci\u00f3"},"content":{"rendered":"\n<h3 class=\"wp-block-heading\">La tercera edici\u00f3 del Festival de Piano i el cicle de recitals es desenvoluparan en diversos escenaris de la ciutat de Val\u00e8ncia, en altres huit municipis de la prov\u00edncia, aix\u00ed com a Roma, Toulouse i Parma.<\/h3>\n\n\n\n<h3 class=\"wp-block-heading\">El diputat Cultura, Francisco Teruel, afirma que \u201cgr\u00e0cies a la Diputaci\u00f3, Val\u00e8ncia es convertix en la capital de l&#8217;univers pian\u00edstic internacional\u201d i destaca el concert que oferir\u00e0 Joaqu\u00edn Ach\u00facarro el 21 de juny en el Palau de la M\u00fasica.<\/h3>\n\n\n\n<p>La Diputaci\u00f3 de Val\u00e8ncia ha presentat este dilluns la tercera edici\u00f3 del Festival de Piano Iturbi, aix\u00ed com el cicle de recitals en el qual participen els guanyadors de l&#8217;\u00faltima edici\u00f3 del Premi Iturbi. Tots dos esdeveniments se celebraran al llarg del 2024 en diferents escenaris de la ciutat de Val\u00e8ncia, a m\u00e9s d&#8217;en els municipis de Sagunt, X\u00e0tiva, Utiel, Ontinyent, Chelva, Oliva, Alzira i Torrent. A aix\u00f2 cal afegir les actuacions del cicle de recitals que tindran lloc a Roma, Toulouse i Parma.<\/p>\n\n\n\n<figure class=\"wp-block-image size-full\"><img loading=\"lazy\" decoding=\"async\" width=\"886\" height=\"576\" src=\"http:\/\/www.tucomarca.com\/wordpress\/segunda\/wp-content\/uploads\/2024\/05\/DipuFestivalIturbi2.jpg\" alt=\"\" class=\"wp-image-222129\" srcset=\"https:\/\/www.tucomarca.com\/wordpress\/segunda\/wp-content\/uploads\/2024\/05\/DipuFestivalIturbi2.jpg 886w, https:\/\/www.tucomarca.com\/wordpress\/segunda\/wp-content\/uploads\/2024\/05\/DipuFestivalIturbi2-300x195.jpg 300w, https:\/\/www.tucomarca.com\/wordpress\/segunda\/wp-content\/uploads\/2024\/05\/DipuFestivalIturbi2-768x499.jpg 768w\" sizes=\"auto, (max-width: 886px) 100vw, 886px\" \/><\/figure>\n\n\n\n<p>\u201cAmb el festival i el cicle d&#8217;enguany complim amb l&#8217;objectiu de deslocalitzar la cultura i aproximar-la als pobles de la prov\u00edncia, que \u00e9s una dels senyals d&#8217;identitat d&#8217;esta corporaci\u00f3. Aix\u00ed els habitants de nombrosos pobles podran disfrutar de la millor m\u00fasica sense haver de moure&#8217;s de les seues localitats\u201d, ha subratllat Paco Teruel, diputat de Cultura de la Diputaci\u00f3 de Val\u00e8ncia.<\/p>\n\n\n\n<p>En un acte que ha estat amenitzat per les actuacions dels pianistes Juan Lago i Bel\u00e9n Navarro, la directora del Festival Iturbi, Ana Guijarro, ha detallat el programa de concerts de tots dos cicles de m\u00fasica. \u201cEl que pretenem en primer lloc \u00e9s portar el nom d&#8217;Iturbi a tot el m\u00f3n. Es tracta d&#8217;un festival amb projecci\u00f3 internacional, amb int\u00e8rprets de diferents pa\u00efsos, i que destaca per la pluralitat tant en les edats dels pianistes, que van des del jove Juan Florist\u00e1n fins a Joaqu\u00edn Ach\u00facarro, com en els estils musicals, destacant la figura de l&#8217;int\u00e8rpret de jazz Iv\u00e1n \u2018Mel\u00f3n\u2019 Lewis\u201d, ha declarat Ana Guijarro.<\/p>\n\n\n\n<p>D&#8217;esta manera, el Festival Iturbi, que se celebrar\u00e0 entre el 13 i 22 de juny, suposa la consolidaci\u00f3 d&#8217;un festival que va comen\u00e7ar en 2020 com a complement del Concurs Internacional de Piano de Val\u00e8ncia Iturbi, que t\u00e9 lloc cada dos anys.<\/p>\n\n\n\n<p>Un dels protagonistes del festival tornar\u00e0 a ser Joaqu\u00edn Ach\u00facarro, que oferir\u00e0 el seu concert amb l&#8217;Orquestra de Val\u00e8ncia, dirigida per \u00c1lvaro Albiach, el dia 21 de juny en el Palau de la M\u00fasica de Val\u00e8ncia. Es tracta d&#8217;un concert molt especial perqu\u00e8 est\u00e0 dedicat a la mem\u00f2ria de l&#8217;arquitecte Jos\u00e9 Maria Garc\u00eda de Parets en el centenari del seu naixement i emmarcat en l&#8217;\u00e0mbit dels concerts a ell dedicats en els grans Auditoris d&#8217;Espa\u00f1a constru\u00efts segons els seus projectes.<\/p>\n\n\n\n<p>El cicle es completa amb les actuacions del hispanoalem\u00e1n Claudio Mart\u00ednez Mehner el 13 de juny en el Teatre Principal; l&#8217;argent\u00ed Nelson Goerner el 22 de juny en el Palau de la M\u00fasica; el pianista cub\u00e0 Iv\u00e1n \u2018Mel\u00f3n\u2019 Lewis, guanyador del Latin GRAMMY a Mejor \u00c1lbum de Jazz Latino en 2021, que actuar\u00e0 en el Teatre Principal el 14 de juny, i a m\u00e9s en els municipis de Torrent i Alzira els dies 15 i 16 del mateix mes. Finalment, el sevill\u00e0 Juan P\u00e9rez Florist\u00e1n i la pianista japonesa-francesa Akiko Ebi oferiran els seus concerts en el Teatre Principal els dies 15 i 16 de juny respectivament.<\/p>\n\n\n\n<p><strong>Cicle de recitals<\/strong><\/p>\n\n\n\n<p>Per part seua, el cicle de recitals, que comen\u00e7a este 17 de maig i es prolongar\u00e0 fins al 4 de setembre, comptar\u00e0 amb els concerts dels pianistes guanyadors del XXII Concurs Internacional de Piano de Val\u00e8ncia Iturbi. L&#8217;itali\u00e0 Elia Cecino, \u00faltim guanyador del Concurs, portar\u00e0 el certamen a It\u00e0lia, concretament a l&#8217;Academia de Espa\u00f1a a Roma (17 de maig) i a la Casa della M\u00fasica de Parma (4 de juliol). Completar\u00e0 les seues actuacions amb recitals en La Benefic\u00e8ncia (11 de juny), Utiel (12 de juny) i Ontinyent (13 de juny).<\/p>\n\n\n\n<p>L&#8217;estatunidenc Anthony Ratinov (segon premi) oferir\u00e0 els seus concerts els dies 8, 9 i 10 de juny en Port de Sagunt, X\u00e0tiva i La Benefic\u00e8ncia respectivament. Quant a la pianista estatunidenca Rachel Breen (tercer premi), actuar\u00e0 tamb\u00e9 en la Benefic\u00e8ncia (12 de juny) i en les localitats d&#8217;Oliva (13 de juny) i Chelva (14 de juny). Breen tancar\u00e0 el cicle de recitals el 5 de setembre en el Clo\u00eetre dones Jacobins de Tolosa (Fran\u00e7a).<\/p>\n\n\n\n<p>El diputat de Cultura, Paco Teruel, ha volgut ressaltar la import\u00e0ncia que tenen estos esdeveniments per a la Diputaci\u00f3 de Val\u00e8ncia, perqu\u00e8 \u201ctots dos cert\u00e0mens tenen l&#8217;objectiu de divulgar la m\u00fasica, especialment la de piano, erigint-se com a plataforma per a nous valors de la interpretaci\u00f3, programar a grans int\u00e8rprets i referents per al p\u00fablic amb el festival al mateix temps que mant\u00e9 visca la mem\u00f2ria de Jos\u00e9 Iturbi\u201d, a m\u00e9s de destacar el paper de la corporaci\u00f3 provincial i l&#8217;\u00e0rea de Cultura que ell mateix dirigix, gr\u00e0cies al qual \u201cVal\u00e8ncia es convertix durant les pr\u00f2ximes setmanes en la capital de l&#8217;univers pian\u00edstic internacional\u201d.<\/p>\n\n\n\n<p>El Festival de Piano Iturbi i el cicle de recitals compten amb la col\u00b7laboraci\u00f3 de l&#8217;Ajuntament de Val\u00e8ncia, el Palau de la M\u00fasica, la Real Acadmia de Espa\u00f1a a Roma adscrita al ministerio de Asuntos Exteriores, el Festival Piano aux Jacobins i la Fondazione Arturo Toscanini de Parma.<\/p>\n","protected":false},"excerpt":{"rendered":"<div class=\"mh-excerpt\">La tercera edici\u00f3 del Festival de Piano i el cicle de recitals es desenvoluparan en diversos escenaris de la ciutat de Val\u00e8ncia, en altres huit municipis de la prov\u00edncia, aix\u00ed com a Roma, Toulouse i <a class=\"mh-excerpt-more\" href=\"https:\/\/www.tucomarca.com\/wordpress\/segunda\/ca\/el-festival-iturbi-mes-internacional-arribara-a-nou-municipis-valencians-de-la-ma-de-la-diputacio\/\" title=\"El Festival Iturbi m\u00e9s internacional arribar\u00e0 a nou municipis valencians de la m\u00e0 de la Diputaci\u00f3\">[+] <\/a><\/div>\n","protected":false},"author":12,"featured_media":222128,"comment_status":"open","ping_status":"open","sticky":false,"template":"","format":"standard","meta":{"footnotes":""},"categories":[11019,10889,11005,11039,11046,10898,10894,10902,11007,10909,10896,11059],"tags":[11246,20646],"class_list":{"0":"post-222132","1":"post","2":"type-post","3":"status-publish","4":"format-standard","5":"has-post-thumbnail","7":"category-agenda-ca","8":"category-alzira-cat","9":"category-canal-musica","10":"category-chelva-ca","11":"category-los-serranos-ca","12":"category-ventana-ca","13":"category-la-comarca-ca","14":"category-la-ribera-ca","15":"category-ocio-y-cultura-ca","16":"category-requena-utiel-ca","17":"category-seccion-ca","18":"category-utiel-ca","19":"tag-diputacio-de-valencia-ca","20":"tag-festival-iturbi-ca"},"_links":{"self":[{"href":"https:\/\/www.tucomarca.com\/wordpress\/segunda\/ca\/wp-json\/wp\/v2\/posts\/222132","targetHints":{"allow":["GET"]}}],"collection":[{"href":"https:\/\/www.tucomarca.com\/wordpress\/segunda\/ca\/wp-json\/wp\/v2\/posts"}],"about":[{"href":"https:\/\/www.tucomarca.com\/wordpress\/segunda\/ca\/wp-json\/wp\/v2\/types\/post"}],"author":[{"embeddable":true,"href":"https:\/\/www.tucomarca.com\/wordpress\/segunda\/ca\/wp-json\/wp\/v2\/users\/12"}],"replies":[{"embeddable":true,"href":"https:\/\/www.tucomarca.com\/wordpress\/segunda\/ca\/wp-json\/wp\/v2\/comments?post=222132"}],"version-history":[{"count":0,"href":"https:\/\/www.tucomarca.com\/wordpress\/segunda\/ca\/wp-json\/wp\/v2\/posts\/222132\/revisions"}],"wp:featuredmedia":[{"embeddable":true,"href":"https:\/\/www.tucomarca.com\/wordpress\/segunda\/ca\/wp-json\/wp\/v2\/media\/222128"}],"wp:attachment":[{"href":"https:\/\/www.tucomarca.com\/wordpress\/segunda\/ca\/wp-json\/wp\/v2\/media?parent=222132"}],"wp:term":[{"taxonomy":"category","embeddable":true,"href":"https:\/\/www.tucomarca.com\/wordpress\/segunda\/ca\/wp-json\/wp\/v2\/categories?post=222132"},{"taxonomy":"post_tag","embeddable":true,"href":"https:\/\/www.tucomarca.com\/wordpress\/segunda\/ca\/wp-json\/wp\/v2\/tags?post=222132"}],"curies":[{"name":"wp","href":"https:\/\/api.w.org\/{rel}","templated":true}]}}