{"id":222294,"date":"2024-05-07T12:12:00","date_gmt":"2024-05-07T10:12:00","guid":{"rendered":"https:\/\/www.tucomarca.com\/wordpress\/segunda\/?p=222294"},"modified":"2024-05-07T19:55:42","modified_gmt":"2024-05-07T17:55:42","slug":"adaptt-i-el-ceei-organitzen-un-taller-demprenedoria-en-el-marc-de-empredeaventura-rural-2024","status":"publish","type":"post","link":"https:\/\/www.tucomarca.com\/wordpress\/segunda\/ca\/adaptt-i-el-ceei-organitzen-un-taller-demprenedoria-en-el-marc-de-empredeaventura-rural-2024\/","title":{"rendered":"Adapt@+t i el CEEI organitzen un taller d&#8217;emprenedoria en el marc de EmpredeAventura Rural 2024"},"content":{"rendered":"\n<h3 class=\"wp-block-heading\">El taller, que se celebrar\u00e0 el 14 de maig en el Sal\u00f3 de Plens de l&#8217;Ajuntament d&#8217;Utiel, est\u00e0 dirigit a persones que busquen donar forma a la seua idea de negoci o necessiten orientaci\u00f3 en el proc\u00e9s.&nbsp;<\/h3>\n\n\n\n<p>El Projecte d&#8217;Ocupaci\u00f3, Emprenedoria, Economia social i Desenvolupament local de la Mancomunitat de l&#8217;Interior Terra del Vi (MITV), Adapt@+t, al costat del Centre Europeu d&#8217;Empreses Innovadores de Val\u00e8ncia (CEEI) organitzen el taller \u201cClaus per a emprendre: la creativitat per a impulsar el teu negoci\u201d, que se celebrar\u00e0 el 14 de maig, a les 10 hores, en el Sal\u00f3 de Plens de l&#8217;Ajuntament d&#8217;Utiel.<br>El taller \u00e9s gratu\u00eft i est\u00e0 dirigit a persones emprenedores que tenen una idea de negoci i que vulguen posar-la en marxa, aix\u00ed com per a empreses de recent creaci\u00f3, que es localitzen en municipis rurals i de menys de 10.000 habitants de la prov\u00edncia de Val\u00e8ncia. Per a participar \u00e9s necess\u00e0ria la inscripci\u00f3 pr\u00e8via en aquest enlla\u00e7.<br>Durant la sessi\u00f3, de 3 hores de duraci\u00f3, es busca identificar els aspectes m\u00e9s importants a considerar en el proc\u00e9s d&#8217;emprenedoria, la utilitzaci\u00f3 del proc\u00e9s creatiu per a generar propostes de valor, aix\u00ed com con\u00e9ixer eines i t\u00e8cniques que faciliten l&#8217;avaluaci\u00f3 i la generaci\u00f3 de projectes empresarials.<br>Aquesta formaci\u00f3 forma part del cicle de tallers del Programa EmprendeAventura Rural 2024, una iniciativa del CEEI Val\u00e8ncia, amb el finan\u00e7ament de la Diputaci\u00f3 de Val\u00e8ncia, a trav\u00e9s del qual les persones emprenedores troben recursos i ajuda en el proc\u00e9s de posada en marxa d&#8217;un projecte de negoci en l&#8217;\u00e0mbit rural, a m\u00e9s de t\u00e8cniques de gesti\u00f3 empresarial que permeten escalar de manera sostenible el negoci.&nbsp;<br>El projecte Adapt@+t de la MITV va n\u00e0ixer dins del pla AVALEM TERRITORI i el seu \u00e0mbit d&#8217;execuci\u00f3 est\u00e0 circumscrit al territori de les d\u00e8nou entitats signants de l&#8217;Acord Territorial en mat\u00e8ria d&#8217;Ocupaci\u00f3 i Desenvolupament de la MITV, totes elles pertanyents als nou municipis que componen la comarca: Camporrobles, Caudete de las Fuentes, Xera, Fuenterrobles, Requena, Sinarques, Utiel, Venta del Moro i Villargordo del Cabriel. L&#8217;objectiu del projecte \u00e9s millorar les condicions d&#8217;ocupaci\u00f3, formaci\u00f3, emprenedoria i mercat, treballant en l&#8217;orientaci\u00f3 i intermediaci\u00f3 per a l&#8217;ocupaci\u00f3 a mesura, el foment i acompanyament de l&#8217;emprenedoria, la formaci\u00f3 i accions destinades a l&#8217;enfortiment empresarial en els sectors comarcals d&#8217;agricultura, comer\u00e7 i turisme.<\/p>\n\n\n\n<p><\/p>\n","protected":false},"excerpt":{"rendered":"<div class=\"mh-excerpt\">El taller, que se celebrar\u00e0 el 14 de maig en el Sal\u00f3 de Plens de l&#8217;Ajuntament d&#8217;Utiel, est\u00e0 dirigit a persones que busquen donar forma a la seua idea de negoci o necessiten orientaci\u00f3 en <a class=\"mh-excerpt-more\" href=\"https:\/\/www.tucomarca.com\/wordpress\/segunda\/ca\/adaptt-i-el-ceei-organitzen-un-taller-demprenedoria-en-el-marc-de-empredeaventura-rural-2024\/\" title=\"Adapt@+t i el CEEI organitzen un taller d&#8217;emprenedoria en el marc de EmpredeAventura Rural 2024\">[+] <\/a><\/div>\n","protected":false},"author":12,"featured_media":222293,"comment_status":"open","ping_status":"open","sticky":false,"template":"","format":"standard","meta":{"footnotes":""},"categories":[11019,11031,11032,11054,11055,10894,10908,10909,10896,11058,11059,11060,11061],"tags":[12387,10910],"class_list":{"0":"post-222294","1":"post","2":"type-post","3":"status-publish","4":"format-standard","5":"has-post-thumbnail","7":"category-agenda-ca","8":"category-camporrobles-ca","9":"category-caudete-ca","10":"category-chera-ca","11":"category-fuenterrobles-ca","12":"category-la-comarca-ca","13":"category-requena-ca","14":"category-requena-utiel-ca","15":"category-seccion-ca","16":"category-sinarcas-ca","17":"category-utiel-ca","18":"category-venta-del-moro-ca","19":"category-villargordo-del-cabriel-ca","20":"tag-mancomunidad-del-interior-tierra-del-vino-ca","21":"tag-requena-utiel-ca"},"_links":{"self":[{"href":"https:\/\/www.tucomarca.com\/wordpress\/segunda\/ca\/wp-json\/wp\/v2\/posts\/222294","targetHints":{"allow":["GET"]}}],"collection":[{"href":"https:\/\/www.tucomarca.com\/wordpress\/segunda\/ca\/wp-json\/wp\/v2\/posts"}],"about":[{"href":"https:\/\/www.tucomarca.com\/wordpress\/segunda\/ca\/wp-json\/wp\/v2\/types\/post"}],"author":[{"embeddable":true,"href":"https:\/\/www.tucomarca.com\/wordpress\/segunda\/ca\/wp-json\/wp\/v2\/users\/12"}],"replies":[{"embeddable":true,"href":"https:\/\/www.tucomarca.com\/wordpress\/segunda\/ca\/wp-json\/wp\/v2\/comments?post=222294"}],"version-history":[{"count":0,"href":"https:\/\/www.tucomarca.com\/wordpress\/segunda\/ca\/wp-json\/wp\/v2\/posts\/222294\/revisions"}],"wp:featuredmedia":[{"embeddable":true,"href":"https:\/\/www.tucomarca.com\/wordpress\/segunda\/ca\/wp-json\/wp\/v2\/media\/222293"}],"wp:attachment":[{"href":"https:\/\/www.tucomarca.com\/wordpress\/segunda\/ca\/wp-json\/wp\/v2\/media?parent=222294"}],"wp:term":[{"taxonomy":"category","embeddable":true,"href":"https:\/\/www.tucomarca.com\/wordpress\/segunda\/ca\/wp-json\/wp\/v2\/categories?post=222294"},{"taxonomy":"post_tag","embeddable":true,"href":"https:\/\/www.tucomarca.com\/wordpress\/segunda\/ca\/wp-json\/wp\/v2\/tags?post=222294"}],"curies":[{"name":"wp","href":"https:\/\/api.w.org\/{rel}","templated":true}]}}