{"id":222357,"date":"2024-05-07T20:00:00","date_gmt":"2024-05-07T18:00:00","guid":{"rendered":"https:\/\/www.tucomarca.com\/wordpress\/segunda\/?p=222357"},"modified":"2024-05-07T20:32:11","modified_gmt":"2024-05-07T18:32:11","slug":"video-natalia-enguix-sobre-las-fosas-del-franquismo-estamos-por-encima-de-la-confrontacion-politica-queremos-estar-al-lado-de-las-familias-y-dignificar-la-historia","status":"publish","type":"post","link":"https:\/\/www.tucomarca.com\/wordpress\/segunda\/ca\/video-natalia-enguix-sobre-las-fosas-del-franquismo-estamos-por-encima-de-la-confrontacion-politica-queremos-estar-al-lado-de-las-familias-y-dignificar-la-historia\/","title":{"rendered":"V\u00eddeo. Natalia Enguix sobre &#8216;Les fosses del franquisme&#8217;: &#8220;Estem per damunt de la confrontaci\u00f3 pol\u00edtica; volem estar al costat de les fam\u00edlies i dignificar la hist\u00f2ria&#8221;"},"content":{"rendered":"\n<h3 class=\"wp-block-heading\"><strong>La Diputaci\u00f3 de Val\u00e8ncia tanca amb \u00e8xit el programa multicultural &#8216;Les fosses del franquisme\u2019 amb m\u00e9s de 40.000 visites<\/strong>.<\/h3>\n\n\n\n<h3 class=\"wp-block-heading\"><strong>La col\u00b7laboraci\u00f3 entre Cultura i Mem\u00f2ria Democr\u00e0tica \u201cha fet part\u00edcip a la societat, fugint de batalles partidistes i oferint als joves la veritat sobre una hist\u00f2ria que es va contar incompleta\u201d, assenyala Nat\u00e0lia Enguix<\/strong>.<\/h3>\n\n\n\n<figure class=\"wp-block-embed is-type-video is-provider-youtube wp-block-embed-youtube wp-embed-aspect-16-9 wp-has-aspect-ratio\"><div class=\"wp-block-embed__wrapper\">\n<iframe loading=\"lazy\" title=\"La Diputaci\u00f3 tanca amb \u00e8xit el programa multicultural &#039;Les fosses del franquisme\u2019 amb 40.000 visites\" width=\"500\" height=\"281\" src=\"https:\/\/www.youtube.com\/embed\/fwuIfmjqTOY?feature=oembed\" frameborder=\"0\" allow=\"accelerometer; autoplay; clipboard-write; encrypted-media; gyroscope; picture-in-picture; web-share\" referrerpolicy=\"strict-origin-when-cross-origin\" allowfullscreen><\/iframe>\n<\/div><\/figure>\n\n\n\n<p>La representaci\u00f3 de l&#8217;obra \u2018L&#8217;enterrador\u2019 en el Teatre Principal ha tancat amb \u00e8xit el programa multicultural \u2018Les fosses del franquisme\u2019 de la Diputaci\u00f3 de Val\u00e8ncia, que en els \u00faltims deu mesos ha arribat a m\u00e9s de 40.000 persones a trav\u00e9s de confer\u00e8ncies, projeccions, exposicions i publicacions de llibres, entre altres activitats. La proposta de Gerard V\u00e0zquez i Pepe Zapata, que ha omplit el Principal, \u00e9s un espectacle teatral de ficci\u00f3 que es basa lliurement en les viv\u00e8ncies de diverses persones, entre elles les de Leoncio Badia, conegut com \u2018l&#8217;enterrador de Paterna\u2019.<\/p>\n\n\n\n<p>La vicepresidenta primera i responsable de Mem\u00f2ria Democr\u00e0tica, Nat\u00e0lia Enguix, ha destacat \u201cl&#8217;extraordin\u00e0ria acceptaci\u00f3 per part de la ciutadania, i especialment de professors i alumnes dels centres educatius, d\u2019esta aposta arriscada i complexa que era muntar una doble exposici\u00f3 sobre les fosses del franquisme i un ampli programa d&#8217;activitats paral\u00b7leles en el qual han participat juristes com Baltasar Garz\u00f3n i Dolores Delgado; historiadors com Ricard Vinyes; artistes com Isabel Cadenas; autors com Paco Roca i pel\u00b7l\u00edcules com \u2018La trinchera infinita\u2019 d&#8217;Antonio de la Torre\u201d.<\/p>\n\n\n\n<p>Enguix ha deixat clar que la delegaci\u00f3 de Mem\u00f2ria Democr\u00e0tica que dirigix \u201ces mantindr\u00e0 al marge de batalles partidistes i provocacions est\u00e8rils, perqu\u00e8 les v\u00edctimes de la Guerra Civil i el franquisme i les seues fam\u00edlies no el mereixen\u201d. La responsable provincial ha garantit la continu\u00eftat dels recursos econ\u00f2mics per a localitzar, exhumar i identificar les restes de persones que van ser assassinades i que van desapar\u00e9ixer de manera for\u00e7ada, \u201cexplicant i divulgant el que va oc\u00f3rrer en aquelles d\u00e8cades fosques perqu\u00e8 no torne a passar\u201d. \u201cTreballem amb principis basats en la cultura de la pau, el pluralisme pol\u00edtic, els drets humans, la igualtat entre homes i dones i la garantia de no repetici\u00f3\u201d.<\/p>\n\n\n\n<p>Nat\u00e0lia Enguix ha tingut paraules d&#8217;agra\u00efment per al personal de les \u00e0rees de Cultura, amb Paco Teruel al capdavant, i la de Mem\u00f2ria que ella mateixa dirigix en la Diputaci\u00f3; per\u00f2 tamb\u00e9 per als anteriors diputats dels dos departaments, Xavier Rius i Ramiro Rivera, que \u201cvan creure en este projecte, igual que va creure en la mem\u00f2ria l&#8217;ex president Jorge Rodr\u00edguez, que va crear una \u00e0rea espec\u00edfica que hui dia porta invertits m\u00e9s de quatre milions d&#8217;euros en la reparaci\u00f3 i dignificaci\u00f3 de les v\u00edctimes; i l&#8217;impuls de Rosa P\u00e9rez Garijo, la que fora primera diputada provincial de Mem\u00f2ria Hist\u00f2rica\u201d.&nbsp;<\/p>\n\n\n\n<p>La representaci\u00f3 teatral de Pepe Zapata \u201c\u00e9s la culminaci\u00f3 d&#8217;un projecte que s&#8217;ha convertit en un flux d&#8217;energia, que es transformar\u00e0 per\u00f2 no es destruir\u00e0\u201d, ha afegit Enguix, qui ha est\u00e9s els agra\u00efments a \u201cles persones que han cedit els seus testimoniatges, objectes, cartes i la seua pr\u00f2pia intimitat\u201d, sense oblidar la col\u00b7laboraci\u00f3 de l&#8217;Ajuntament de Paterna, en el cementeri del qual es localitza el conegut com a \u2018Pared\u00f3 d&#8217;Espa\u00f1a\u2019, on van ser afusellades 2.238 persones procedents de 191 pobles de la Comunitat i altres 60 localitats espanyoles.<\/p>\n\n\n\n<p>L\u2019activitat principal del projecte \u2018Les fosses del franquisme\u2019 ha sigut una doble exposici\u00f3 en L\u2019ETNO Museu d\u2019Etnologia de Val\u00e8ncia i el Museu de Prehist\u00f2ria, els dos pertanyents a l\u2019\u00e0rea de Cultura de la Diputaci\u00f3. D\u2019esta manera, les mostres \u2018Arqueologia de la memoria. Les fosses de Paterna\u2019, que s\u2019ha pogut veure al Museu de Prehist\u00f2ria; i \u20182238. Paterna. Lloc de perpetraci\u00f3 i mem\u00f2ria\u2019, de L\u2019ETNO, han sigut visitades en el seu conjunt per m\u00e9s de 30.000 persones en les instal\u00b7lacions de la Benefic\u00e8ncia. Enguix ha felicitat als directors dels museus provincials, M\u00aa Jes\u00fas de Pedro en Prehist\u00f2ria, i Joan Segu\u00ed en L\u2019ETNO, pel seu treball conjunt.<\/p>\n\n\n\n<p>La intenci\u00f3 de la pr\u00f2pia Nat\u00e0lia Enguix es que les exposicions tinguen encara m\u00e9s recorregut, i aix\u00ed es va plantejar en una recent reuni\u00f3 que va mantindre la responsable provincial de Mem\u00f2ria amb la directora general de Mem\u00f2ria Democr\u00e0tica del Govern d\u2019Espa\u00f1a, Zoraida Hijosa. El projecte \u2018Les fosses del franquisme\u2019, encara que ha completat el seu programa d\u2019activitats inicial, es mantindr\u00e0 viu en el marc de la gesti\u00f3 per la qual aposta Enguix a la Diputaci\u00f3 de Val\u00e8ncia, donant molta import\u00e0ncia al vessant pedag\u00f2gic i educatiu de la mem\u00f2ria.<\/p>\n","protected":false},"excerpt":{"rendered":"<div class=\"mh-excerpt\">La Diputaci\u00f3 de Val\u00e8ncia tanca amb \u00e8xit el programa multicultural &#8216;Les fosses del franquisme\u2019 amb m\u00e9s de 40.000 visites. La col\u00b7laboraci\u00f3 entre Cultura i Mem\u00f2ria Democr\u00e0tica \u201cha fet part\u00edcip a la societat, fugint de batalles <a class=\"mh-excerpt-more\" href=\"https:\/\/www.tucomarca.com\/wordpress\/segunda\/ca\/video-natalia-enguix-sobre-las-fosas-del-franquismo-estamos-por-encima-de-la-confrontacion-politica-queremos-estar-al-lado-de-las-familias-y-dignificar-la-historia\/\" title=\"V\u00eddeo. Natalia Enguix sobre &#8216;Les fosses del franquisme&#8217;: &#8220;Estem per damunt de la confrontaci\u00f3 pol\u00edtica; volem estar al costat de les fam\u00edlies i dignificar la hist\u00f2ria&#8221;\">[+] <\/a><\/div>\n","protected":false},"author":1,"featured_media":222354,"comment_status":"open","ping_status":"open","sticky":false,"template":"","format":"video","meta":{"footnotes":""},"categories":[20600,10898,10948,10894,10904,20456,10947,10896,11062],"tags":[11246,20544,11199,20545,20262],"class_list":{"0":"post-222357","1":"post","2":"type-post","3":"status-publish","4":"format-video","5":"has-post-thumbnail","7":"category-area-memoria-democratica-ca","8":"category-ventana-ca","9":"category-infraestructuras-ca","10":"category-la-comarca-ca","11":"category-sin-categorizar-ca","12":"category-la-diputacio-de-valencia-informa-ca","13":"category-politica","14":"category-seccion-ca","15":"category-videos","16":"tag-diputacio-de-valencia-ca","17":"tag-enguix-ca","18":"tag-la-comunitat-ca","19":"tag-natalia-ca","20":"tag-natalia-enguix-ca","21":"post_format-post-format-video"},"_links":{"self":[{"href":"https:\/\/www.tucomarca.com\/wordpress\/segunda\/ca\/wp-json\/wp\/v2\/posts\/222357","targetHints":{"allow":["GET"]}}],"collection":[{"href":"https:\/\/www.tucomarca.com\/wordpress\/segunda\/ca\/wp-json\/wp\/v2\/posts"}],"about":[{"href":"https:\/\/www.tucomarca.com\/wordpress\/segunda\/ca\/wp-json\/wp\/v2\/types\/post"}],"author":[{"embeddable":true,"href":"https:\/\/www.tucomarca.com\/wordpress\/segunda\/ca\/wp-json\/wp\/v2\/users\/1"}],"replies":[{"embeddable":true,"href":"https:\/\/www.tucomarca.com\/wordpress\/segunda\/ca\/wp-json\/wp\/v2\/comments?post=222357"}],"version-history":[{"count":0,"href":"https:\/\/www.tucomarca.com\/wordpress\/segunda\/ca\/wp-json\/wp\/v2\/posts\/222357\/revisions"}],"wp:featuredmedia":[{"embeddable":true,"href":"https:\/\/www.tucomarca.com\/wordpress\/segunda\/ca\/wp-json\/wp\/v2\/media\/222354"}],"wp:attachment":[{"href":"https:\/\/www.tucomarca.com\/wordpress\/segunda\/ca\/wp-json\/wp\/v2\/media?parent=222357"}],"wp:term":[{"taxonomy":"category","embeddable":true,"href":"https:\/\/www.tucomarca.com\/wordpress\/segunda\/ca\/wp-json\/wp\/v2\/categories?post=222357"},{"taxonomy":"post_tag","embeddable":true,"href":"https:\/\/www.tucomarca.com\/wordpress\/segunda\/ca\/wp-json\/wp\/v2\/tags?post=222357"}],"curies":[{"name":"wp","href":"https:\/\/api.w.org\/{rel}","templated":true}]}}