{"id":222424,"date":"2024-05-08T13:00:00","date_gmt":"2024-05-08T11:00:00","guid":{"rendered":"https:\/\/www.tucomarca.com\/wordpress\/segunda\/?p=222424"},"modified":"2024-05-08T18:54:37","modified_gmt":"2024-05-08T16:54:37","slug":"el-secretari-autonomic-del-sistema-sociosanitari-visita-la-residencia-de-la-tercera-edat-de-benaguasil","status":"publish","type":"post","link":"https:\/\/www.tucomarca.com\/wordpress\/segunda\/ca\/el-secretari-autonomic-del-sistema-sociosanitari-visita-la-residencia-de-la-tercera-edat-de-benaguasil\/","title":{"rendered":"El secretari auton\u00f2mic del sistema sociosanitari visita la Resid\u00e8ncia de la Tercera Edat de Benaguasil"},"content":{"rendered":"\n<h3 class=\"wp-block-heading\">L&#8217;alcalde li ha plantejat a Emilio Arg\u00fceso les millores a escometre en el centre.&nbsp;<\/h3>\n\n\n\n<p>El secretari auton\u00f2mic del sistema sociosanitari, Emilio Arg\u00fceso, acompanyat pel director general de Diversitat, Stephane Soriano, ha visitat la Resid\u00e8ncia de la Tercera Edat de Benaguasil per a con\u00e9ixer totes les seues necessitats i poder, d&#8217;aquesta manera, atendre-les en el termini m\u00e9s breu possible.<br>Al costat de l&#8217;alcalde de Benaguasil, Ximo Segarra, i a la directora del centre, Ana L\u00f3pez, el secretari ha recorregut les instal\u00b7lacions i comprovat el funcionament de la resid\u00e8ncia. Aix\u00ed mateix ha mantingut una reuni\u00f3 en la qual tamb\u00e9 han sigut presents el regidor de Benestar Social, Carlos Bosch i GESMED per a valorar les principals necessitats a les quals s&#8217;enfronta el centre, entre elles nou mobiliari i millores en el sistema de refrigeraci\u00f3.<br>Emilio Arg\u00fceso ha pres nota de totes les necessitats i s&#8217;ha comprom\u00e9s a donar soluci\u00f3 a les demandes de l&#8217;alcalde per a mantindre la resid\u00e8ncia en \u00f2ptiques condicions.<br>Durant la visita l&#8217;alcalde tamb\u00e9 li ha plantejat al secretari auton\u00f2mic la posada en marxa del Centre de Dia.<\/p>\n","protected":false},"excerpt":{"rendered":"<div class=\"mh-excerpt\">L&#8217;alcalde li ha plantejat a Emilio Arg\u00fceso les millores a escometre en el centre.&nbsp; El secretari auton\u00f2mic del sistema sociosanitari, Emilio Arg\u00fceso, acompanyat pel director general de Diversitat, Stephane Soriano, ha visitat la Resid\u00e8ncia de <a class=\"mh-excerpt-more\" href=\"https:\/\/www.tucomarca.com\/wordpress\/segunda\/ca\/el-secretari-autonomic-del-sistema-sociosanitari-visita-la-residencia-de-la-tercera-edat-de-benaguasil\/\" title=\"El secretari auton\u00f2mic del sistema sociosanitari visita la Resid\u00e8ncia de la Tercera Edat de Benaguasil\">[+] <\/a><\/div>\n","protected":false},"author":12,"featured_media":222423,"comment_status":"open","ping_status":"open","sticky":false,"template":"","format":"standard","meta":{"footnotes":""},"categories":[10952,10892,11010,10948,10904,10947],"tags":[11136,10899,20659],"class_list":{"0":"post-222424","1":"post","2":"type-post","3":"status-publish","4":"format-standard","5":"has-post-thumbnail","7":"category-benaguasil-ca","8":"category-camp-de-turia-ca","9":"category-canal-salud","10":"category-infraestructuras-ca","11":"category-sin-categorizar-ca","12":"category-politica","13":"tag-benaguasil-ca","14":"tag-camp-de-turia-ca","15":"tag-residencia-tercera-edad-benaguasil-ca"},"_links":{"self":[{"href":"https:\/\/www.tucomarca.com\/wordpress\/segunda\/ca\/wp-json\/wp\/v2\/posts\/222424","targetHints":{"allow":["GET"]}}],"collection":[{"href":"https:\/\/www.tucomarca.com\/wordpress\/segunda\/ca\/wp-json\/wp\/v2\/posts"}],"about":[{"href":"https:\/\/www.tucomarca.com\/wordpress\/segunda\/ca\/wp-json\/wp\/v2\/types\/post"}],"author":[{"embeddable":true,"href":"https:\/\/www.tucomarca.com\/wordpress\/segunda\/ca\/wp-json\/wp\/v2\/users\/12"}],"replies":[{"embeddable":true,"href":"https:\/\/www.tucomarca.com\/wordpress\/segunda\/ca\/wp-json\/wp\/v2\/comments?post=222424"}],"version-history":[{"count":0,"href":"https:\/\/www.tucomarca.com\/wordpress\/segunda\/ca\/wp-json\/wp\/v2\/posts\/222424\/revisions"}],"wp:featuredmedia":[{"embeddable":true,"href":"https:\/\/www.tucomarca.com\/wordpress\/segunda\/ca\/wp-json\/wp\/v2\/media\/222423"}],"wp:attachment":[{"href":"https:\/\/www.tucomarca.com\/wordpress\/segunda\/ca\/wp-json\/wp\/v2\/media?parent=222424"}],"wp:term":[{"taxonomy":"category","embeddable":true,"href":"https:\/\/www.tucomarca.com\/wordpress\/segunda\/ca\/wp-json\/wp\/v2\/categories?post=222424"},{"taxonomy":"post_tag","embeddable":true,"href":"https:\/\/www.tucomarca.com\/wordpress\/segunda\/ca\/wp-json\/wp\/v2\/tags?post=222424"}],"curies":[{"name":"wp","href":"https:\/\/api.w.org\/{rel}","templated":true}]}}