{"id":222430,"date":"2024-05-08T14:00:00","date_gmt":"2024-05-08T12:00:00","guid":{"rendered":"https:\/\/www.tucomarca.com\/wordpress\/segunda\/?p=222430"},"modified":"2024-05-08T19:17:30","modified_gmt":"2024-05-08T17:17:30","slug":"la-diputacio-de-valencia-aprovara-este-mes-una-dotacio-de-200-000-euros-per-a-les-comparses-de-moros-i-cristians","status":"publish","type":"post","link":"https:\/\/www.tucomarca.com\/wordpress\/segunda\/ca\/la-diputacio-de-valencia-aprovara-este-mes-una-dotacio-de-200-000-euros-per-a-les-comparses-de-moros-i-cristians\/","title":{"rendered":"La Diputaci\u00f3 de Val\u00e8ncia aprovar\u00e0 este mes una dotaci\u00f3 de 200.000 euros per a les comparses de moros i cristians"},"content":{"rendered":"\n<h3 class=\"wp-block-heading\">La vicepresidenta primera, Nat\u00e0lia Enguix, avan\u00e7a que la partida s&#8217;aprovar\u00e0 en el pr\u00f2xim ple de la corporaci\u00f3 per a les entitats i associacions festeres que tinguen com a objectiu principal la difusi\u00f3 d&#8217;esta festa.<\/h3>\n\n\n\n<h3 class=\"wp-block-heading\">Nat\u00e0lia Enguix ha recordat que el seu grup, Ens Uneix, ja va presentar una moci\u00f3 en el ple provincial la passada legislatura en defensa d&#8217;una festa que hem de \u201cprotegir i promocionar igual que fem amb les Falles\u201d.<\/h3>\n\n\n\n<p>La Diputaci\u00f3 de Val\u00e8ncia habilitar\u00e0 una partida de 200.000 euros, que s&#8217;aprovar\u00e0 en el pr\u00f2xim ple, per a ajudar a les comparses de moros i cristians de la prov\u00edncia. Aix\u00ed ho ha avan\u00e7at la vicepresidenta primera, Nat\u00e0lia Enguix, despr\u00e9s de la reuni\u00f3 mantinguda amb el president de l&#8217;Associaci\u00f3 de Festers del Sant\u00edssim Crist de l&#8217;Agonia d&#8217;Ontinyent, Vicent Pla. En opini\u00f3 d&#8217;Enguix, \u201cdes de les institucions p\u00fabliques hem de protegir i difondre les nostres tradicions i, en concret, festes com la dels Moros i Cristians, igual que fem amb les Falles\u201d.<\/p>\n\n\n\n<p>Enguix ha recordat que el seu grup, Ens Uneix, ja va presentar una moci\u00f3 en el ple provincial, aprovada per tots els grups, per a equiparar la festivitat dels Moros i Cristians a la de les Falles i establir una l\u00ednia d&#8217;ajudes a les comparses i associacions que tenen per objecte principal la promoci\u00f3 i divulgaci\u00f3 d&#8217;esta festa tan estesa entre les comarques valencianes. \u201cNo obstant aix\u00f2, la moci\u00f3 que va tirar avant en 2020, defensada pel nostre company Joan Sanchis, no va tindre l&#8217;efecte desitjat i el govern que formaven el PSPV i Comprom\u00eds va fer cas om\u00eds\u201d.<\/p>\n\n\n\n<p>La intenci\u00f3 de l&#8217;actual govern provincial, format pel PP i Ens Uneix, \u00e9s \u201cequiparar les ajudes que reben els col\u00b7lectius vinculats tant a les Falles com als Moros i Cristians, les dos principals manifestacions festives dels nostres municipis\u201d. Per a aix\u00f2 s&#8217;establir\u00e0 una partida econ\u00f2mica que permetr\u00e0 distribuir les ajudes entre les comparses i associacions, que entre els requisits han d&#8217;estar constitu\u00efdes abans del 31 de desembre de 2023.<\/p>\n\n\n\n<p>La vicepresidenta Enguix ha explicat que esta reuni\u00f3 amb l&#8217;Associaci\u00f3 de Festers de la capital de la Vall d\u2019Albaida s&#8217;emmarca en una ronda de reunions amb diferents representants del m\u00f3n de la festa a la prov\u00edncia de Val\u00e8ncia.<\/p>\n\n\n\n<p>Per part seua, Vicent Pla ha valorat molt positivament la trobada i ha destacat \u201cl\u2019especial sensibilitat de la Diputaci\u00f3 amb la festa de moros i cristians d&#8217;Ontinyent des de fa molts anys, en concret des de l&#8217;any 2008, quan es va iniciar una relaci\u00f3 de col\u00b7laboraci\u00f3 entre institucions que no s&#8217;ha interromput\u201d.<\/p>\n\n\n\n<p>Respecte a la f\u00f3rmula de les ajudes, Pla ha assenyalat que estes aportacions \u201cs\u00f3n habituals en altres institucions, com succe\u00efx en la Diputaci\u00f3 d&#8217;Alacant amb una l\u00ednia que ajuda a les entitats festeres de moros i cristians i una altra que subvenciona a museus i col\u00b7leccions permanents d&#8217;ajuntaments i associacions sense \u00e0nim de lucre vinculades amb l&#8217;activitat festiva\u201d.<\/p>\n","protected":false},"excerpt":{"rendered":"<div class=\"mh-excerpt\">La vicepresidenta primera, Nat\u00e0lia Enguix, avan\u00e7a que la partida s&#8217;aprovar\u00e0 en el pr\u00f2xim ple de la corporaci\u00f3 per a les entitats i associacions festeres que tinguen com a objectiu principal la difusi\u00f3 d&#8217;esta festa. Nat\u00e0lia <a class=\"mh-excerpt-more\" href=\"https:\/\/www.tucomarca.com\/wordpress\/segunda\/ca\/la-diputacio-de-valencia-aprovara-este-mes-una-dotacio-de-200-000-euros-per-a-les-comparses-de-moros-i-cristians\/\" title=\"La Diputaci\u00f3 de Val\u00e8ncia aprovar\u00e0 este mes una dotaci\u00f3 de 200.000 euros per a les comparses de moros i cristians\">[+] <\/a><\/div>\n","protected":false},"author":12,"featured_media":222429,"comment_status":"open","ping_status":"open","sticky":false,"template":"","format":"standard","meta":{"footnotes":""},"categories":[20529,10948,10894,10904,20456,11007,10947,10896],"tags":[15308,20544,20661,20545,20262],"class_list":{"0":"post-222430","1":"post","2":"type-post","3":"status-publish","4":"format-standard","5":"has-post-thumbnail","7":"category-patrimonio-cultural-ca","8":"category-infraestructuras-ca","9":"category-la-comarca-ca","10":"category-sin-categorizar-ca","11":"category-la-diputacio-de-valencia-informa-ca","12":"category-ocio-y-cultura-ca","13":"category-politica","14":"category-seccion-ca","15":"tag-diputacion-de-valencia-2-ca","16":"tag-enguix-ca","17":"tag-moros-y-cristianos-ca","18":"tag-natalia-ca","19":"tag-natalia-enguix-ca"},"_links":{"self":[{"href":"https:\/\/www.tucomarca.com\/wordpress\/segunda\/ca\/wp-json\/wp\/v2\/posts\/222430","targetHints":{"allow":["GET"]}}],"collection":[{"href":"https:\/\/www.tucomarca.com\/wordpress\/segunda\/ca\/wp-json\/wp\/v2\/posts"}],"about":[{"href":"https:\/\/www.tucomarca.com\/wordpress\/segunda\/ca\/wp-json\/wp\/v2\/types\/post"}],"author":[{"embeddable":true,"href":"https:\/\/www.tucomarca.com\/wordpress\/segunda\/ca\/wp-json\/wp\/v2\/users\/12"}],"replies":[{"embeddable":true,"href":"https:\/\/www.tucomarca.com\/wordpress\/segunda\/ca\/wp-json\/wp\/v2\/comments?post=222430"}],"version-history":[{"count":0,"href":"https:\/\/www.tucomarca.com\/wordpress\/segunda\/ca\/wp-json\/wp\/v2\/posts\/222430\/revisions"}],"wp:featuredmedia":[{"embeddable":true,"href":"https:\/\/www.tucomarca.com\/wordpress\/segunda\/ca\/wp-json\/wp\/v2\/media\/222429"}],"wp:attachment":[{"href":"https:\/\/www.tucomarca.com\/wordpress\/segunda\/ca\/wp-json\/wp\/v2\/media?parent=222430"}],"wp:term":[{"taxonomy":"category","embeddable":true,"href":"https:\/\/www.tucomarca.com\/wordpress\/segunda\/ca\/wp-json\/wp\/v2\/categories?post=222430"},{"taxonomy":"post_tag","embeddable":true,"href":"https:\/\/www.tucomarca.com\/wordpress\/segunda\/ca\/wp-json\/wp\/v2\/tags?post=222430"}],"curies":[{"name":"wp","href":"https:\/\/api.w.org\/{rel}","templated":true}]}}