{"id":222535,"date":"2024-05-09T12:00:00","date_gmt":"2024-05-09T10:00:00","guid":{"rendered":"https:\/\/www.tucomarca.com\/wordpress\/segunda\/?p=222535"},"modified":"2024-05-09T21:21:02","modified_gmt":"2024-05-09T19:21:02","slug":"riba-roja-de-turia-registra-el-nivell-datur-mes-baix-des-dabril-de-2008-despres-de-crear-60-nous-llocs-de-treball-en-el-primer-trimestre-i-els-contractes-laborals-aconsegueixen-els-1-387","status":"publish","type":"post","link":"https:\/\/www.tucomarca.com\/wordpress\/segunda\/ca\/riba-roja-de-turia-registra-el-nivell-datur-mes-baix-des-dabril-de-2008-despres-de-crear-60-nous-llocs-de-treball-en-el-primer-trimestre-i-els-contractes-laborals-aconsegueixen-els-1-387\/","title":{"rendered":"Riba-roja de T\u00faria registra el nivell d&#8217;atur m\u00e9s baix des d&#8217;abril de 2008 despr\u00e9s de crear 60 nous llocs de treball en el primer trimestre i els contractes laborals aconsegueixen els 1.387"},"content":{"rendered":"\n<h3 class=\"wp-block-heading\">Les xifres de Labora constaten una evoluci\u00f3 positiva en termes de creaci\u00f3 de llocs de treball en la localitat en els quatre primers mesos d&#8217;enguany.<\/h3>\n\n\n\n<p>La taxa d&#8217;atur registrada a Riba-roja de T\u00faria al llarg dels primers quatre mesos del present any han concl\u00f2s amb la creaci\u00f3 de 60 llocs de treball, en passar dels 1.360 aturats al gener als 1.300 aturats a l&#8217;abril, una reducci\u00f3 del 2\u20197% entre tots dos per\u00edodes de temps. Les dades reflecteixen que la taxa d&#8217;atur se situa en 10\u201977%, la m\u00e9s baixa des de l&#8217;any 2008.&nbsp;<\/p>\n\n\n\n<p>Les xifres de la desocupaci\u00f3 apunten una millora progressiva des del passat estiu, en passar dels 1.377 aturats a Riba-roja de T\u00faria al setembre als 1.300 aturats a l&#8217;abril d&#8217;enguany. Aquesta situaci\u00f3 en la localitat contrasta amb els prop de 35.000 ocupacions que es van destruir en l&#8217;\u00e0mbit de la Comunitat Valenciana durant el primer trimestre d&#8217;enguany, segons les dades de l&#8217;Enquesta de Poblaci\u00f3 Activa (EPA) difosa la setmana passada.&nbsp;<\/p>\n\n\n\n<p>Les estad\u00edstiques de Labora subratllen una disminuci\u00f3 de l&#8217;atur a Riba-roja de T\u00faria des del nadal passat, al fet que des que entre desembre i gener es van incrementar en 20 persones les que van perdre el seu lloc de treball, des de llavors es van crear 11 posades ocupacions al febrer, altres 14 el mes de mar\u00e7 i, finalment, 35 a l&#8217;abril, m\u00e9s del doble que els dos mesos precedents junts.&nbsp;<\/p>\n\n\n\n<p>Amb les xifres del present any, un total de 34 homes van trobar un lloc de treball que van passar de 514 a 480 persones, mentre que altres 26 dones van trobar una ocupaci\u00f3, de 846 parades al gener van passar a 820 a l&#8217;abril, segons Labora. Es tracta del mes d&#8217;abril amb menor nombre d&#8217;aturats al llarg dels \u00faltims anys, dels 1.300 aturats en 2024 als 1.359 l&#8217;any 2023, els 1.427 aturats en 2022 o els 1.722 en l&#8217;exercici de 2021.&nbsp;<\/p>\n\n\n\n<p>Els aturats registrats a l&#8217;abril a Riba-roja de T\u00faria es classifiquen entre els 981 pertanyents al sector dels serveis, els 162 de la ind\u00fastria, els 89 del sector de la construcci\u00f3 o els 25 de l&#8217;\u00e0mbit d&#8217;agricultura. Per sectors d&#8217;activitat, destaquen els 218 aturats en activitats administratives i serveis auxiliars, els 190 del comer\u00e7 a l&#8217;engr\u00f2s i al detall, la reparaci\u00f3 de vehicles de motor i les motocicletes. A m\u00e9s, altres 148 corresponen a la ind\u00fastria manufacturera, altres 122 de l&#8217;administraci\u00f3 p\u00fablica i defensa i la Seguretat Social obligat\u00f2ria, els 104 de l&#8217;hostaleria o els 90 de les activitats professionals, cient\u00edfiques i t\u00e8cniques.&nbsp;<\/p>\n\n\n\n<p>Per grups d&#8217;edat, el major nombre d&#8217;aturats a Riba-roja de T\u00faria s&#8217;inclou entre els majors de 44 anys amb 812 persones, seguits dels 394 d&#8217;entre 25 i 44 anys i, finalment, altres 94 menors de 25 anys. Al seu torn, les dones majors de 44 anys s\u00f3n el grup m\u00e9s elevat amb 517 en total, a m\u00e9s dels 295 homes majors de 44 anys, les 259 dones d&#8217;entre 25 i 44 anys i els 135 homes en la mateixa franja d&#8217;edat.&nbsp;<\/p>\n\n\n\n<p>Les estad\u00edstiques de Labora detecten a Riba-roja de T\u00faria una majoria d&#8217;aturats per grups d&#8217;ocupaci\u00f3 entre les ocupacions elementals amb 342 persones, altres 296 parades entre els treballadors dels serveis de restauraci\u00f3, personals, protecci\u00f3 i venedors, altres 172 aturats entre els empleats comptables, administratius i altres empleats d&#8217;oficina i, finalment, 147 aturats en els artesans i treballadors qualificats de les ind\u00fastries manufactureres i la construcci\u00f3.&nbsp;<\/p>\n\n\n\n<p>Les xifres de la Generalitat han fixat en 1.387 els contractes laborals formalitzats durant el mes d&#8217;abril passat a Riba-roja de T\u00faria, dels quals 880 corresponen a homes i altres 507 contractes s\u00f3n de dones. Aquestes xifres suposen un increment del 21\u20191% respecte del passat mes de gener en el qual es van dur a terme 1.145 aturats en total. El nombre de contractes al llarg d&#8217;enguany ascendeix a 4.656 en total.&nbsp;<\/p>\n\n\n\n<p>L&#8217;alcalde de Riba-roja de T\u00faria, Robert Raga, ha destacat les xifres experimentades en la localitat \u201cal llarg d&#8217;enguany en termes de creaci\u00f3 d&#8217;ocupaci\u00f3 i formalitzaci\u00f3 de contractes laborables en les empreses, s\u00f3n dades positives que suposen un esper\u00f3 per a continuar duent a terme des de l&#8217;ajuntament totes aquelles accions a la nostra disposici\u00f3 per a reduir la desocupaci\u00f3 i al mateix temps permetre una redistribuci\u00f3 econ\u00f2mica\u201d.<\/p>\n","protected":false},"excerpt":{"rendered":"<div class=\"mh-excerpt\">Les xifres de Labora constaten una evoluci\u00f3 positiva en termes de creaci\u00f3 de llocs de treball en la localitat en els quatre primers mesos d&#8217;enguany. La taxa d&#8217;atur registrada a Riba-roja de T\u00faria al llarg <a class=\"mh-excerpt-more\" href=\"https:\/\/www.tucomarca.com\/wordpress\/segunda\/ca\/riba-roja-de-turia-registra-el-nivell-datur-mes-baix-des-dabril-de-2008-despres-de-crear-60-nous-llocs-de-treball-en-el-primer-trimestre-i-els-contractes-laborals-aconsegueixen-els-1-387\/\" title=\"Riba-roja de T\u00faria registra el nivell d&#8217;atur m\u00e9s baix des d&#8217;abril de 2008 despr\u00e9s de crear 60 nous llocs de treball en el primer trimestre i els contractes laborals aconsegueixen els 1.387\">[+] <\/a><\/div>\n","protected":false},"author":13,"featured_media":222532,"comment_status":"open","ping_status":"open","sticky":false,"template":"","format":"standard","meta":{"footnotes":""},"categories":[10892,10948,10894,10947,10906],"tags":[10899,11102],"class_list":{"0":"post-222535","1":"post","2":"type-post","3":"status-publish","4":"format-standard","5":"has-post-thumbnail","7":"category-camp-de-turia-ca","8":"category-infraestructuras-ca","9":"category-la-comarca-ca","10":"category-politica","11":"category-riba-roja-ca","12":"tag-camp-de-turia-ca","13":"tag-riba-roja-2-ca"},"_links":{"self":[{"href":"https:\/\/www.tucomarca.com\/wordpress\/segunda\/ca\/wp-json\/wp\/v2\/posts\/222535","targetHints":{"allow":["GET"]}}],"collection":[{"href":"https:\/\/www.tucomarca.com\/wordpress\/segunda\/ca\/wp-json\/wp\/v2\/posts"}],"about":[{"href":"https:\/\/www.tucomarca.com\/wordpress\/segunda\/ca\/wp-json\/wp\/v2\/types\/post"}],"author":[{"embeddable":true,"href":"https:\/\/www.tucomarca.com\/wordpress\/segunda\/ca\/wp-json\/wp\/v2\/users\/13"}],"replies":[{"embeddable":true,"href":"https:\/\/www.tucomarca.com\/wordpress\/segunda\/ca\/wp-json\/wp\/v2\/comments?post=222535"}],"version-history":[{"count":0,"href":"https:\/\/www.tucomarca.com\/wordpress\/segunda\/ca\/wp-json\/wp\/v2\/posts\/222535\/revisions"}],"wp:featuredmedia":[{"embeddable":true,"href":"https:\/\/www.tucomarca.com\/wordpress\/segunda\/ca\/wp-json\/wp\/v2\/media\/222532"}],"wp:attachment":[{"href":"https:\/\/www.tucomarca.com\/wordpress\/segunda\/ca\/wp-json\/wp\/v2\/media?parent=222535"}],"wp:term":[{"taxonomy":"category","embeddable":true,"href":"https:\/\/www.tucomarca.com\/wordpress\/segunda\/ca\/wp-json\/wp\/v2\/categories?post=222535"},{"taxonomy":"post_tag","embeddable":true,"href":"https:\/\/www.tucomarca.com\/wordpress\/segunda\/ca\/wp-json\/wp\/v2\/tags?post=222535"}],"curies":[{"name":"wp","href":"https:\/\/api.w.org\/{rel}","templated":true}]}}