{"id":222573,"date":"2024-05-10T12:00:00","date_gmt":"2024-05-10T10:00:00","guid":{"rendered":"https:\/\/www.tucomarca.com\/wordpress\/segunda\/?p=222573"},"modified":"2024-05-10T19:13:30","modified_gmt":"2024-05-10T17:13:30","slug":"pepa-cano-renova-un-any-mes-com-a-presidenta-de-la-junta-local-fallera-de-benaguasil","status":"publish","type":"post","link":"https:\/\/www.tucomarca.com\/wordpress\/segunda\/ca\/pepa-cano-renova-un-any-mes-com-a-presidenta-de-la-junta-local-fallera-de-benaguasil\/","title":{"rendered":"Pepa Cano renova un any m\u00e9s com a presidenta de la Junta Local Fallera de Benaguasil"},"content":{"rendered":"\n<h3 class=\"wp-block-heading\">Pepa afronta el seu set\u00e9 mandat al capdavant d&#8217;aquest organisme faller<\/h3>\n\n\n\n<p>Pepa Cano ha sigut reelegida presidenta de la Junta Local Fallera de Benaguasil en l&#8217;assemblea celebrada en el sal\u00f3 de plens de l&#8217;Ajuntament.<br>L&#8217;acte va comptar amb els presidents de les 10 comissions falleres que t\u00e9 Benaguasil i els components de la JLF. Tots ells van estar d&#8217;acord que Pepa seguira en el seu lloc un exercici m\u00e9s.<br>A la cita tamb\u00e9 van assistir l&#8217;alcalde i president nat de la Junta, Ximo Segarra i la regidora de Festes, Ana Aleixandre. Tots dos van voler felicitar a Pepa i mostrar-li el seu suport en aquest nou exercici faller.<br>Per la seua part Pepa es va mostrar orgullosa que els fallers continuen confiant en ella i vulguen que repetisca en el c\u00e0rrec un any m\u00e9s.<br>Pepa, que \u00e9s fallera de la comissi\u00f3 Pla\u00e7a de Bous, afronta amb alegria i responsabilitat el seu set\u00e9 any al capdavant d&#8217;aquest organisme faller que treballa perqu\u00e8 les Falles de Benaguasil continuen sent un referent.<br>La trobada va servir tamb\u00e9 per a presentar als nous components de la JLF aix\u00ed com als nous presidents de la falles.<\/p>\n","protected":false},"excerpt":{"rendered":"<div class=\"mh-excerpt\">Pepa afronta el seu set\u00e9 mandat al capdavant d&#8217;aquest organisme faller Pepa Cano ha sigut reelegida presidenta de la Junta Local Fallera de Benaguasil en l&#8217;assemblea celebrada en el sal\u00f3 de plens de l&#8217;Ajuntament.L&#8217;acte va <a class=\"mh-excerpt-more\" href=\"https:\/\/www.tucomarca.com\/wordpress\/segunda\/ca\/pepa-cano-renova-un-any-mes-com-a-presidenta-de-la-junta-local-fallera-de-benaguasil\/\" title=\"Pepa Cano renova un any m\u00e9s com a presidenta de la Junta Local Fallera de Benaguasil\">[+] <\/a><\/div>\n","protected":false},"author":12,"featured_media":222572,"comment_status":"open","ping_status":"open","sticky":false,"template":"","format":"standard","meta":{"footnotes":""},"categories":[10952,10892,10894,11007,10896],"tags":[11136,10899,20669,20670],"class_list":{"0":"post-222573","1":"post","2":"type-post","3":"status-publish","4":"format-standard","5":"has-post-thumbnail","7":"category-benaguasil-ca","8":"category-camp-de-turia-ca","9":"category-la-comarca-ca","10":"category-ocio-y-cultura-ca","11":"category-seccion-ca","12":"tag-benaguasil-ca","13":"tag-camp-de-turia-ca","14":"tag-jlf-de-benaguasil-ca","15":"tag-pepa-cano-ca"},"_links":{"self":[{"href":"https:\/\/www.tucomarca.com\/wordpress\/segunda\/ca\/wp-json\/wp\/v2\/posts\/222573","targetHints":{"allow":["GET"]}}],"collection":[{"href":"https:\/\/www.tucomarca.com\/wordpress\/segunda\/ca\/wp-json\/wp\/v2\/posts"}],"about":[{"href":"https:\/\/www.tucomarca.com\/wordpress\/segunda\/ca\/wp-json\/wp\/v2\/types\/post"}],"author":[{"embeddable":true,"href":"https:\/\/www.tucomarca.com\/wordpress\/segunda\/ca\/wp-json\/wp\/v2\/users\/12"}],"replies":[{"embeddable":true,"href":"https:\/\/www.tucomarca.com\/wordpress\/segunda\/ca\/wp-json\/wp\/v2\/comments?post=222573"}],"version-history":[{"count":0,"href":"https:\/\/www.tucomarca.com\/wordpress\/segunda\/ca\/wp-json\/wp\/v2\/posts\/222573\/revisions"}],"wp:featuredmedia":[{"embeddable":true,"href":"https:\/\/www.tucomarca.com\/wordpress\/segunda\/ca\/wp-json\/wp\/v2\/media\/222572"}],"wp:attachment":[{"href":"https:\/\/www.tucomarca.com\/wordpress\/segunda\/ca\/wp-json\/wp\/v2\/media?parent=222573"}],"wp:term":[{"taxonomy":"category","embeddable":true,"href":"https:\/\/www.tucomarca.com\/wordpress\/segunda\/ca\/wp-json\/wp\/v2\/categories?post=222573"},{"taxonomy":"post_tag","embeddable":true,"href":"https:\/\/www.tucomarca.com\/wordpress\/segunda\/ca\/wp-json\/wp\/v2\/tags?post=222573"}],"curies":[{"name":"wp","href":"https:\/\/api.w.org\/{rel}","templated":true}]}}