{"id":222954,"date":"2024-05-14T09:00:00","date_gmt":"2024-05-14T07:00:00","guid":{"rendered":"https:\/\/www.tucomarca.com\/wordpress\/segunda\/?p=222954"},"modified":"2024-05-14T18:09:18","modified_gmt":"2024-05-14T16:09:18","slug":"lajuntament-dutiel-felicita-el-cd-utiel-per-la-seua-classificacio-per-al-play-off-dascens-a-segona-federacio","status":"publish","type":"post","link":"https:\/\/www.tucomarca.com\/wordpress\/segunda\/ca\/lajuntament-dutiel-felicita-el-cd-utiel-per-la-seua-classificacio-per-al-play-off-dascens-a-segona-federacio\/","title":{"rendered":"L&#8217;Ajuntament d&#8217;Utiel felicita el CD Utiel per la seua classificaci\u00f3 per al Play-off d&#8217;ascens a Segona Federaci\u00f3"},"content":{"rendered":"\n<h3 class=\"wp-block-heading\">L&#8217;alcalde d&#8217;Utiel , Ricardo Gabald\u00f3n, juntament amb diversos regidors es van traslladar a Gandia per a viure l&#8217;emoci\u00f3 d&#8217;aquest partit decisiu amb el qual van aconseguir l&#8217;\u00faltima pla\u00e7a per a la promoci\u00f3.<\/h3>\n\n\n\n<h3 class=\"wp-block-heading\">Diumenge que ve a les 18 hores, La Celadilla es vestir\u00e0 de festa per a gaudir d&#8217;una trobada emocionant que enfrontar\u00e0 al CD Utiel amb el F.C.Jove Espa\u00f1ol de Sant Vicent<\/h3>\n\n\n\n<p>El Club Esportiu Utiel tornava a fer hist\u00f2ria aquest passat diumenge en v\u00e9ncer al CF Gandia en un partit vibrant en el qual els dos equips es disputaven l&#8217;\u00faltim bitllet sense decidir al Play-off d&#8217;ascens a 2RFEF.<br>Finalment el conjunt rojinegro vencia al Gandia per 2 gols a 1 i disputar\u00e0 l&#8217;anhelat Play-off d&#8217;ascens a Segona Federaci\u00f3. Una gesta amb la qual la que els de Javi Pons aconsegueixen la seua millor classificaci\u00f3 en Tercera des de fa 30 anys.<br>L&#8217;alcalde d&#8217;Utiel, Ricardo Gabald\u00f3n, i diversos regidors, es traslladaven a Gandia per a compartir amb tot l&#8217;equip l&#8217;alegria i emoci\u00f3 d&#8217;aquest partit decisiu amb el qual aconseguien al\u00e7ar-se amb l&#8217;\u00faltima pla\u00e7a del \u2018playoff\u2019.<br>Des de l&#8217;Ajuntament d&#8217;Utiel traslladem la nostra sincera enhorabona al CD Utiel, jugadors, equipe directiu i cos t\u00e8cnic aix\u00ed com a la multitud d&#8217;aficionats que ahir van mostrar una vegada m\u00e9s el seu suport incondicional vestint de rojinegro les graderies del camp del Guillermo Olag\u00fce a Gandia.<br>Diumenge que ve, 19 de maig, a les 18 hores, La Celadilla es vestir\u00e0 de festa per a gaudir d&#8217;un partit emocionant que enfrontar\u00e0 al CD Utiel amb el F.C.Jove Espa\u00f1ol de Sant Vicent.<\/p>\n","protected":false},"excerpt":{"rendered":"<div class=\"mh-excerpt\">L&#8217;alcalde d&#8217;Utiel , Ricardo Gabald\u00f3n, juntament amb diversos regidors es van traslladar a Gandia per a viure l&#8217;emoci\u00f3 d&#8217;aquest partit decisiu amb el qual van aconseguir l&#8217;\u00faltima pla\u00e7a per a la promoci\u00f3. Diumenge que ve <a class=\"mh-excerpt-more\" href=\"https:\/\/www.tucomarca.com\/wordpress\/segunda\/ca\/lajuntament-dutiel-felicita-el-cd-utiel-per-la-seua-classificacio-per-al-play-off-dascens-a-segona-federacio\/\" title=\"L&#8217;Ajuntament d&#8217;Utiel felicita el CD Utiel per la seua classificaci\u00f3 per al Play-off d&#8217;ascens a Segona Federaci\u00f3\">[+] <\/a><\/div>\n","protected":false},"author":12,"featured_media":222952,"comment_status":"open","ping_status":"open","sticky":false,"template":"","format":"standard","meta":{"footnotes":""},"categories":[11015,11003,10894,10947,10909,10896,11059],"tags":[17168,14970,10910,11174],"class_list":{"0":"post-222954","1":"post","2":"type-post","3":"status-publish","4":"format-standard","5":"has-post-thumbnail","7":"category-canal-futbol","8":"category-sports","9":"category-la-comarca-ca","10":"category-politica","11":"category-requena-utiel-ca","12":"category-seccion-ca","13":"category-utiel-ca","14":"tag-ascenso-ca","15":"tag-cd-utiel-ca","16":"tag-requena-utiel-ca","17":"tag-utiel-ca"},"_links":{"self":[{"href":"https:\/\/www.tucomarca.com\/wordpress\/segunda\/ca\/wp-json\/wp\/v2\/posts\/222954","targetHints":{"allow":["GET"]}}],"collection":[{"href":"https:\/\/www.tucomarca.com\/wordpress\/segunda\/ca\/wp-json\/wp\/v2\/posts"}],"about":[{"href":"https:\/\/www.tucomarca.com\/wordpress\/segunda\/ca\/wp-json\/wp\/v2\/types\/post"}],"author":[{"embeddable":true,"href":"https:\/\/www.tucomarca.com\/wordpress\/segunda\/ca\/wp-json\/wp\/v2\/users\/12"}],"replies":[{"embeddable":true,"href":"https:\/\/www.tucomarca.com\/wordpress\/segunda\/ca\/wp-json\/wp\/v2\/comments?post=222954"}],"version-history":[{"count":0,"href":"https:\/\/www.tucomarca.com\/wordpress\/segunda\/ca\/wp-json\/wp\/v2\/posts\/222954\/revisions"}],"wp:featuredmedia":[{"embeddable":true,"href":"https:\/\/www.tucomarca.com\/wordpress\/segunda\/ca\/wp-json\/wp\/v2\/media\/222952"}],"wp:attachment":[{"href":"https:\/\/www.tucomarca.com\/wordpress\/segunda\/ca\/wp-json\/wp\/v2\/media?parent=222954"}],"wp:term":[{"taxonomy":"category","embeddable":true,"href":"https:\/\/www.tucomarca.com\/wordpress\/segunda\/ca\/wp-json\/wp\/v2\/categories?post=222954"},{"taxonomy":"post_tag","embeddable":true,"href":"https:\/\/www.tucomarca.com\/wordpress\/segunda\/ca\/wp-json\/wp\/v2\/tags?post=222954"}],"curies":[{"name":"wp","href":"https:\/\/api.w.org\/{rel}","templated":true}]}}