{"id":222994,"date":"2024-05-14T12:00:00","date_gmt":"2024-05-14T10:00:00","guid":{"rendered":"https:\/\/www.tucomarca.com\/wordpress\/segunda\/?p=222994"},"modified":"2024-05-14T19:10:37","modified_gmt":"2024-05-14T17:10:37","slug":"xiva-sadhereix-a-la-xarxa-doficines-xaloc","status":"publish","type":"post","link":"https:\/\/www.tucomarca.com\/wordpress\/segunda\/ca\/xiva-sadhereix-a-la-xarxa-doficines-xaloc\/","title":{"rendered":"Xiva s&#8217;adhereix a la xarxa d&#8217;oficines Xaloc\u00a0"},"content":{"rendered":"\n<p>Aquest nou servei, prestat per t\u00e8cnics de la Mancomunitat Foia de Bunyol Xiva, permet ajudar en la tramitaci\u00f3 de tota la documentaci\u00f3 que dona acc\u00e9s a ajudes a la rehabilitaci\u00f3 i compra o lloguer d&#8217;habitatge.<\/p>\n\n\n\n<p>Els t\u00e8cnics pararan atenci\u00f3 al p\u00fablic, de dilluns a divendres en les oficines d&#8217;urbanisme d&#8217;ajuntament. Es tracta de la primera oficina d&#8217;aquest tipus que s&#8217;obri al p\u00fablic en tota la comarca, sent l&#8217;atenci\u00f3 amb car\u00e0cter gratu\u00eft.<\/p>\n\n\n\n<p>L&#8217;atenci\u00f3 es realitza mitjan\u00e7ant cita pr\u00e8via concertada a l&#8217;ajuntament, tel\u00e8fon 96 252 00 06.<\/p>\n","protected":false},"excerpt":{"rendered":"<div class=\"mh-excerpt\">Aquest nou servei, prestat per t\u00e8cnics de la Mancomunitat Foia de Bunyol Xiva, permet ajudar en la tramitaci\u00f3 de tota la documentaci\u00f3 que dona acc\u00e9s a ajudes a la rehabilitaci\u00f3 i compra o lloguer d&#8217;habitatge. <a class=\"mh-excerpt-more\" href=\"https:\/\/www.tucomarca.com\/wordpress\/segunda\/ca\/xiva-sadhereix-a-la-xarxa-doficines-xaloc\/\" title=\"Xiva s&#8217;adhereix a la xarxa d&#8217;oficines Xaloc\u00a0\">[+] <\/a><\/div>\n","protected":false},"author":1,"featured_media":222992,"comment_status":"open","ping_status":"open","sticky":false,"template":"","format":"standard","meta":{"footnotes":""},"categories":[10948,10894,10912,10947,10896,10975],"tags":[11195,10914,20664],"class_list":{"0":"post-222994","1":"post","2":"type-post","3":"status-publish","4":"format-standard","5":"has-post-thumbnail","7":"category-infraestructuras-ca","8":"category-la-comarca-ca","9":"category-la-hoya-ca","10":"category-politica","11":"category-seccion-ca","12":"category-chiva-ca","13":"tag-chiva-ca","14":"tag-la-hoya-de-bunol-chiva-ca","15":"tag-mancomunidad-ca"},"_links":{"self":[{"href":"https:\/\/www.tucomarca.com\/wordpress\/segunda\/ca\/wp-json\/wp\/v2\/posts\/222994","targetHints":{"allow":["GET"]}}],"collection":[{"href":"https:\/\/www.tucomarca.com\/wordpress\/segunda\/ca\/wp-json\/wp\/v2\/posts"}],"about":[{"href":"https:\/\/www.tucomarca.com\/wordpress\/segunda\/ca\/wp-json\/wp\/v2\/types\/post"}],"author":[{"embeddable":true,"href":"https:\/\/www.tucomarca.com\/wordpress\/segunda\/ca\/wp-json\/wp\/v2\/users\/1"}],"replies":[{"embeddable":true,"href":"https:\/\/www.tucomarca.com\/wordpress\/segunda\/ca\/wp-json\/wp\/v2\/comments?post=222994"}],"version-history":[{"count":0,"href":"https:\/\/www.tucomarca.com\/wordpress\/segunda\/ca\/wp-json\/wp\/v2\/posts\/222994\/revisions"}],"wp:featuredmedia":[{"embeddable":true,"href":"https:\/\/www.tucomarca.com\/wordpress\/segunda\/ca\/wp-json\/wp\/v2\/media\/222992"}],"wp:attachment":[{"href":"https:\/\/www.tucomarca.com\/wordpress\/segunda\/ca\/wp-json\/wp\/v2\/media?parent=222994"}],"wp:term":[{"taxonomy":"category","embeddable":true,"href":"https:\/\/www.tucomarca.com\/wordpress\/segunda\/ca\/wp-json\/wp\/v2\/categories?post=222994"},{"taxonomy":"post_tag","embeddable":true,"href":"https:\/\/www.tucomarca.com\/wordpress\/segunda\/ca\/wp-json\/wp\/v2\/tags?post=222994"}],"curies":[{"name":"wp","href":"https:\/\/api.w.org\/{rel}","templated":true}]}}