{"id":223116,"date":"2024-05-15T12:00:00","date_gmt":"2024-05-15T10:00:00","guid":{"rendered":"https:\/\/www.tucomarca.com\/wordpress\/segunda\/?p=223116"},"modified":"2024-05-15T19:03:15","modified_gmt":"2024-05-15T17:03:15","slug":"la-pujada-a-la-montieleta-repeteix-en-el-circuit-de-carreras-de-diputacio-a-benaguasil","status":"publish","type":"post","link":"https:\/\/www.tucomarca.com\/wordpress\/segunda\/ca\/la-pujada-a-la-montieleta-repeteix-en-el-circuit-de-carreras-de-diputacio-a-benaguasil\/","title":{"rendered":"La Pujada a la Montieleta repeteix en el Circuit de Carreras de Diputaci\u00f3 a Benaguasil"},"content":{"rendered":"\n<h2 class=\"wp-block-heading\">La prova se celebrar\u00e0 el 21 de setembre<\/h2>\n\n\n\n<p>La Pujada a la Montieleta de Benaguasil estar\u00e0 de nou en el Circuit de Carreras Populares de la Diputaci\u00f3 de Val\u00e8ncia. A la presentaci\u00f3 del circuit ha assistit el regidor d&#8217;Esports, Rub\u00e9n Araque, que ha destacat la import\u00e0ncia que t\u00e9 a Benaguasil aquesta carrera que enguany celebrar\u00e0 la seua 13 edici\u00f3.<\/p>\n\n\n\n<p>La prova de Benaguasil organitzada pel Club ACPL (A C\u00f3rrer Per L&#8217;Horta) i l&#8217;Ajuntament tindr\u00e0 lloc el dissabte 21 de setembre, i es realitzar\u00e0 sobre el seu habitual recorregut de 10 quil\u00f2metres per vies urbanes i rurals del terme municipal.<\/p>\n\n\n\n<p>El regidor ha mostrat la seua \u201csatisfacci\u00f3 perqu\u00e8 Benaguasil estiga un any m\u00e9s dins d&#8217;aquest circuit que \u00e9s un dels m\u00e9s importants de tota la comunitat, i anima a totes les persones aficionades al running a inscriure&#8217;s\u201d.\u00a0<\/p>\n\n\n\n<p>Aquesta XXV edici\u00f3 del circuit estar\u00e0 formada per un total de 12 carreres que comen\u00e7aran el 18 de maig amb la Volta a Peu a Sedav\u00ed i acabar\u00e0 el 16 de novembre amb la 10k de la Vall de Sego.<\/p>\n","protected":false},"excerpt":{"rendered":"<div class=\"mh-excerpt\">La prova se celebrar\u00e0 el 21 de setembre La Pujada a la Montieleta de Benaguasil estar\u00e0 de nou en el Circuit de Carreras Populares de la Diputaci\u00f3 de Val\u00e8ncia. A la presentaci\u00f3 del circuit ha <a class=\"mh-excerpt-more\" href=\"https:\/\/www.tucomarca.com\/wordpress\/segunda\/ca\/la-pujada-a-la-montieleta-repeteix-en-el-circuit-de-carreras-de-diputacio-a-benaguasil\/\" title=\"La Pujada a la Montieleta repeteix en el Circuit de Carreras de Diputaci\u00f3 a Benaguasil\">[+] <\/a><\/div>\n","protected":false},"author":1,"featured_media":198900,"comment_status":"open","ping_status":"open","sticky":false,"template":"","format":"standard","meta":{"footnotes":""},"categories":[11018,10952,10892,11003,10894,10896],"tags":[11136,10899,12110,11246],"class_list":{"0":"post-223116","1":"post","2":"type-post","3":"status-publish","4":"format-standard","5":"has-post-thumbnail","7":"category-atletisme","8":"category-benaguasil-ca","9":"category-camp-de-turia-ca","10":"category-sports","11":"category-la-comarca-ca","12":"category-seccion-ca","13":"tag-benaguasil-ca","14":"tag-camp-de-turia-ca","15":"tag-circuito-de-carreras-populares-ca","16":"tag-diputacio-de-valencia-ca"},"_links":{"self":[{"href":"https:\/\/www.tucomarca.com\/wordpress\/segunda\/ca\/wp-json\/wp\/v2\/posts\/223116","targetHints":{"allow":["GET"]}}],"collection":[{"href":"https:\/\/www.tucomarca.com\/wordpress\/segunda\/ca\/wp-json\/wp\/v2\/posts"}],"about":[{"href":"https:\/\/www.tucomarca.com\/wordpress\/segunda\/ca\/wp-json\/wp\/v2\/types\/post"}],"author":[{"embeddable":true,"href":"https:\/\/www.tucomarca.com\/wordpress\/segunda\/ca\/wp-json\/wp\/v2\/users\/1"}],"replies":[{"embeddable":true,"href":"https:\/\/www.tucomarca.com\/wordpress\/segunda\/ca\/wp-json\/wp\/v2\/comments?post=223116"}],"version-history":[{"count":0,"href":"https:\/\/www.tucomarca.com\/wordpress\/segunda\/ca\/wp-json\/wp\/v2\/posts\/223116\/revisions"}],"wp:featuredmedia":[{"embeddable":true,"href":"https:\/\/www.tucomarca.com\/wordpress\/segunda\/ca\/wp-json\/wp\/v2\/media\/198900"}],"wp:attachment":[{"href":"https:\/\/www.tucomarca.com\/wordpress\/segunda\/ca\/wp-json\/wp\/v2\/media?parent=223116"}],"wp:term":[{"taxonomy":"category","embeddable":true,"href":"https:\/\/www.tucomarca.com\/wordpress\/segunda\/ca\/wp-json\/wp\/v2\/categories?post=223116"},{"taxonomy":"post_tag","embeddable":true,"href":"https:\/\/www.tucomarca.com\/wordpress\/segunda\/ca\/wp-json\/wp\/v2\/tags?post=223116"}],"curies":[{"name":"wp","href":"https:\/\/api.w.org\/{rel}","templated":true}]}}