{"id":223242,"date":"2024-05-15T10:45:00","date_gmt":"2024-05-15T08:45:00","guid":{"rendered":"https:\/\/www.tucomarca.com\/wordpress\/segunda\/?p=223242"},"modified":"2024-05-15T22:12:23","modified_gmt":"2024-05-15T20:12:23","slug":"fotogaleria-el-primer-festival-de-circ-de-carrer-i-art-urba-zorricos-fest-es-tanca-amb-el-suport-i-laplaudiment-unanime-del-public","status":"publish","type":"post","link":"https:\/\/www.tucomarca.com\/wordpress\/segunda\/ca\/fotogaleria-el-primer-festival-de-circ-de-carrer-i-art-urba-zorricos-fest-es-tanca-amb-el-suport-i-laplaudiment-unanime-del-public\/","title":{"rendered":"Fotogaler\u00eda: el primer festival de circ de carrer i art urb\u00e0 &#8216;Zorricos Fest&#8217; es tanca amb el suport i l&#8217;aplaudiment un\u00e0nime del p\u00fablic"},"content":{"rendered":"\n<p>Aquest passat cap de setmana, Alboraig es va convertir en l&#8217;epicentre de l&#8217;art circense amb la celebraci\u00f3 de la primera edici\u00f3 del festival de circ de carrer &#8216;Zorricos Fest&#8217;. Amb una assist\u00e8ncia que va superar totes les expectatives, l&#8217;esdeveniment es va erigir com un emocionant aparador de talent i creativitat, atraient a centenars d&#8217;espectadors \u00e0vids d&#8217;espectacle i diversi\u00f3.<\/p>\n\n\n\n<p>Des de malabaristes fins a acr\u00f2bates, passant per equilibristes i pallassos, el &#8216;Zorricos Fest&#8217;, organitzat i dirigit per l&#8217;empresa d&#8217;espectacles Dinamic Show va oferir una variada selecci\u00f3 d&#8217;actes que van enlluernar i van emocionar a grans i xicotets per igual.<\/p>\n\n\n\n<p>Amb m\u00e9s de 30 artistes i 12 espectacles repartits en diverses localitzacions es va crear una atmosfera vibrant i festiva que va inundar els carrers d&#8217;Alboraig, convertint-les en un escenari m\u00e0gic on el circ cobrava vida en girar qualsevol cantonada. Els tallers infantils, grafitis, foodtrucks i la gala nocturna, van crear una programaci\u00f3 \u201csenar stop\u201d des de les 10 del mat\u00ed fins a ben entrada la nit del dissabte i diumenge.<\/p>\n\n\n\n<p>Tant la direcci\u00f3 del festival com els artistes participants han expressat la seua gratitud i entusiasme per l&#8217;\u00e8xit d&#8217;aquesta primera edici\u00f3. &#8220;Estem encantats amb l&#8217;acolliment que ha tingut el \u2018Zorricos Fest\u2019 en el seu debut&#8221;, com ha afirmat el director del festival, Ernesto Carbonell, destacant el suport del p\u00fablic, la implicaci\u00f3 de l&#8217;Ajuntament d&#8217;Alboraig i la dedicaci\u00f3 dels artistes com a pilars fonamentals d&#8217;aquest assoliment.<\/p>\n\n\n\n<p>Per part seua, l&#8217;alcalde d&#8217;Alboraig, Jes\u00fas Hig\u00f3n, ha mostrat la seua satisfacci\u00f3 per l&#8217;enorme participaci\u00f3: &#8220;ha vingut molta gent, mares, pares i xiquets que han participat en els tallers. Hi ha hagut molts tipus d&#8217;actuacions, i l&#8217;espectacle del dissabte a la nit va omplir l&#8217;aforament de l&#8217;auditori que tenia 600 cadires, fins i tot es va quedar gent dempeus en els corredor laterals. Jo calcule que hi hauria unes 800 persones. Tamb\u00e9 el taller de Batucada va tindre molt bon acolliment ja que despr\u00e9s de l&#8217;exhibici\u00f3 se&#8217;ls ensenyava als xiquets a tocar els tambors, el mateix amb el de malabars. I els foodtrucks van estar de gom a gom, \u00e9s m\u00e9s, van haver de reposar exist\u00e8ncies els dos dies del festival&#8221;, en paraules de l&#8217;alcalde.<\/p>\n\n\n\n<p>Hig\u00f3n tamb\u00e9 ha reiterat el seu &#8220;agra\u00efment tant al director del Institut Valenci\u00e0 de Cultura, \u00c1lvaro L\u00f3pez-Jamar , com al subdirector general de Gesti\u00f3, Marcial D\u00edaz pel seu suport&#8221;.<\/p>\n\n\n\n<p>&#8220;Per a ser el primer any, ha sigut perfecte. Hem treballat molt per\u00f2 el resultat final ha valgut la pena&#8221;, ha finalitzat Jes\u00fas Hig\u00f3n.<\/p>\n\n\n\n<p>El primer edil ha destacat tamb\u00e9 la bona sintonia de tots els participants en l&#8217;esdeveniment i ha reafirmat el comprom\u00eds del municipi amb la realitzaci\u00f3 de futures edicions que continuen sorprenent el poble d&#8217;Alboraig i als seus visitants. El &#8216;Zorricos Fest&#8217; ha comptat amb el patrocini del Institut Valenci\u00e0 de Cultura, que des del primer moment ha apostat per aquest innovador format per a acostar la cultura als pobles.<\/p>\n\n\n\n<p>Amb un programa ple de sorpreses i emocions, el &#8216;Zorricos Fest&#8217; ha deixat una petjada inesborrable en la mem\u00f2ria de tots els que van tindre el privilegi de gaudir-lo. L&#8217;expectativa i l&#8217;emoci\u00f3 ja estan sembrades per a futures edicions d&#8217;aquest festival, que promet convertir-se en un referent del circ de carrer i nucli cultural de la zona.<\/p>\n\n\n\n<figure class=\"wp-block-gallery has-nested-images columns-2 is-cropped wp-block-gallery-1 is-layout-flex wp-block-gallery-is-layout-flex\">\n<figure class=\"wp-block-image size-large\"><img loading=\"lazy\" decoding=\"async\" width=\"768\" height=\"1024\" data-id=\"223127\" src=\"https:\/\/www.tucomarca.com\/wordpress\/segunda\/wp-content\/uploads\/2024\/05\/Zorricos06-768x1024.jpg\" alt=\"\" class=\"wp-image-223127\" srcset=\"https:\/\/www.tucomarca.com\/wordpress\/segunda\/wp-content\/uploads\/2024\/05\/Zorricos06-768x1024.jpg 768w, https:\/\/www.tucomarca.com\/wordpress\/segunda\/wp-content\/uploads\/2024\/05\/Zorricos06-225x300.jpg 225w, https:\/\/www.tucomarca.com\/wordpress\/segunda\/wp-content\/uploads\/2024\/05\/Zorricos06-1152x1536.jpg 1152w, https:\/\/www.tucomarca.com\/wordpress\/segunda\/wp-content\/uploads\/2024\/05\/Zorricos06.jpg 1181w\" sizes=\"auto, (max-width: 768px) 100vw, 768px\" \/><\/figure>\n\n\n\n<figure class=\"wp-block-image size-large\"><img loading=\"lazy\" decoding=\"async\" width=\"597\" height=\"1024\" data-id=\"223117\" src=\"https:\/\/www.tucomarca.com\/wordpress\/segunda\/wp-content\/uploads\/2024\/05\/Zorricos01-597x1024.jpg\" alt=\"\" class=\"wp-image-223117\" srcset=\"https:\/\/www.tucomarca.com\/wordpress\/segunda\/wp-content\/uploads\/2024\/05\/Zorricos01-597x1024.jpg 597w, https:\/\/www.tucomarca.com\/wordpress\/segunda\/wp-content\/uploads\/2024\/05\/Zorricos01-175x300.jpg 175w, https:\/\/www.tucomarca.com\/wordpress\/segunda\/wp-content\/uploads\/2024\/05\/Zorricos01-768x1317.jpg 768w, https:\/\/www.tucomarca.com\/wordpress\/segunda\/wp-content\/uploads\/2024\/05\/Zorricos01.jpg 886w\" sizes=\"auto, (max-width: 597px) 100vw, 597px\" \/><\/figure>\n\n\n\n<figure class=\"wp-block-image size-large\"><img loading=\"lazy\" decoding=\"async\" width=\"682\" height=\"1024\" data-id=\"223119\" src=\"https:\/\/www.tucomarca.com\/wordpress\/segunda\/wp-content\/uploads\/2024\/05\/Zorricos02-682x1024.jpg\" alt=\"\" class=\"wp-image-223119\" srcset=\"https:\/\/www.tucomarca.com\/wordpress\/segunda\/wp-content\/uploads\/2024\/05\/Zorricos02-682x1024.jpg 682w, https:\/\/www.tucomarca.com\/wordpress\/segunda\/wp-content\/uploads\/2024\/05\/Zorricos02-200x300.jpg 200w, https:\/\/www.tucomarca.com\/wordpress\/segunda\/wp-content\/uploads\/2024\/05\/Zorricos02-768x1153.jpg 768w, https:\/\/www.tucomarca.com\/wordpress\/segunda\/wp-content\/uploads\/2024\/05\/Zorricos02.jpg 886w\" sizes=\"auto, (max-width: 682px) 100vw, 682px\" \/><\/figure>\n\n\n\n<figure class=\"wp-block-image size-large\"><img loading=\"lazy\" decoding=\"async\" width=\"768\" height=\"1024\" data-id=\"223134\" src=\"https:\/\/www.tucomarca.com\/wordpress\/segunda\/wp-content\/uploads\/2024\/05\/Zorricos09-768x1024.jpg\" alt=\"\" class=\"wp-image-223134\" srcset=\"https:\/\/www.tucomarca.com\/wordpress\/segunda\/wp-content\/uploads\/2024\/05\/Zorricos09-768x1024.jpg 768w, https:\/\/www.tucomarca.com\/wordpress\/segunda\/wp-content\/uploads\/2024\/05\/Zorricos09-225x300.jpg 225w, https:\/\/www.tucomarca.com\/wordpress\/segunda\/wp-content\/uploads\/2024\/05\/Zorricos09.jpg 886w\" sizes=\"auto, (max-width: 768px) 100vw, 768px\" \/><\/figure>\n\n\n\n<figure class=\"wp-block-image size-large\"><img loading=\"lazy\" decoding=\"async\" width=\"768\" height=\"1024\" data-id=\"223132\" src=\"https:\/\/www.tucomarca.com\/wordpress\/segunda\/wp-content\/uploads\/2024\/05\/Zorricos08-768x1024.jpg\" alt=\"\" class=\"wp-image-223132\" srcset=\"https:\/\/www.tucomarca.com\/wordpress\/segunda\/wp-content\/uploads\/2024\/05\/Zorricos08-768x1024.jpg 768w, https:\/\/www.tucomarca.com\/wordpress\/segunda\/wp-content\/uploads\/2024\/05\/Zorricos08-225x300.jpg 225w, https:\/\/www.tucomarca.com\/wordpress\/segunda\/wp-content\/uploads\/2024\/05\/Zorricos08.jpg 886w\" sizes=\"auto, (max-width: 768px) 100vw, 768px\" \/><\/figure>\n\n\n\n<figure class=\"wp-block-image size-large\"><img loading=\"lazy\" decoding=\"async\" width=\"1024\" height=\"696\" data-id=\"223130\" src=\"https:\/\/www.tucomarca.com\/wordpress\/segunda\/wp-content\/uploads\/2024\/05\/Zorricos07-1024x696.jpg\" alt=\"\" class=\"wp-image-223130\" srcset=\"https:\/\/www.tucomarca.com\/wordpress\/segunda\/wp-content\/uploads\/2024\/05\/Zorricos07-1024x696.jpg 1024w, https:\/\/www.tucomarca.com\/wordpress\/segunda\/wp-content\/uploads\/2024\/05\/Zorricos07-300x204.jpg 300w, https:\/\/www.tucomarca.com\/wordpress\/segunda\/wp-content\/uploads\/2024\/05\/Zorricos07-768x522.jpg 768w, https:\/\/www.tucomarca.com\/wordpress\/segunda\/wp-content\/uploads\/2024\/05\/Zorricos07.jpg 1181w\" sizes=\"auto, (max-width: 1024px) 100vw, 1024px\" \/><\/figure>\n\n\n\n<figure class=\"wp-block-image size-large\"><img loading=\"lazy\" decoding=\"async\" width=\"1024\" height=\"676\" data-id=\"223140\" src=\"https:\/\/www.tucomarca.com\/wordpress\/segunda\/wp-content\/uploads\/2024\/05\/Zorricos12-1024x676.jpg\" alt=\"\" class=\"wp-image-223140\" srcset=\"https:\/\/www.tucomarca.com\/wordpress\/segunda\/wp-content\/uploads\/2024\/05\/Zorricos12-1024x676.jpg 1024w, https:\/\/www.tucomarca.com\/wordpress\/segunda\/wp-content\/uploads\/2024\/05\/Zorricos12-300x198.jpg 300w, https:\/\/www.tucomarca.com\/wordpress\/segunda\/wp-content\/uploads\/2024\/05\/Zorricos12-768x507.jpg 768w, https:\/\/www.tucomarca.com\/wordpress\/segunda\/wp-content\/uploads\/2024\/05\/Zorricos12.jpg 1181w\" sizes=\"auto, (max-width: 1024px) 100vw, 1024px\" \/><\/figure>\n\n\n\n<figure class=\"wp-block-image size-large\"><img loading=\"lazy\" decoding=\"async\" width=\"1024\" height=\"682\" data-id=\"223121\" src=\"https:\/\/www.tucomarca.com\/wordpress\/segunda\/wp-content\/uploads\/2024\/05\/Zorricos03-1024x682.jpg\" alt=\"\" class=\"wp-image-223121\" srcset=\"https:\/\/www.tucomarca.com\/wordpress\/segunda\/wp-content\/uploads\/2024\/05\/Zorricos03-1024x682.jpg 1024w, https:\/\/www.tucomarca.com\/wordpress\/segunda\/wp-content\/uploads\/2024\/05\/Zorricos03-300x200.jpg 300w, https:\/\/www.tucomarca.com\/wordpress\/segunda\/wp-content\/uploads\/2024\/05\/Zorricos03-768x512.jpg 768w, https:\/\/www.tucomarca.com\/wordpress\/segunda\/wp-content\/uploads\/2024\/05\/Zorricos03.jpg 1181w\" sizes=\"auto, (max-width: 1024px) 100vw, 1024px\" \/><\/figure>\n\n\n\n<figure class=\"wp-block-image size-large\"><img loading=\"lazy\" decoding=\"async\" width=\"1024\" height=\"577\" data-id=\"223123\" src=\"https:\/\/www.tucomarca.com\/wordpress\/segunda\/wp-content\/uploads\/2024\/05\/Zorricos04-1024x577.jpg\" alt=\"\" class=\"wp-image-223123\" srcset=\"https:\/\/www.tucomarca.com\/wordpress\/segunda\/wp-content\/uploads\/2024\/05\/Zorricos04-1024x577.jpg 1024w, https:\/\/www.tucomarca.com\/wordpress\/segunda\/wp-content\/uploads\/2024\/05\/Zorricos04-300x169.jpg 300w, https:\/\/www.tucomarca.com\/wordpress\/segunda\/wp-content\/uploads\/2024\/05\/Zorricos04-768x432.jpg 768w, https:\/\/www.tucomarca.com\/wordpress\/segunda\/wp-content\/uploads\/2024\/05\/Zorricos04-678x381.jpg 678w, https:\/\/www.tucomarca.com\/wordpress\/segunda\/wp-content\/uploads\/2024\/05\/Zorricos04.jpg 1181w\" sizes=\"auto, (max-width: 1024px) 100vw, 1024px\" \/><\/figure>\n\n\n\n<figure class=\"wp-block-image size-large\"><img loading=\"lazy\" decoding=\"async\" width=\"1024\" height=\"682\" data-id=\"223125\" src=\"https:\/\/www.tucomarca.com\/wordpress\/segunda\/wp-content\/uploads\/2024\/05\/Zorricos05-1024x682.jpg\" alt=\"\" class=\"wp-image-223125\" srcset=\"https:\/\/www.tucomarca.com\/wordpress\/segunda\/wp-content\/uploads\/2024\/05\/Zorricos05-1024x682.jpg 1024w, https:\/\/www.tucomarca.com\/wordpress\/segunda\/wp-content\/uploads\/2024\/05\/Zorricos05-300x200.jpg 300w, https:\/\/www.tucomarca.com\/wordpress\/segunda\/wp-content\/uploads\/2024\/05\/Zorricos05-768x512.jpg 768w, https:\/\/www.tucomarca.com\/wordpress\/segunda\/wp-content\/uploads\/2024\/05\/Zorricos05.jpg 1181w\" sizes=\"auto, (max-width: 1024px) 100vw, 1024px\" \/><\/figure>\n\n\n\n<figure class=\"wp-block-image size-large\"><img loading=\"lazy\" decoding=\"async\" width=\"1024\" height=\"698\" data-id=\"223136\" src=\"https:\/\/www.tucomarca.com\/wordpress\/segunda\/wp-content\/uploads\/2024\/05\/Zorricos10-1024x698.jpg\" alt=\"\" class=\"wp-image-223136\" srcset=\"https:\/\/www.tucomarca.com\/wordpress\/segunda\/wp-content\/uploads\/2024\/05\/Zorricos10-1024x698.jpg 1024w, https:\/\/www.tucomarca.com\/wordpress\/segunda\/wp-content\/uploads\/2024\/05\/Zorricos10-300x204.jpg 300w, https:\/\/www.tucomarca.com\/wordpress\/segunda\/wp-content\/uploads\/2024\/05\/Zorricos10-768x523.jpg 768w, https:\/\/www.tucomarca.com\/wordpress\/segunda\/wp-content\/uploads\/2024\/05\/Zorricos10.jpg 1181w\" sizes=\"auto, (max-width: 1024px) 100vw, 1024px\" \/><\/figure>\n<\/figure>\n","protected":false},"excerpt":{"rendered":"<div class=\"mh-excerpt\">Aquest passat cap de setmana, Alboraig es va convertir en l&#8217;epicentre de l&#8217;art circense amb la celebraci\u00f3 de la primera edici\u00f3 del festival de circ de carrer &#8216;Zorricos Fest&#8217;. Amb una assist\u00e8ncia que va superar <a class=\"mh-excerpt-more\" href=\"https:\/\/www.tucomarca.com\/wordpress\/segunda\/ca\/fotogaleria-el-primer-festival-de-circ-de-carrer-i-art-urba-zorricos-fest-es-tanca-amb-el-suport-i-laplaudiment-unanime-del-public\/\" title=\"Fotogaler\u00eda: el primer festival de circ de carrer i art urb\u00e0 &#8216;Zorricos Fest&#8217; es tanca amb el suport i l&#8217;aplaudiment un\u00e0nime del p\u00fablic\">[+] <\/a><\/div>\n","protected":false},"author":12,"featured_media":223139,"comment_status":"open","ping_status":"open","sticky":false,"template":"","format":"gallery","meta":{"footnotes":""},"categories":[10973,10894,10912,11004,11007,11008,10896],"tags":[11224,10914,19925],"class_list":{"0":"post-223242","1":"post","2":"type-post","3":"status-publish","4":"format-gallery","5":"has-post-thumbnail","7":"category-alborache-ca","8":"category-la-comarca-ca","9":"category-la-hoya-ca","10":"category-la-semana-en-imagenes-ca","11":"category-ocio-y-cultura-ca","12":"category-pueblos-en-fiestas-ca","13":"category-seccion-ca","14":"tag-alborache-ca","15":"tag-la-hoya-de-bunol-chiva-ca","16":"tag-zorricos-fest-ca","17":"post_format-post-format-gallery"},"_links":{"self":[{"href":"https:\/\/www.tucomarca.com\/wordpress\/segunda\/ca\/wp-json\/wp\/v2\/posts\/223242","targetHints":{"allow":["GET"]}}],"collection":[{"href":"https:\/\/www.tucomarca.com\/wordpress\/segunda\/ca\/wp-json\/wp\/v2\/posts"}],"about":[{"href":"https:\/\/www.tucomarca.com\/wordpress\/segunda\/ca\/wp-json\/wp\/v2\/types\/post"}],"author":[{"embeddable":true,"href":"https:\/\/www.tucomarca.com\/wordpress\/segunda\/ca\/wp-json\/wp\/v2\/users\/12"}],"replies":[{"embeddable":true,"href":"https:\/\/www.tucomarca.com\/wordpress\/segunda\/ca\/wp-json\/wp\/v2\/comments?post=223242"}],"version-history":[{"count":0,"href":"https:\/\/www.tucomarca.com\/wordpress\/segunda\/ca\/wp-json\/wp\/v2\/posts\/223242\/revisions"}],"wp:featuredmedia":[{"embeddable":true,"href":"https:\/\/www.tucomarca.com\/wordpress\/segunda\/ca\/wp-json\/wp\/v2\/media\/223139"}],"wp:attachment":[{"href":"https:\/\/www.tucomarca.com\/wordpress\/segunda\/ca\/wp-json\/wp\/v2\/media?parent=223242"}],"wp:term":[{"taxonomy":"category","embeddable":true,"href":"https:\/\/www.tucomarca.com\/wordpress\/segunda\/ca\/wp-json\/wp\/v2\/categories?post=223242"},{"taxonomy":"post_tag","embeddable":true,"href":"https:\/\/www.tucomarca.com\/wordpress\/segunda\/ca\/wp-json\/wp\/v2\/tags?post=223242"}],"curies":[{"name":"wp","href":"https:\/\/api.w.org\/{rel}","templated":true}]}}