{"id":223347,"date":"2024-05-16T17:00:00","date_gmt":"2024-05-16T15:00:00","guid":{"rendered":"https:\/\/www.tucomarca.com\/wordpress\/segunda\/?p=223347"},"modified":"2024-05-16T19:35:13","modified_gmt":"2024-05-16T17:35:13","slug":"la-guardia-civil-celebra-el-seu-180-aniversari-a-valencia-amb-el-lliurament-de-32-medalles-entre-elles-una-al-cap-de-la-policia-local-de-godelleta","status":"publish","type":"post","link":"https:\/\/www.tucomarca.com\/wordpress\/segunda\/ca\/la-guardia-civil-celebra-el-seu-180-aniversari-a-valencia-amb-el-lliurament-de-32-medalles-entre-elles-una-al-cap-de-la-policia-local-de-godelleta\/","title":{"rendered":"La Gu\u00e0rdia Civil celebra el seu 180 aniversari a Val\u00e8ncia amb el lliurament de 32 medalles, entre elles una al Cap de la Policia Local de Godelleta"},"content":{"rendered":"\n<figure class=\"wp-block-image size-large\"><img loading=\"lazy\" decoding=\"async\" width=\"1024\" height=\"682\" src=\"http:\/\/www.tucomarca.com\/wordpress\/segunda\/wp-content\/uploads\/2024\/05\/GuardiaCivil180_04-1024x682.jpg\" alt=\"\" class=\"wp-image-223336\" srcset=\"https:\/\/www.tucomarca.com\/wordpress\/segunda\/wp-content\/uploads\/2024\/05\/GuardiaCivil180_04-1024x682.jpg 1024w, https:\/\/www.tucomarca.com\/wordpress\/segunda\/wp-content\/uploads\/2024\/05\/GuardiaCivil180_04-300x200.jpg 300w, https:\/\/www.tucomarca.com\/wordpress\/segunda\/wp-content\/uploads\/2024\/05\/GuardiaCivil180_04-768x512.jpg 768w, https:\/\/www.tucomarca.com\/wordpress\/segunda\/wp-content\/uploads\/2024\/05\/GuardiaCivil180_04.jpg 1181w\" sizes=\"auto, (max-width: 1024px) 100vw, 1024px\" \/><\/figure>\n\n\n\n<h3 class=\"wp-block-heading\">S&#8217;han entregat 32 condecoracions de la modalitat Cruz Blanca i 2 medalles al m\u00e8rit de la Gu\u00e0rdia Civil.<\/h3>\n\n\n\n<h3 class=\"wp-block-heading\">Tamb\u00e9 s&#8217;han entregat dues medalles al m\u00e8rit de la Gu\u00e0rdia Civil al cap de la Policia Local de Godelleta i al Cap del Departament d&#8217;Abocaments Industrials de l&#8217;Entitat P\u00fablica de Sanejament d&#8217;Aig\u00fces Residuals de la Generalitat Valenciana.<\/h3>\n\n\n\n<h3 class=\"wp-block-heading\">A m\u00e9s s&#8217;ha entregat una creu al m\u00e8rit de la Gu\u00e0rdia Civil amb distintiu Rojo a un gu\u00e0rdia civil que va participar en les labors de rescat de l&#8217;incendi de Montcada.<\/h3>\n\n\n\n<figure class=\"wp-block-image size-large\"><img loading=\"lazy\" decoding=\"async\" width=\"1024\" height=\"682\" src=\"http:\/\/www.tucomarca.com\/wordpress\/segunda\/wp-content\/uploads\/2024\/05\/GuardiaCivil180_05-1024x682.jpg\" alt=\"\" class=\"wp-image-223349\" srcset=\"https:\/\/www.tucomarca.com\/wordpress\/segunda\/wp-content\/uploads\/2024\/05\/GuardiaCivil180_05-1024x682.jpg 1024w, https:\/\/www.tucomarca.com\/wordpress\/segunda\/wp-content\/uploads\/2024\/05\/GuardiaCivil180_05-300x200.jpg 300w, https:\/\/www.tucomarca.com\/wordpress\/segunda\/wp-content\/uploads\/2024\/05\/GuardiaCivil180_05-768x512.jpg 768w, https:\/\/www.tucomarca.com\/wordpress\/segunda\/wp-content\/uploads\/2024\/05\/GuardiaCivil180_05.jpg 1181w\" sizes=\"auto, (max-width: 1024px) 100vw, 1024px\" \/><\/figure>\n\n\n\n<p>La Gu\u00e0rdia Civil de Val\u00e8ncia ha celebrat el seu 180 aniversari en l&#8217;Autoritat Portu\u00e0ria de Val\u00e8ncia. El 28 de mar\u00e7 de 1844 es va produir el moment hist\u00f2ric de la creaci\u00f3 oficial de la Gu\u00e0rdia Civil quan, per Reial decret, es crea un \u201ccos especial de for\u00e7a armada d&#8217;Infanteria i Cavalleria\u201d, sota la depend\u00e8ncia del Ministeri de la Governaci\u00f3 i amb \u201cla denominaci\u00f3 de Gu\u00e0rdies Civils\u201d. A l&#8217;efecte d&#8217;organitzar aquesta nova for\u00e7a es comissiona al mariscal de camp Sr. Francisco Javier Gir\u00f3n i Ezpeleta, II Duc de Ahumada.<\/p>\n\n\n\n<p>Aquest dijous s&#8217;ha celebrat el 180 aniversari de la fundaci\u00f3 de la Gu\u00e0rdia Civil en un acte presidit pel General Cap de la Sisena Zona de la Gu\u00e0rdia Civil de Val\u00e8ncia, Arturo Prieto Bozec, aix\u00ed com el Subdelegat del Govern a la prov\u00edncia de Val\u00e8ncia, Jos\u00e9 Rodr\u00edguez Jurado.<\/p>\n\n\n\n<p>Durant l&#8217;acte s&#8217;han entregat, a m\u00e9s, 32 condecoracions de la modalitat Cruz Blanca a gu\u00e0rdies civils destinats a la prov\u00edncia de Val\u00e8ncia.<\/p>\n\n\n<div class=\"wp-block-image\">\n<figure class=\"alignleft size-large is-resized\"><img loading=\"lazy\" decoding=\"async\" width=\"1024\" height=\"682\" src=\"http:\/\/www.tucomarca.com\/wordpress\/segunda\/wp-content\/uploads\/2024\/05\/GuardiaCivil180_01-1024x682.jpg\" alt=\"\" class=\"wp-image-223342\" style=\"width:433px;height:auto\" srcset=\"https:\/\/www.tucomarca.com\/wordpress\/segunda\/wp-content\/uploads\/2024\/05\/GuardiaCivil180_01-1024x682.jpg 1024w, https:\/\/www.tucomarca.com\/wordpress\/segunda\/wp-content\/uploads\/2024\/05\/GuardiaCivil180_01-300x200.jpg 300w, https:\/\/www.tucomarca.com\/wordpress\/segunda\/wp-content\/uploads\/2024\/05\/GuardiaCivil180_01-768x512.jpg 768w, https:\/\/www.tucomarca.com\/wordpress\/segunda\/wp-content\/uploads\/2024\/05\/GuardiaCivil180_01.jpg 1181w\" sizes=\"auto, (max-width: 1024px) 100vw, 1024px\" \/><\/figure>\n<\/div>\n\n\n<p>Tamb\u00e9 s&#8217;han entregat dues medalles al m\u00e8rit de la Gu\u00e0rdia Civil al cap de la Policia Local de Godelleta, Marcos Camas S\u00e1nchez; i al Cap del Departament d&#8217;Abocaments Industrials de l&#8217;Entitat P\u00fablica de Sanejament d&#8217;Aig\u00fces Residuals de la Generalitat Valenciana, Francisco Escribano Romero<\/p>\n\n\n\n<p>S&#8217;ha entregat una creu al m\u00e8rit de la Gu\u00e0rdia Civil amb distintiu Rojo a la gu\u00e0rdia civil Donya Coromoto Souto Taboada que va participar en les labors de rescat de l&#8217;incendi que va tindre lloc en la resid\u00e8ncia d&#8217;ancians de Montcada el dia 18 de gener de 2022 i que no va ser condecorada anteriorment.<\/p>\n\n\n\n<p>I per a finalitzar, s&#8217;ha realitzat un homenatge al gu\u00e0rdia civil m\u00e9s veter\u00e0 de la prov\u00edncia, nascut l&#8217;1 de gener de 1950, Don Ram\u00f3n Padr\u00f3s Mati\u00f1o i a l&#8217;avi de la Fallera Major de Val\u00e8ncia, Sr. Eduardo Arlandis Mahiques; i s&#8217;han llegit els dos decrets de fundaci\u00f3 de la Gu\u00e0rdia Civil i s&#8217;han est\u00e9s sis diplomes a gu\u00e0rdies civils per la seua passada a retir.<\/p>\n\n\n\n<figure class=\"wp-block-gallery has-nested-images columns-default is-cropped wp-block-gallery-1 is-layout-flex wp-block-gallery-is-layout-flex\">\n<figure class=\"wp-block-image size-large\"><img loading=\"lazy\" decoding=\"async\" width=\"1024\" height=\"682\" data-id=\"223340\" src=\"https:\/\/www.tucomarca.com\/wordpress\/segunda\/wp-content\/uploads\/2024\/05\/GuardiaCivil180_02-1024x682.jpg\" alt=\"\" class=\"wp-image-223340\" srcset=\"https:\/\/www.tucomarca.com\/wordpress\/segunda\/wp-content\/uploads\/2024\/05\/GuardiaCivil180_02-1024x682.jpg 1024w, https:\/\/www.tucomarca.com\/wordpress\/segunda\/wp-content\/uploads\/2024\/05\/GuardiaCivil180_02-300x200.jpg 300w, https:\/\/www.tucomarca.com\/wordpress\/segunda\/wp-content\/uploads\/2024\/05\/GuardiaCivil180_02-768x512.jpg 768w, https:\/\/www.tucomarca.com\/wordpress\/segunda\/wp-content\/uploads\/2024\/05\/GuardiaCivil180_02.jpg 1181w\" sizes=\"auto, (max-width: 1024px) 100vw, 1024px\" \/><\/figure>\n\n\n\n<figure class=\"wp-block-image size-large\"><img loading=\"lazy\" decoding=\"async\" width=\"1024\" height=\"682\" data-id=\"223338\" src=\"https:\/\/www.tucomarca.com\/wordpress\/segunda\/wp-content\/uploads\/2024\/05\/GuardiaCivil180_03-1024x682.jpg\" alt=\"\" class=\"wp-image-223338\" srcset=\"https:\/\/www.tucomarca.com\/wordpress\/segunda\/wp-content\/uploads\/2024\/05\/GuardiaCivil180_03-1024x682.jpg 1024w, https:\/\/www.tucomarca.com\/wordpress\/segunda\/wp-content\/uploads\/2024\/05\/GuardiaCivil180_03-300x200.jpg 300w, https:\/\/www.tucomarca.com\/wordpress\/segunda\/wp-content\/uploads\/2024\/05\/GuardiaCivil180_03-768x512.jpg 768w, https:\/\/www.tucomarca.com\/wordpress\/segunda\/wp-content\/uploads\/2024\/05\/GuardiaCivil180_03.jpg 1181w\" sizes=\"auto, (max-width: 1024px) 100vw, 1024px\" \/><\/figure>\n<\/figure>\n\n\n\n<p>Fotos: <strong>Pedro Jim\u00e9nez<\/strong>.<\/p>\n","protected":false},"excerpt":{"rendered":"<div class=\"mh-excerpt\">S&#8217;han entregat 32 condecoracions de la modalitat Cruz Blanca i 2 medalles al m\u00e8rit de la Gu\u00e0rdia Civil. Tamb\u00e9 s&#8217;han entregat dues medalles al m\u00e8rit de la Gu\u00e0rdia Civil al cap de la Policia Local <a class=\"mh-excerpt-more\" href=\"https:\/\/www.tucomarca.com\/wordpress\/segunda\/ca\/la-guardia-civil-celebra-el-seu-180-aniversari-a-valencia-amb-el-lliurament-de-32-medalles-entre-elles-una-al-cap-de-la-policia-local-de-godelleta\/\" title=\"La Gu\u00e0rdia Civil celebra el seu 180 aniversari a Val\u00e8ncia amb el lliurament de 32 medalles, entre elles una al Cap de la Policia Local de Godelleta\">[+] <\/a><\/div>\n","protected":false},"author":1,"featured_media":223337,"comment_status":"open","ping_status":"open","sticky":false,"template":"","format":"gallery","meta":{"footnotes":""},"categories":[10898,10977,10948,10894,10904,10912,10896],"tags":[11087,11118,11199,10914],"class_list":{"0":"post-223347","1":"post","2":"type-post","3":"status-publish","4":"format-gallery","5":"has-post-thumbnail","7":"category-ventana-ca","8":"category-godelleta-ca","9":"category-infraestructuras-ca","10":"category-la-comarca-ca","11":"category-sin-categorizar-ca","12":"category-la-hoya-ca","13":"category-seccion-ca","14":"tag-godelleta-ca","15":"tag-guardia-civil-ca","16":"tag-la-comunitat-ca","17":"tag-la-hoya-de-bunol-chiva-ca","18":"post_format-post-format-gallery"},"_links":{"self":[{"href":"https:\/\/www.tucomarca.com\/wordpress\/segunda\/ca\/wp-json\/wp\/v2\/posts\/223347","targetHints":{"allow":["GET"]}}],"collection":[{"href":"https:\/\/www.tucomarca.com\/wordpress\/segunda\/ca\/wp-json\/wp\/v2\/posts"}],"about":[{"href":"https:\/\/www.tucomarca.com\/wordpress\/segunda\/ca\/wp-json\/wp\/v2\/types\/post"}],"author":[{"embeddable":true,"href":"https:\/\/www.tucomarca.com\/wordpress\/segunda\/ca\/wp-json\/wp\/v2\/users\/1"}],"replies":[{"embeddable":true,"href":"https:\/\/www.tucomarca.com\/wordpress\/segunda\/ca\/wp-json\/wp\/v2\/comments?post=223347"}],"version-history":[{"count":0,"href":"https:\/\/www.tucomarca.com\/wordpress\/segunda\/ca\/wp-json\/wp\/v2\/posts\/223347\/revisions"}],"wp:featuredmedia":[{"embeddable":true,"href":"https:\/\/www.tucomarca.com\/wordpress\/segunda\/ca\/wp-json\/wp\/v2\/media\/223337"}],"wp:attachment":[{"href":"https:\/\/www.tucomarca.com\/wordpress\/segunda\/ca\/wp-json\/wp\/v2\/media?parent=223347"}],"wp:term":[{"taxonomy":"category","embeddable":true,"href":"https:\/\/www.tucomarca.com\/wordpress\/segunda\/ca\/wp-json\/wp\/v2\/categories?post=223347"},{"taxonomy":"post_tag","embeddable":true,"href":"https:\/\/www.tucomarca.com\/wordpress\/segunda\/ca\/wp-json\/wp\/v2\/tags?post=223347"}],"curies":[{"name":"wp","href":"https:\/\/api.w.org\/{rel}","templated":true}]}}