{"id":223400,"date":"2024-05-18T09:46:00","date_gmt":"2024-05-18T07:46:00","guid":{"rendered":"https:\/\/www.tucomarca.com\/wordpress\/segunda\/?p=223400"},"modified":"2024-05-18T09:48:43","modified_gmt":"2024-05-18T07:48:43","slug":"la-pepa-actuara-a-bunyol-el-proxim-25-de-maig-en-el-palau-de-la-musica","status":"publish","type":"post","link":"https:\/\/www.tucomarca.com\/wordpress\/segunda\/ca\/la-pepa-actuara-a-bunyol-el-proxim-25-de-maig-en-el-palau-de-la-musica\/","title":{"rendered":"La Pepa actuar\u00e0 a Bunyol el pr\u00f2xim 25 de maig en el Palau de la M\u00fasica"},"content":{"rendered":"<div class=\"wp-block-image\">\n<figure class=\"alignleft size-large is-resized\"><img loading=\"lazy\" decoding=\"async\" width=\"724\" height=\"1024\" src=\"http:\/\/www.tucomarca.com\/wordpress\/segunda\/wp-content\/uploads\/2024\/05\/LAPEPABunol25M-724x1024.jpg\" alt=\"\" class=\"wp-image-223396\" style=\"width:400px;height:auto\" srcset=\"https:\/\/www.tucomarca.com\/wordpress\/segunda\/wp-content\/uploads\/2024\/05\/LAPEPABunol25M-724x1024.jpg 724w, https:\/\/www.tucomarca.com\/wordpress\/segunda\/wp-content\/uploads\/2024\/05\/LAPEPABunol25M-212x300.jpg 212w, https:\/\/www.tucomarca.com\/wordpress\/segunda\/wp-content\/uploads\/2024\/05\/LAPEPABunol25M-768x1086.jpg 768w, https:\/\/www.tucomarca.com\/wordpress\/segunda\/wp-content\/uploads\/2024\/05\/LAPEPABunol25M.jpg 886w\" sizes=\"auto, (max-width: 724px) 100vw, 724px\" \/><\/figure>\n<\/div>\n\n\n<p>El pr\u00f2xim 25 de maig, Bunyol ser\u00e0 l&#8217;escenari d&#8217;un esdeveniment musical extraordinari amb el concert de La Pepa. L&#8217;actuaci\u00f3 tindr\u00e0 lloc a les 19,30 hores en el Palau de la M\u00fasica, organitzat per la regidoria de Cultura de Bunyol en col\u00b7laboraci\u00f3 amb el Institut Valenci\u00e0 de Cultura (IVC).<br>La Pepa, coneguda pel seu estil fresc i en\u00e8rgic, promet una vesprada plena de bona m\u00fasica. Pepa Cases acompanyada per H\u00e9ctor Tirado i Dario D\u00edaz, porta a Bunyol una innovadora proposta musical que compr\u00e9n una selecci\u00f3 dels seus millors temes, aix\u00ed com noves composicions que reflecteixen la seua evoluci\u00f3 art\u00edstica.<br>Les entrades per al concert tenen un preu de 5 euros. No es perden aquesta oportunitat de gaudir d&#8217;una nit d&#8217;excel\u00b7lent m\u00fasica amb La Pepa el pr\u00f2xim 25 de maig a les 19.30 en el Palau de la M\u00fasica de Bunyol. Un esdeveniment que promet ser inoblidable per a tots els amants de la m\u00fasica.<\/p>\n","protected":false},"excerpt":{"rendered":"<div class=\"mh-excerpt\">El pr\u00f2xim 25 de maig, Bunyol ser\u00e0 l&#8217;escenari d&#8217;un esdeveniment musical extraordinari amb el concert de La Pepa. L&#8217;actuaci\u00f3 tindr\u00e0 lloc a les 19,30 hores en el Palau de la M\u00fasica, organitzat per la regidoria <a class=\"mh-excerpt-more\" href=\"https:\/\/www.tucomarca.com\/wordpress\/segunda\/ca\/la-pepa-actuara-a-bunyol-el-proxim-25-de-maig-en-el-palau-de-la-musica\/\" title=\"La Pepa actuar\u00e0 a Bunyol el pr\u00f2xim 25 de maig en el Palau de la M\u00fasica\">[+] <\/a><\/div>\n","protected":false},"author":12,"featured_media":223397,"comment_status":"open","ping_status":"open","sticky":false,"template":"","format":"standard","meta":{"footnotes":""},"categories":[11019,10911,11005,10894,10912,11007,10896],"tags":[10913,14722,10914],"class_list":{"0":"post-223400","1":"post","2":"type-post","3":"status-publish","4":"format-standard","5":"has-post-thumbnail","7":"category-agenda-ca","8":"category-bunol-ca","9":"category-canal-musica","10":"category-la-comarca-ca","11":"category-la-hoya-ca","12":"category-ocio-y-cultura-ca","13":"category-seccion-ca","14":"tag-bunol-ca","15":"tag-bunol-actua-ca","16":"tag-la-hoya-de-bunol-chiva-ca"},"_links":{"self":[{"href":"https:\/\/www.tucomarca.com\/wordpress\/segunda\/ca\/wp-json\/wp\/v2\/posts\/223400","targetHints":{"allow":["GET"]}}],"collection":[{"href":"https:\/\/www.tucomarca.com\/wordpress\/segunda\/ca\/wp-json\/wp\/v2\/posts"}],"about":[{"href":"https:\/\/www.tucomarca.com\/wordpress\/segunda\/ca\/wp-json\/wp\/v2\/types\/post"}],"author":[{"embeddable":true,"href":"https:\/\/www.tucomarca.com\/wordpress\/segunda\/ca\/wp-json\/wp\/v2\/users\/12"}],"replies":[{"embeddable":true,"href":"https:\/\/www.tucomarca.com\/wordpress\/segunda\/ca\/wp-json\/wp\/v2\/comments?post=223400"}],"version-history":[{"count":0,"href":"https:\/\/www.tucomarca.com\/wordpress\/segunda\/ca\/wp-json\/wp\/v2\/posts\/223400\/revisions"}],"wp:featuredmedia":[{"embeddable":true,"href":"https:\/\/www.tucomarca.com\/wordpress\/segunda\/ca\/wp-json\/wp\/v2\/media\/223397"}],"wp:attachment":[{"href":"https:\/\/www.tucomarca.com\/wordpress\/segunda\/ca\/wp-json\/wp\/v2\/media?parent=223400"}],"wp:term":[{"taxonomy":"category","embeddable":true,"href":"https:\/\/www.tucomarca.com\/wordpress\/segunda\/ca\/wp-json\/wp\/v2\/categories?post=223400"},{"taxonomy":"post_tag","embeddable":true,"href":"https:\/\/www.tucomarca.com\/wordpress\/segunda\/ca\/wp-json\/wp\/v2\/tags?post=223400"}],"curies":[{"name":"wp","href":"https:\/\/api.w.org\/{rel}","templated":true}]}}