{"id":223483,"date":"2024-05-18T09:30:00","date_gmt":"2024-05-18T07:30:00","guid":{"rendered":"https:\/\/www.tucomarca.com\/wordpress\/segunda\/?p=223483"},"modified":"2024-05-18T09:41:28","modified_gmt":"2024-05-18T07:41:28","slug":"el-pp-dalfarb-titlla-de-farsa-democratica-el-referendum-sobre-el-toponim-del-municipi","status":"publish","type":"post","link":"https:\/\/www.tucomarca.com\/wordpress\/segunda\/ca\/el-pp-dalfarb-titlla-de-farsa-democratica-el-referendum-sobre-el-toponim-del-municipi\/","title":{"rendered":"El PP d&#8217;Alfarb titlla de \u201cfarsa democr\u00e0tica\u201d el refer\u00e8ndum sobre el top\u00f2nim del municipi"},"content":{"rendered":"\n<h3 class=\"wp-block-heading\">Els populars denuncien &#8220;maniobres pol\u00edtiques per a entorpir el proc\u00e9s de consulta&#8221; i demanen que el proc\u00e9s &#8220;es realitze en condicions adequades per a afavorir la participaci\u00f3&#8221;.<\/h3>\n\n\n\n<p>El portaveu del Partit Popular d&#8217;Alfarb, Pedro Jos\u00e9 Esteve Gim\u00e9nez, ha qualificat el refer\u00e8ndum proposat per PSPV i Comprom\u00eds, sobre el top\u00f2nim del municipi de \u201cfarsa democr\u00e0tica\u201d. <\/p>\n\n\n\n<p>\u201cEn la pr\u00e0ctica ser\u00e0 una democr\u00e0cia selectiva perqu\u00e8 han programat la votaci\u00f3 durant cinc dies de dilluns a divendres i en horari laboral privant aix\u00ed a molts ve\u00efns de l&#8217;oportunitat d&#8217;exercir el seu dret al vot\u201d, ha denunciat.<\/p>\n\n\n\n<p>En la mateixa l\u00ednia, s&#8217;ha preguntat \u201cquan podr\u00e0 anar a votar un ve\u00ed que marxe a primera hora a treballar fora del municipi i torne a \u00faltima hora de la vesprada o un estudiant que marxe el diumenge a la vesprada i torne el divendres\u201d.<\/p>\n\n\n\n<p>Per al regidor del PP, \u201cl&#8217;horari triat per al refer\u00e8ndum \u00e9s una maniobra pol\u00edtica, poc \u00e8tica, del PSPV i Comprom\u00eds , per a entorpir el proc\u00e9s i evitar la participaci\u00f3\u201d. &#8220;Se&#8217;ls ompli la boca amb la participaci\u00f3 ciutadana, per\u00f2 quan es tracta de prendre decisions que realment importen als ve\u00efns, opten per l&#8217;exclusi\u00f3&#8221;, ha advertit.<\/p>\n\n\n\n<p>A m\u00e9s, ha recordat, &#8220;quan presentem la nostra proposta, el PSOE la va rebutjar, nom\u00e9s per a despr\u00e9s prendre-la i portar-la ells al ple, mentre que Comprom\u00eds li va donar l&#8217;esquena i la van boicotejar cont\u00ednuament&#8221;. Aix\u00ed, ha destacat, \u201cla situaci\u00f3 ha portat a la vora de l&#8217;abisme el pacte de govern format per PSOE i Comprom\u00eds, encara que aquest matrimoni ha fet aig\u00fces des del principi\u201d.<\/p>\n\n\n\n<p>No obstant aix\u00f2, el portaveu del PP ha assegurat que \u201ccontinuar\u00e0 lluitant per una vertadera democr\u00e0cia i transpar\u00e8ncia en la presa de decisions, posant sempre els interessos dels seus ve\u00efns en primer lloc\u201d. \u201cEsperem que l&#8217;alcalde recapacite i facilite la participaci\u00f3 de tots els ve\u00efns en aquest proc\u00e9s hist\u00f2ric\u201d, ha concl\u00f2s.<\/p>\n","protected":false},"excerpt":{"rendered":"<div class=\"mh-excerpt\">Els populars denuncien &#8220;maniobres pol\u00edtiques per a entorpir el proc\u00e9s de consulta&#8221; i demanen que el proc\u00e9s &#8220;es realitze en condicions adequades per a afavorir la participaci\u00f3&#8221;. El portaveu del Partit Popular d&#8217;Alfarb, Pedro Jos\u00e9 <a class=\"mh-excerpt-more\" href=\"https:\/\/www.tucomarca.com\/wordpress\/segunda\/ca\/el-pp-dalfarb-titlla-de-farsa-democratica-el-referendum-sobre-el-toponim-del-municipi\/\" title=\"El PP d&#8217;Alfarb titlla de \u201cfarsa democr\u00e0tica\u201d el refer\u00e8ndum sobre el top\u00f2nim del municipi\">[+] <\/a><\/div>\n","protected":false},"author":12,"featured_media":223482,"comment_status":"open","ping_status":"open","sticky":false,"template":"","format":"standard","meta":{"footnotes":""},"categories":[10982,10948,10894,10902,10947,10896],"tags":[12653,20706,11356],"class_list":{"0":"post-223483","1":"post","2":"type-post","3":"status-publish","4":"format-standard","5":"has-post-thumbnail","7":"category-alfarp-ca","8":"category-infraestructuras-ca","9":"category-la-comarca-ca","10":"category-la-ribera-ca","11":"category-politica","12":"category-seccion-ca","13":"tag-alfarp-ca","14":"tag-pp-de-alfarp-ca","15":"tag-ribera-alta-ca"},"_links":{"self":[{"href":"https:\/\/www.tucomarca.com\/wordpress\/segunda\/ca\/wp-json\/wp\/v2\/posts\/223483","targetHints":{"allow":["GET"]}}],"collection":[{"href":"https:\/\/www.tucomarca.com\/wordpress\/segunda\/ca\/wp-json\/wp\/v2\/posts"}],"about":[{"href":"https:\/\/www.tucomarca.com\/wordpress\/segunda\/ca\/wp-json\/wp\/v2\/types\/post"}],"author":[{"embeddable":true,"href":"https:\/\/www.tucomarca.com\/wordpress\/segunda\/ca\/wp-json\/wp\/v2\/users\/12"}],"replies":[{"embeddable":true,"href":"https:\/\/www.tucomarca.com\/wordpress\/segunda\/ca\/wp-json\/wp\/v2\/comments?post=223483"}],"version-history":[{"count":0,"href":"https:\/\/www.tucomarca.com\/wordpress\/segunda\/ca\/wp-json\/wp\/v2\/posts\/223483\/revisions"}],"wp:featuredmedia":[{"embeddable":true,"href":"https:\/\/www.tucomarca.com\/wordpress\/segunda\/ca\/wp-json\/wp\/v2\/media\/223482"}],"wp:attachment":[{"href":"https:\/\/www.tucomarca.com\/wordpress\/segunda\/ca\/wp-json\/wp\/v2\/media?parent=223483"}],"wp:term":[{"taxonomy":"category","embeddable":true,"href":"https:\/\/www.tucomarca.com\/wordpress\/segunda\/ca\/wp-json\/wp\/v2\/categories?post=223483"},{"taxonomy":"post_tag","embeddable":true,"href":"https:\/\/www.tucomarca.com\/wordpress\/segunda\/ca\/wp-json\/wp\/v2\/tags?post=223483"}],"curies":[{"name":"wp","href":"https:\/\/api.w.org\/{rel}","templated":true}]}}