{"id":223725,"date":"2024-05-20T20:00:00","date_gmt":"2024-05-20T18:00:00","guid":{"rendered":"https:\/\/www.tucomarca.com\/wordpress\/segunda\/?p=223725"},"modified":"2024-05-20T22:45:37","modified_gmt":"2024-05-20T20:45:37","slug":"fotogaleria-lajuntament-de-bunyol-rep-al-balco-a-les-integrants-de-lescola-de-dansa-luis-ayllon-de-lartistica-campiones-del-dancing-stars","status":"publish","type":"post","link":"https:\/\/www.tucomarca.com\/wordpress\/segunda\/ca\/fotogaleria-lajuntament-de-bunyol-rep-al-balco-a-les-integrants-de-lescola-de-dansa-luis-ayllon-de-lartistica-campiones-del-dancing-stars\/","title":{"rendered":"Fotogaler\u00eda: l&#8217;Ajuntament de Bunyol rep al balc\u00f3 a les integrants de l&#8217;Escola de Dansa Luis Ayll\u00f3n de L&#8217;Art\u00edstica, campiones del &#8216;Dancing Stars&#8217;"},"content":{"rendered":"\n<p>L&#8217;Ajuntament de Bunyol ha rebut amb orgull al balc\u00f3 de la casa consistorial als grups de ball de l&#8217;Escola de Dansa Luis Ayll\u00f3n, al costat de la seua professora Marisa Garc\u00eda, despr\u00e9s de la seua destacada participaci\u00f3 en la final nacional de &#8216;Dancing Stars&#8217;. El grup Juvenil ha obtingut el t\u00edtol de Campiones d&#8217;Espanya, mentre que el grup Infantil A ha rebut el Premi Especial del Jurat.<\/p>\n\n\n\n<p>La recepci\u00f3, presidida per l&#8217;alcaldessa de Bunyol, Virg\u00ednia Sanz, i pels regidors de l&#8217;equip de govern municipal, s&#8217;ha desenvolupat aquest dilluns a la vesprada en el sal\u00f3 de plens de l&#8217;Ajuntament, on les joves ballarines van ser homenatjades pel seu extraordinari assoliment. Acompanyades per familiars, amics i ve\u00efns, les campiones van ser rebudes amb aplaudiments i mostres d&#8217;afecte.<\/p>\n\n\n\n<p>El grup Juvenil de l&#8217;Escola de M\u00fasica Luis Ayll\u00f3n va impressionar al jurat de &#8216;Dancing Stars&#8217; amb una coreografia magistral que va combinar t\u00e8cnica, creativitat i emotivitat, portant-les a guanyar el t\u00edtol de Campiones d&#8217;Espanya. Per part seua, el grup Infantil A va ser guardonat amb el Premi Especial del Jurat, un reconeixement al seu talent i prometedora traject\u00f2ria en el m\u00f3n de la dansa.<\/p>\n\n\n\n<p>Aquest triomf \u00e9s el resultat de moltes hores de treball i dedicaci\u00f3, no sols destaca el talent de les joves ballarines, sin\u00f3 tamb\u00e9 el comprom\u00eds de Bunyol amb la promoci\u00f3 de la cultura i les arts, celebrant l&#8217;\u00e8xit i la dedicaci\u00f3.<\/p>\n\n\n\n<p>Despr\u00e9s d&#8217;aquest homenatge la Societat Musical L&#8217;Art\u00edstica els ha obsequiat amb un berenar en Rosers. Informa, <strong>P. Ferrer.<\/strong><\/p>\n\n\n\n<p>Fotos: <strong>Jos\u00e9 L. Mont\u00f3n<\/strong>.<\/p>\n\n\n\n<figure class=\"wp-block-gallery has-nested-images columns-2 is-cropped wp-block-gallery-1 is-layout-flex wp-block-gallery-is-layout-flex\">\n<figure class=\"wp-block-image size-large\"><img loading=\"lazy\" decoding=\"async\" width=\"1024\" height=\"682\" data-id=\"223696\" src=\"https:\/\/www.tucomarca.com\/wordpress\/segunda\/wp-content\/uploads\/2024\/05\/BunolDanzaUrbana01-1024x682.jpg\" alt=\"\" class=\"wp-image-223696\" srcset=\"https:\/\/www.tucomarca.com\/wordpress\/segunda\/wp-content\/uploads\/2024\/05\/BunolDanzaUrbana01-1024x682.jpg 1024w, https:\/\/www.tucomarca.com\/wordpress\/segunda\/wp-content\/uploads\/2024\/05\/BunolDanzaUrbana01-300x200.jpg 300w, https:\/\/www.tucomarca.com\/wordpress\/segunda\/wp-content\/uploads\/2024\/05\/BunolDanzaUrbana01-768x512.jpg 768w, https:\/\/www.tucomarca.com\/wordpress\/segunda\/wp-content\/uploads\/2024\/05\/BunolDanzaUrbana01.jpg 1181w\" sizes=\"auto, (max-width: 1024px) 100vw, 1024px\" \/><\/figure>\n\n\n\n<figure class=\"wp-block-image size-large\"><img loading=\"lazy\" decoding=\"async\" width=\"1024\" height=\"682\" data-id=\"223700\" src=\"https:\/\/www.tucomarca.com\/wordpress\/segunda\/wp-content\/uploads\/2024\/05\/BunolDanzaUrbana03-1024x682.jpg\" alt=\"\" class=\"wp-image-223700\" srcset=\"https:\/\/www.tucomarca.com\/wordpress\/segunda\/wp-content\/uploads\/2024\/05\/BunolDanzaUrbana03-1024x682.jpg 1024w, https:\/\/www.tucomarca.com\/wordpress\/segunda\/wp-content\/uploads\/2024\/05\/BunolDanzaUrbana03-300x200.jpg 300w, https:\/\/www.tucomarca.com\/wordpress\/segunda\/wp-content\/uploads\/2024\/05\/BunolDanzaUrbana03-768x512.jpg 768w, https:\/\/www.tucomarca.com\/wordpress\/segunda\/wp-content\/uploads\/2024\/05\/BunolDanzaUrbana03.jpg 1181w\" sizes=\"auto, (max-width: 1024px) 100vw, 1024px\" \/><\/figure>\n\n\n\n<figure class=\"wp-block-image size-large\"><img loading=\"lazy\" decoding=\"async\" width=\"1024\" height=\"682\" data-id=\"223702\" src=\"https:\/\/www.tucomarca.com\/wordpress\/segunda\/wp-content\/uploads\/2024\/05\/BunolDanzaUrbana04-1024x682.jpg\" alt=\"\" class=\"wp-image-223702\" srcset=\"https:\/\/www.tucomarca.com\/wordpress\/segunda\/wp-content\/uploads\/2024\/05\/BunolDanzaUrbana04-1024x682.jpg 1024w, https:\/\/www.tucomarca.com\/wordpress\/segunda\/wp-content\/uploads\/2024\/05\/BunolDanzaUrbana04-300x200.jpg 300w, https:\/\/www.tucomarca.com\/wordpress\/segunda\/wp-content\/uploads\/2024\/05\/BunolDanzaUrbana04-768x512.jpg 768w, https:\/\/www.tucomarca.com\/wordpress\/segunda\/wp-content\/uploads\/2024\/05\/BunolDanzaUrbana04.jpg 1181w\" sizes=\"auto, (max-width: 1024px) 100vw, 1024px\" \/><\/figure>\n\n\n\n<figure class=\"wp-block-image size-large\"><img loading=\"lazy\" decoding=\"async\" width=\"1024\" height=\"744\" data-id=\"223704\" src=\"https:\/\/www.tucomarca.com\/wordpress\/segunda\/wp-content\/uploads\/2024\/05\/BunolDanzaUrbana05-1024x744.jpg\" alt=\"\" class=\"wp-image-223704\" srcset=\"https:\/\/www.tucomarca.com\/wordpress\/segunda\/wp-content\/uploads\/2024\/05\/BunolDanzaUrbana05-1024x744.jpg 1024w, https:\/\/www.tucomarca.com\/wordpress\/segunda\/wp-content\/uploads\/2024\/05\/BunolDanzaUrbana05-300x218.jpg 300w, https:\/\/www.tucomarca.com\/wordpress\/segunda\/wp-content\/uploads\/2024\/05\/BunolDanzaUrbana05-768x558.jpg 768w, https:\/\/www.tucomarca.com\/wordpress\/segunda\/wp-content\/uploads\/2024\/05\/BunolDanzaUrbana05.jpg 1181w\" sizes=\"auto, (max-width: 1024px) 100vw, 1024px\" \/><\/figure>\n\n\n\n<figure class=\"wp-block-image size-large\"><img loading=\"lazy\" decoding=\"async\" width=\"1024\" height=\"682\" data-id=\"223698\" src=\"https:\/\/www.tucomarca.com\/wordpress\/segunda\/wp-content\/uploads\/2024\/05\/BunolDanzaUrbana02-1024x682.jpg\" alt=\"\" class=\"wp-image-223698\" srcset=\"https:\/\/www.tucomarca.com\/wordpress\/segunda\/wp-content\/uploads\/2024\/05\/BunolDanzaUrbana02-1024x682.jpg 1024w, https:\/\/www.tucomarca.com\/wordpress\/segunda\/wp-content\/uploads\/2024\/05\/BunolDanzaUrbana02-300x200.jpg 300w, https:\/\/www.tucomarca.com\/wordpress\/segunda\/wp-content\/uploads\/2024\/05\/BunolDanzaUrbana02-768x512.jpg 768w, https:\/\/www.tucomarca.com\/wordpress\/segunda\/wp-content\/uploads\/2024\/05\/BunolDanzaUrbana02.jpg 1181w\" sizes=\"auto, (max-width: 1024px) 100vw, 1024px\" \/><\/figure>\n\n\n\n<figure class=\"wp-block-image size-large\"><img loading=\"lazy\" decoding=\"async\" width=\"682\" height=\"1024\" data-id=\"223706\" src=\"https:\/\/www.tucomarca.com\/wordpress\/segunda\/wp-content\/uploads\/2024\/05\/BunolDanzaUrbana06-682x1024.jpg\" alt=\"\" class=\"wp-image-223706\" srcset=\"https:\/\/www.tucomarca.com\/wordpress\/segunda\/wp-content\/uploads\/2024\/05\/BunolDanzaUrbana06-682x1024.jpg 682w, https:\/\/www.tucomarca.com\/wordpress\/segunda\/wp-content\/uploads\/2024\/05\/BunolDanzaUrbana06-200x300.jpg 200w, https:\/\/www.tucomarca.com\/wordpress\/segunda\/wp-content\/uploads\/2024\/05\/BunolDanzaUrbana06-768x1152.jpg 768w, https:\/\/www.tucomarca.com\/wordpress\/segunda\/wp-content\/uploads\/2024\/05\/BunolDanzaUrbana06-1024x1536.jpg 1024w, https:\/\/www.tucomarca.com\/wordpress\/segunda\/wp-content\/uploads\/2024\/05\/BunolDanzaUrbana06.jpg 1181w\" sizes=\"auto, (max-width: 682px) 100vw, 682px\" \/><\/figure>\n\n\n\n<figure class=\"wp-block-image size-large\"><img loading=\"lazy\" decoding=\"async\" width=\"1024\" height=\"682\" data-id=\"223708\" src=\"https:\/\/www.tucomarca.com\/wordpress\/segunda\/wp-content\/uploads\/2024\/05\/BunolDanzaUrbana07-1024x682.jpg\" alt=\"\" class=\"wp-image-223708\" srcset=\"https:\/\/www.tucomarca.com\/wordpress\/segunda\/wp-content\/uploads\/2024\/05\/BunolDanzaUrbana07-1024x682.jpg 1024w, https:\/\/www.tucomarca.com\/wordpress\/segunda\/wp-content\/uploads\/2024\/05\/BunolDanzaUrbana07-300x200.jpg 300w, https:\/\/www.tucomarca.com\/wordpress\/segunda\/wp-content\/uploads\/2024\/05\/BunolDanzaUrbana07-768x512.jpg 768w, https:\/\/www.tucomarca.com\/wordpress\/segunda\/wp-content\/uploads\/2024\/05\/BunolDanzaUrbana07.jpg 1181w\" sizes=\"auto, (max-width: 1024px) 100vw, 1024px\" \/><\/figure>\n\n\n\n<figure class=\"wp-block-image size-large\"><img loading=\"lazy\" decoding=\"async\" width=\"1024\" height=\"682\" data-id=\"223710\" src=\"https:\/\/www.tucomarca.com\/wordpress\/segunda\/wp-content\/uploads\/2024\/05\/BunolDanzaUrbana08-1024x682.jpg\" alt=\"\" class=\"wp-image-223710\" srcset=\"https:\/\/www.tucomarca.com\/wordpress\/segunda\/wp-content\/uploads\/2024\/05\/BunolDanzaUrbana08-1024x682.jpg 1024w, https:\/\/www.tucomarca.com\/wordpress\/segunda\/wp-content\/uploads\/2024\/05\/BunolDanzaUrbana08-300x200.jpg 300w, https:\/\/www.tucomarca.com\/wordpress\/segunda\/wp-content\/uploads\/2024\/05\/BunolDanzaUrbana08-768x512.jpg 768w, https:\/\/www.tucomarca.com\/wordpress\/segunda\/wp-content\/uploads\/2024\/05\/BunolDanzaUrbana08.jpg 1181w\" sizes=\"auto, (max-width: 1024px) 100vw, 1024px\" \/><\/figure>\n\n\n\n<figure class=\"wp-block-image size-large\"><img loading=\"lazy\" decoding=\"async\" width=\"1024\" height=\"682\" data-id=\"223712\" src=\"https:\/\/www.tucomarca.com\/wordpress\/segunda\/wp-content\/uploads\/2024\/05\/BunolDanzaUrbana09-1024x682.jpg\" alt=\"\" class=\"wp-image-223712\" srcset=\"https:\/\/www.tucomarca.com\/wordpress\/segunda\/wp-content\/uploads\/2024\/05\/BunolDanzaUrbana09-1024x682.jpg 1024w, https:\/\/www.tucomarca.com\/wordpress\/segunda\/wp-content\/uploads\/2024\/05\/BunolDanzaUrbana09-300x200.jpg 300w, https:\/\/www.tucomarca.com\/wordpress\/segunda\/wp-content\/uploads\/2024\/05\/BunolDanzaUrbana09-768x512.jpg 768w, https:\/\/www.tucomarca.com\/wordpress\/segunda\/wp-content\/uploads\/2024\/05\/BunolDanzaUrbana09.jpg 1181w\" sizes=\"auto, (max-width: 1024px) 100vw, 1024px\" \/><\/figure>\n<\/figure>\n","protected":false},"excerpt":{"rendered":"<div class=\"mh-excerpt\">L&#8217;Ajuntament de Bunyol ha rebut amb orgull al balc\u00f3 de la casa consistorial als grups de ball de l&#8217;Escola de Dansa Luis Ayll\u00f3n, al costat de la seua professora Marisa Garc\u00eda, despr\u00e9s de la seua <a class=\"mh-excerpt-more\" href=\"https:\/\/www.tucomarca.com\/wordpress\/segunda\/ca\/fotogaleria-lajuntament-de-bunyol-rep-al-balco-a-les-integrants-de-lescola-de-dansa-luis-ayllon-de-lartistica-campiones-del-dancing-stars\/\" title=\"Fotogaler\u00eda: l&#8217;Ajuntament de Bunyol rep al balc\u00f3 a les integrants de l&#8217;Escola de Dansa Luis Ayll\u00f3n de L&#8217;Art\u00edstica, campiones del &#8216;Dancing Stars&#8217;\">[+] <\/a><\/div>\n","protected":false},"author":12,"featured_media":223715,"comment_status":"open","ping_status":"open","sticky":false,"template":"","format":"gallery","meta":{"footnotes":""},"categories":[10911,10894,10912,11004,11007,10896],"tags":[10913,20715,10914,11154],"class_list":{"0":"post-223725","1":"post","2":"type-post","3":"status-publish","4":"format-gallery","5":"has-post-thumbnail","7":"category-bunol-ca","8":"category-la-comarca-ca","9":"category-la-hoya-ca","10":"category-la-semana-en-imagenes-ca","11":"category-ocio-y-cultura-ca","12":"category-seccion-ca","13":"tag-bunol-ca","14":"tag-escuela-de-danza-luis-ayllon-ca","15":"tag-la-hoya-de-bunol-chiva-ca","16":"tag-sm-la-artistica-de-bunol-ca","17":"post_format-post-format-gallery"},"_links":{"self":[{"href":"https:\/\/www.tucomarca.com\/wordpress\/segunda\/ca\/wp-json\/wp\/v2\/posts\/223725","targetHints":{"allow":["GET"]}}],"collection":[{"href":"https:\/\/www.tucomarca.com\/wordpress\/segunda\/ca\/wp-json\/wp\/v2\/posts"}],"about":[{"href":"https:\/\/www.tucomarca.com\/wordpress\/segunda\/ca\/wp-json\/wp\/v2\/types\/post"}],"author":[{"embeddable":true,"href":"https:\/\/www.tucomarca.com\/wordpress\/segunda\/ca\/wp-json\/wp\/v2\/users\/12"}],"replies":[{"embeddable":true,"href":"https:\/\/www.tucomarca.com\/wordpress\/segunda\/ca\/wp-json\/wp\/v2\/comments?post=223725"}],"version-history":[{"count":0,"href":"https:\/\/www.tucomarca.com\/wordpress\/segunda\/ca\/wp-json\/wp\/v2\/posts\/223725\/revisions"}],"wp:featuredmedia":[{"embeddable":true,"href":"https:\/\/www.tucomarca.com\/wordpress\/segunda\/ca\/wp-json\/wp\/v2\/media\/223715"}],"wp:attachment":[{"href":"https:\/\/www.tucomarca.com\/wordpress\/segunda\/ca\/wp-json\/wp\/v2\/media?parent=223725"}],"wp:term":[{"taxonomy":"category","embeddable":true,"href":"https:\/\/www.tucomarca.com\/wordpress\/segunda\/ca\/wp-json\/wp\/v2\/categories?post=223725"},{"taxonomy":"post_tag","embeddable":true,"href":"https:\/\/www.tucomarca.com\/wordpress\/segunda\/ca\/wp-json\/wp\/v2\/tags?post=223725"}],"curies":[{"name":"wp","href":"https:\/\/api.w.org\/{rel}","templated":true}]}}