{"id":224042,"date":"2024-05-23T10:00:00","date_gmt":"2024-05-23T08:00:00","guid":{"rendered":"https:\/\/www.tucomarca.com\/wordpress\/segunda\/?p=224042"},"modified":"2024-05-23T10:39:52","modified_gmt":"2024-05-23T08:39:52","slug":"la-joia-de-lanimacio-espanyola-robot-dreams-aquest-dijous-a-viure-de-cinema-a-bunyol","status":"publish","type":"post","link":"https:\/\/www.tucomarca.com\/wordpress\/segunda\/ca\/la-joia-de-lanimacio-espanyola-robot-dreams-aquest-dijous-a-viure-de-cinema-a-bunyol\/","title":{"rendered":"La joia de l&#8217;animaci\u00f3 espanyola, &#8216;Robot Dreams&#8217;, aquest dijous a Viure de Cinema a Bunyol"},"content":{"rendered":"\n<p>Aquest dijous, 23 de maig, a les 20,00 hores, el Palacio de la M\u00fasica de Bunyol acollir\u00e0 la projecci\u00f3 de l&#8217;aclamada pel\u00b7l\u00edcula d&#8217;animaci\u00f3 &#8216;Robot Dreams&#8217;, com a part del Festival Vvir de Cine. Aquest esdeveniment \u00e9s una oportunitat \u00fanica per a gaudir d&#8217;una de les obres m\u00e9s destacades de l&#8217;animaci\u00f3 espanyola recent.<\/p>\n\n\n<div class=\"wp-block-image\">\n<figure class=\"alignleft size-large is-resized\"><img loading=\"lazy\" decoding=\"async\" width=\"725\" height=\"1024\" src=\"https:\/\/www.tucomarca.com\/wordpress\/segunda\/wp-content\/uploads\/2024\/05\/RobotDreams-725x1024.jpg\" alt=\"\" class=\"wp-image-224039\" style=\"width:412px;height:auto\" srcset=\"https:\/\/www.tucomarca.com\/wordpress\/segunda\/wp-content\/uploads\/2024\/05\/RobotDreams-725x1024.jpg 725w, https:\/\/www.tucomarca.com\/wordpress\/segunda\/wp-content\/uploads\/2024\/05\/RobotDreams-212x300.jpg 212w, https:\/\/www.tucomarca.com\/wordpress\/segunda\/wp-content\/uploads\/2024\/05\/RobotDreams-768x1084.jpg 768w, https:\/\/www.tucomarca.com\/wordpress\/segunda\/wp-content\/uploads\/2024\/05\/RobotDreams.jpg 886w\" sizes=\"auto, (max-width: 725px) 100vw, 725px\" \/><\/figure>\n<\/div>\n\n\n<p>&#8216;Robot Dreams&#8217;, dirigida i adaptada per Pablo Berger, \u00e9s una pel\u00b7l\u00edcula de 2023 que ha collit m\u00faltiples elogis i reconeixements. Amb una duraci\u00f3 de 102 minuts, aquesta obra s&#8217;ha convertit en una joia del cinema d&#8217;animaci\u00f3, guanyant el Goya a Millor Gui\u00f3 Adaptat i Millor Pel\u00b7l\u00edcula d&#8217;Animaci\u00f3. A m\u00e9s, ha sigut nominada a l&#8217;\u00d3scar a Millor Pel\u00b7l\u00edcula d&#8217;Animaci\u00f3, consolidant-se com una aposta ferma per la qualitat de l&#8217;animaci\u00f3 espanyola.<\/p>\n\n\n\n<p>La pel\u00b7l\u00edcula narra una preciosa hist\u00f2ria d&#8217;amistat i soledat, portant a l&#8217;espectador a un viatge emocional que \u00e9s tant un delit per al cor com per a la vista. La bellesa de &#8216;Robot Dreams&#8217; ha tocat el cor d&#8217;audi\u00e8ncies de totes les edats. Una experi\u00e8ncia cinematogr\u00e0fica inoblidable, a m\u00e9s d&#8217;una celebraci\u00f3 del talent i la creativitat dels cineastes espanyols.<\/p>\n","protected":false},"excerpt":{"rendered":"<div class=\"mh-excerpt\">Aquest dijous, 23 de maig, a les 20,00 hores, el Palacio de la M\u00fasica de Bunyol acollir\u00e0 la projecci\u00f3 de l&#8217;aclamada pel\u00b7l\u00edcula d&#8217;animaci\u00f3 &#8216;Robot Dreams&#8217;, com a part del Festival Vvir de Cine. Aquest esdeveniment <a class=\"mh-excerpt-more\" href=\"https:\/\/www.tucomarca.com\/wordpress\/segunda\/ca\/la-joia-de-lanimacio-espanyola-robot-dreams-aquest-dijous-a-viure-de-cinema-a-bunyol\/\" title=\"La joia de l&#8217;animaci\u00f3 espanyola, &#8216;Robot Dreams&#8217;, aquest dijous a Viure de Cinema a Bunyol\">[+] <\/a><\/div>\n","protected":false},"author":12,"featured_media":224040,"comment_status":"open","ping_status":"open","sticky":false,"template":"","format":"standard","meta":{"footnotes":""},"categories":[11019,10911,10894,10912,11007,10896],"tags":[10913,10914,20738,20523],"class_list":{"0":"post-224042","1":"post","2":"type-post","3":"status-publish","4":"format-standard","5":"has-post-thumbnail","7":"category-agenda-ca","8":"category-bunol-ca","9":"category-la-comarca-ca","10":"category-la-hoya-ca","11":"category-ocio-y-cultura-ca","12":"category-seccion-ca","13":"tag-bunol-ca","14":"tag-la-hoya-de-bunol-chiva-ca","15":"tag-robot-dreams-ca","16":"tag-vivir-de-cine-2024-ca"},"_links":{"self":[{"href":"https:\/\/www.tucomarca.com\/wordpress\/segunda\/ca\/wp-json\/wp\/v2\/posts\/224042","targetHints":{"allow":["GET"]}}],"collection":[{"href":"https:\/\/www.tucomarca.com\/wordpress\/segunda\/ca\/wp-json\/wp\/v2\/posts"}],"about":[{"href":"https:\/\/www.tucomarca.com\/wordpress\/segunda\/ca\/wp-json\/wp\/v2\/types\/post"}],"author":[{"embeddable":true,"href":"https:\/\/www.tucomarca.com\/wordpress\/segunda\/ca\/wp-json\/wp\/v2\/users\/12"}],"replies":[{"embeddable":true,"href":"https:\/\/www.tucomarca.com\/wordpress\/segunda\/ca\/wp-json\/wp\/v2\/comments?post=224042"}],"version-history":[{"count":0,"href":"https:\/\/www.tucomarca.com\/wordpress\/segunda\/ca\/wp-json\/wp\/v2\/posts\/224042\/revisions"}],"wp:featuredmedia":[{"embeddable":true,"href":"https:\/\/www.tucomarca.com\/wordpress\/segunda\/ca\/wp-json\/wp\/v2\/media\/224040"}],"wp:attachment":[{"href":"https:\/\/www.tucomarca.com\/wordpress\/segunda\/ca\/wp-json\/wp\/v2\/media?parent=224042"}],"wp:term":[{"taxonomy":"category","embeddable":true,"href":"https:\/\/www.tucomarca.com\/wordpress\/segunda\/ca\/wp-json\/wp\/v2\/categories?post=224042"},{"taxonomy":"post_tag","embeddable":true,"href":"https:\/\/www.tucomarca.com\/wordpress\/segunda\/ca\/wp-json\/wp\/v2\/tags?post=224042"}],"curies":[{"name":"wp","href":"https:\/\/api.w.org\/{rel}","templated":true}]}}