{"id":224063,"date":"2024-05-23T12:00:00","date_gmt":"2024-05-23T10:00:00","guid":{"rendered":"https:\/\/www.tucomarca.com\/wordpress\/segunda\/?p=224063"},"modified":"2024-05-23T18:47:14","modified_gmt":"2024-05-23T16:47:14","slug":"la-crema-duns-residus-pirotecnics-provoca-una-explosio-i-un-incendi-en-camps-de-cultiu-a-olocau","status":"publish","type":"post","link":"https:\/\/www.tucomarca.com\/wordpress\/segunda\/ca\/la-crema-duns-residus-pirotecnics-provoca-una-explosio-i-un-incendi-en-camps-de-cultiu-a-olocau\/","title":{"rendered":"La crema d&#8217;uns residus pirot\u00e8cnics provoca una explosi\u00f3 i un incendi en camps de cultiu a Olocau"},"content":{"rendered":"\n<p>El Consorci de Bombers de Val\u00e8ncia s&#8217;hi ha mobilitzat este mat\u00ed a les 7,06 hores a un incendi en les instal\u00b7lacions d&#8217;una pirot\u00e8cnia d&#8217;Olocau, produ\u00eft en una campa exterior de l&#8217;empresa on es realitzava una crema de restes de material pirot\u00e8cnic. <\/p>\n\n\n\n<p>La crema s&#8217;efectuava dins una g\u00e0bia met\u00e0l\u00b7lica en un recinte vallat, com a mesura de seguretat. Durant l&#8217;operaci\u00f3 s&#8217;hi ha produ\u00eft un incendi amb explosi\u00f3, propagant-se el foc cap a zona de vegetaci\u00f3 de camps de cultiu i de barranc.<\/p>\n\n\n<div class=\"wp-block-image\">\n<figure class=\"alignleft size-full is-resized\"><img loading=\"lazy\" decoding=\"async\" width=\"886\" height=\"824\" src=\"http:\/\/www.tucomarca.com\/wordpress\/segunda\/wp-content\/uploads\/2024\/05\/BomberosOlocau3.jpg\" alt=\"\" class=\"wp-image-224059\" style=\"width:319px;height:auto\" srcset=\"https:\/\/www.tucomarca.com\/wordpress\/segunda\/wp-content\/uploads\/2024\/05\/BomberosOlocau3.jpg 886w, https:\/\/www.tucomarca.com\/wordpress\/segunda\/wp-content\/uploads\/2024\/05\/BomberosOlocau3-300x279.jpg 300w, https:\/\/www.tucomarca.com\/wordpress\/segunda\/wp-content\/uploads\/2024\/05\/BomberosOlocau3-768x714.jpg 768w\" sizes=\"auto, (max-width: 886px) 100vw, 886px\" \/><\/figure>\n<\/div>\n\n\n<p>A l&#8217;incident s&#8217;hi han despla\u00e7at este mat\u00ed tres dotacions de bombers dels parcs de L&#8217;Eliana, Moncada i Paterna, sergent i oficial del Consorci, que han procedit a actuar en l&#8217;extinci\u00f3 de l&#8217;incendi de barranc i en la resposta a l&#8217;incendi del material pirot\u00e8cnic, seguint les mesures de protecci\u00f3 i de dist\u00e0ncia de seguretat necess\u00e0ries per als intervinents.<\/p>\n\n\n\n<p>En estos moments l&#8217;incendi ja est\u00e0 controlat, quedant alguns punts calents, i els bombers treballen en acabar d&#8217;extingir. Es troben a la zona tamb\u00e9 la Guardia Civil i TEDAX realitzant les seues actuacions.<\/p>\n\n\n\n<p>L&#8217;incident no ha deixat danys personals ni m\u00e9s afectaci\u00f3 a altres instal\u00b7lacions de l&#8217;empresa.<\/p>\n","protected":false},"excerpt":{"rendered":"<div class=\"mh-excerpt\">El Consorci de Bombers de Val\u00e8ncia s&#8217;hi ha mobilitzat este mat\u00ed a les 7,06 hores a un incendi en les instal\u00b7lacions d&#8217;una pirot\u00e8cnia d&#8217;Olocau, produ\u00eft en una campa exterior de l&#8217;empresa on es realitzava una <a class=\"mh-excerpt-more\" href=\"https:\/\/www.tucomarca.com\/wordpress\/segunda\/ca\/la-crema-duns-residus-pirotecnics-provoca-una-explosio-i-un-incendi-en-camps-de-cultiu-a-olocau\/\" title=\"La crema d&#8217;uns residus pirot\u00e8cnics provoca una explosi\u00f3 i un incendi en camps de cultiu a Olocau\">[+] <\/a><\/div>\n","protected":false},"author":1,"featured_media":224058,"comment_status":"open","ping_status":"open","sticky":false,"template":"","format":"standard","meta":{"footnotes":""},"categories":[10892,10898,10948,10894,10935,10896,10897],"tags":[20342,10899,12359],"class_list":{"0":"post-224063","1":"post","2":"type-post","3":"status-publish","4":"format-standard","5":"has-post-thumbnail","7":"category-camp-de-turia-ca","8":"category-ventana-ca","9":"category-infraestructuras-ca","10":"category-la-comarca-ca","11":"category-olocau-ca","12":"category-seccion-ca","13":"category-sucesos-la-comarca-ca","14":"tag-bomberos-consorcio-provincial-de-bomberos-de-valencia-ca","15":"tag-camp-de-turia-ca","16":"tag-olocau-ca"},"_links":{"self":[{"href":"https:\/\/www.tucomarca.com\/wordpress\/segunda\/ca\/wp-json\/wp\/v2\/posts\/224063","targetHints":{"allow":["GET"]}}],"collection":[{"href":"https:\/\/www.tucomarca.com\/wordpress\/segunda\/ca\/wp-json\/wp\/v2\/posts"}],"about":[{"href":"https:\/\/www.tucomarca.com\/wordpress\/segunda\/ca\/wp-json\/wp\/v2\/types\/post"}],"author":[{"embeddable":true,"href":"https:\/\/www.tucomarca.com\/wordpress\/segunda\/ca\/wp-json\/wp\/v2\/users\/1"}],"replies":[{"embeddable":true,"href":"https:\/\/www.tucomarca.com\/wordpress\/segunda\/ca\/wp-json\/wp\/v2\/comments?post=224063"}],"version-history":[{"count":0,"href":"https:\/\/www.tucomarca.com\/wordpress\/segunda\/ca\/wp-json\/wp\/v2\/posts\/224063\/revisions"}],"wp:featuredmedia":[{"embeddable":true,"href":"https:\/\/www.tucomarca.com\/wordpress\/segunda\/ca\/wp-json\/wp\/v2\/media\/224058"}],"wp:attachment":[{"href":"https:\/\/www.tucomarca.com\/wordpress\/segunda\/ca\/wp-json\/wp\/v2\/media?parent=224063"}],"wp:term":[{"taxonomy":"category","embeddable":true,"href":"https:\/\/www.tucomarca.com\/wordpress\/segunda\/ca\/wp-json\/wp\/v2\/categories?post=224063"},{"taxonomy":"post_tag","embeddable":true,"href":"https:\/\/www.tucomarca.com\/wordpress\/segunda\/ca\/wp-json\/wp\/v2\/tags?post=224063"}],"curies":[{"name":"wp","href":"https:\/\/api.w.org\/{rel}","templated":true}]}}