{"id":224123,"date":"2024-05-23T12:00:00","date_gmt":"2024-05-23T10:00:00","guid":{"rendered":"https:\/\/www.tucomarca.com\/wordpress\/segunda\/?p=224123"},"modified":"2024-05-23T19:57:01","modified_gmt":"2024-05-23T17:57:01","slug":"la-alft-celebra-la-seua-segona-tirada-de-la-lliga-de-field-target-2024-en-el-camp-de-tir-els-coets-de-bunyol","status":"publish","type":"post","link":"https:\/\/www.tucomarca.com\/wordpress\/segunda\/ca\/la-alft-celebra-la-seua-segona-tirada-de-la-lliga-de-field-target-2024-en-el-camp-de-tir-els-coets-de-bunyol\/","title":{"rendered":"La ALFT celebra la seua segona Tirada de la Lliga de Field Target 2024, en el camp de tir \u201cEls Coets\u201d de Bunyol"},"content":{"rendered":"\n<p>Aquest passat diumenge 19 de maig l&#8217;Associaci\u00f3 Llevantina de Field Target, va celebrar la seua segona Tirada de la Lliga de Field Target de l&#8217;any actual, en el camp de tir \u201cEls Coets\u201d de Bunyol.<br>La ALFT va muntar aquest diumenge, una de les possiblement millor tirades de Field Target dels \u00faltims anys. Aquesta prova va constar de 10 carrers amb 2 rates de Daina o Novocker, que s\u00f3n 20 rates, a 2 voltes al camp, la qual cosa llan\u00e7a un total de 40 rates\/blancs.<br>Recordar que la modalitat de Field Target \u00e9s una simulaci\u00f3 d&#8217;escenes de ca\u00e7a amb siluetes met\u00e0l\u00b7liques i figures de diferents animals, rates, senglars, esquirols, aus, conills, etc\u2026 aquestes siluetes tenen un forat amb un contrap\u00e9s que si el tirador aconsegueix encertar el seu tir pel forat, la figura cau, i anotant perqu\u00e8 un punt, despr\u00e9s mitjan\u00e7ant un cordill es torna a rearmar per al seg\u00fcent tirador, els tiradors van en parelles, i per torns tiren o fan de jutges anotant els punts que aconsegueix el company i viceversa.<\/p>\n\n\n\n<p>La configuraci\u00f3 dels diferents carrers va ser molt variada, amb posicions elevades, posicions for\u00e7ades (dempeus) i repartida per tota la zona pr\u00f2xima a la casa del camp de tir, amb diferents dist\u00e0ncies de tir a les siluetes met\u00e0l\u00b7liques o rates com comunament cridem als blancs, sent les dist\u00e0ncies m\u00ednim 9 metres i m\u00e0xim 50 metres. Tamb\u00e9 l&#8217;\u00fas de reductors de la kill zone o zona d&#8217;impacte reduint la mateixa de 40mm m\u00e0xim a 32, 25 i 15 mm m\u00ednim.<br>En aquesta ocasi\u00f3 es van citar 14 tiradors, 9 en categoria PCP i 5 en categoria Pist\u00f3, gaudint d&#8217;un temps agradable i assolellat, amb escassa pres\u00e8ncia del vent de Bunyol, la qual cosa va permetre no haver a penes de corregir la deriva del tir, mitjan\u00e7ant l&#8217;\u00fas dels mildots o miliradians del visor de grans augments amb paralaje, que serveix per al calcule visual de les diferents dist\u00e0ncies dels blancs i poder apuntar sense error.<\/p>\n\n\n\n<figure class=\"wp-block-gallery has-nested-images columns-default is-cropped wp-block-gallery-1 is-layout-flex wp-block-gallery-is-layout-flex\">\n<figure class=\"wp-block-image size-large\"><img loading=\"lazy\" decoding=\"async\" width=\"691\" height=\"640\" data-id=\"224117\" src=\"https:\/\/www.tucomarca.com\/wordpress\/segunda\/wp-content\/uploads\/2024\/05\/ALFT03-1.jpeg\" alt=\"\" class=\"wp-image-224117\" srcset=\"https:\/\/www.tucomarca.com\/wordpress\/segunda\/wp-content\/uploads\/2024\/05\/ALFT03-1.jpeg 691w, https:\/\/www.tucomarca.com\/wordpress\/segunda\/wp-content\/uploads\/2024\/05\/ALFT03-1-300x278.jpeg 300w\" sizes=\"auto, (max-width: 691px) 100vw, 691px\" \/><\/figure>\n\n\n\n<figure class=\"wp-block-image size-large\"><img loading=\"lazy\" decoding=\"async\" width=\"691\" height=\"730\" data-id=\"224119\" src=\"https:\/\/www.tucomarca.com\/wordpress\/segunda\/wp-content\/uploads\/2024\/05\/ALFTo4-1.jpeg\" alt=\"\" class=\"wp-image-224119\" srcset=\"https:\/\/www.tucomarca.com\/wordpress\/segunda\/wp-content\/uploads\/2024\/05\/ALFTo4-1.jpeg 691w, https:\/\/www.tucomarca.com\/wordpress\/segunda\/wp-content\/uploads\/2024\/05\/ALFTo4-1-284x300.jpeg 284w\" sizes=\"auto, (max-width: 691px) 100vw, 691px\" \/><\/figure>\n<\/figure>\n\n\n\n<p>El resultat d&#8217;aquesta \u00faltima tirada de F.T. de la lliga d&#8217;aquest any 2024, va ser el seg\u00fcent:<br>PCP:<\/p>\n\n\n\n<ul class=\"wp-block-list\">\n<li>1) Pep 37 de 40 possibles<\/li>\n\n\n\n<li>2) Rauldelam 34<\/li>\n\n\n\n<li>3) Pepe Castello 33<\/li>\n\n\n\n<li>4) Vicente Ricarte i Juan Andreu empate 32<\/li>\n\n\n\n<li>5) Tito 28,<\/li>\n\n\n\n<li>6) JBS 27<\/li>\n\n\n\n<li>7) Miguel Sanchis 26<\/li>\n\n\n\n<li>8) Bandoler 20 punts<\/li>\n<\/ul>\n\n\n\n<p>Pist\u00f3:<\/p>\n\n\n\n<ul class=\"wp-block-list\">\n<li>1) Panarra7 31 punts\u2028<\/li>\n\n\n\n<li>2) Kike 24\u2028<\/li>\n\n\n\n<li>3) Remy 22 punts<\/li>\n\n\n\n<li>\u20284) Hippi 18 punts\u2028<\/li>\n\n\n\n<li>5) Esclarissat 17 punts<\/li>\n<\/ul>\n\n\n\n<p>Despr\u00e9s d&#8217;acabar la tirada de Field Target i recollir el camp de tir, vam procedir a la nostra tirada de carabines cl\u00e0ssiques de molla amb mires obertes, calibre 4.5mm, 10 tirs a dianes tipus daina de 14\u00d714 cms, dempeus i a la dist\u00e0ncia de 10 metres, sent la puntuaci\u00f3 m\u00e0xima possible de 100 punts.<\/p>\n\n\n\n<p>Aquesta modalitat exigeix control de la posici\u00f3, control de la respiraci\u00f3 i molt pols per a evitar moure&#8217;s durant el tret per a no errar el tir, \u00e9s el segon any que tenim implantada aquesta modalitat i pel que sembla amb bastant \u00e8xit entre els tiradors.<br>\u2028La classificaci\u00f3 de la tirada de carabines cl\u00e0ssiques 10 metres va ser la seg\u00fcent:<\/p>\n\n\n\n<ul class=\"wp-block-list\">\n<li>1) Raudelam 90 punts<\/li>\n\n\n\n<li>\u20282) Esclarissat 89 punts\u2028<\/li>\n\n\n\n<li>3) Vicente Ricarte 86 punts\u2028<\/li>\n\n\n\n<li>4) Remy 80 punts\u2028<\/li>\n\n\n\n<li>5) Tito 78 punts\u2028<\/li>\n\n\n\n<li>6) Juan Andreu i JBS empat 73 punts<\/li>\n\n\n\n<li>\u20287) Pep 70 punts\u2028<\/li>\n<\/ul>\n\n\n\n<p>Vicente Ricarte, president de la ALFT, explica que \u201ctots els dimarts Tito, jo i alguns companys m\u00e9s de l&#8217;associaci\u00f3, a part de que podem gaudir del camp i d&#8217;anar fent, procedim a tasques de manteniment, cuidem l&#8217;entorn netegem la casa perqu\u00e8 la casa est\u00e0 relativament sencera, per\u00f2 deteriorada, ja que s\u00f3n molts anys sense \u00fas, per\u00f2 ac\u00ed est\u00e0, la tenim que no t\u00e9 perill de caiguda ni res, sense goteres i aprofitant al m\u00e0xim tots els recursos de les dues hect\u00e0rees que t\u00e9 el camp de tir Els Coets de Bunyol\u201d.<\/p>\n\n\n\n<p>\u201cEls clubs de Xeraco i els de Bunyol compartim el calendari perqu\u00e8 no coincidisquen les nostres tirades. Xeraco tenen un gran avantatge que \u00e9s que algun diumenge els permeten fer tirades dins del pavell\u00f3 municipal, clar, tirar dins d&#8217;un pavell\u00f3 significa no tindre cap moviment de l&#8217;aire i poder tirar amb absoluta precisi\u00f3, esperem que el nostre equip puga gaudir algun dia del mateix a Bunyol, ja que \u00e9s segur, es pot posar el p\u00fablic darrere i els laterals han de tindre en compte que el comprimit no \u00e9s molt potent, llavors en la modalitat de tir nostre que es produ\u00efsca un rebot \u00e9s pr\u00e0cticament impossible, perqu\u00e8 les dianes ca\u00e7a balines on van es queda ca\u00e7at dins i no rebota, no pot rebotar mai\u201d, finalitza Ricarte.<\/p>\n\n\n\n<figure class=\"wp-block-image size-large\"><img loading=\"lazy\" decoding=\"async\" width=\"1024\" height=\"461\" src=\"http:\/\/www.tucomarca.com\/wordpress\/segunda\/wp-content\/uploads\/2024\/05\/ALFT01-1024x461.jpeg\" alt=\"\" class=\"wp-image-224113\" srcset=\"https:\/\/www.tucomarca.com\/wordpress\/segunda\/wp-content\/uploads\/2024\/05\/ALFT01-1024x461.jpeg 1024w, https:\/\/www.tucomarca.com\/wordpress\/segunda\/wp-content\/uploads\/2024\/05\/ALFT01-300x135.jpeg 300w, https:\/\/www.tucomarca.com\/wordpress\/segunda\/wp-content\/uploads\/2024\/05\/ALFT01-768x346.jpeg 768w, https:\/\/www.tucomarca.com\/wordpress\/segunda\/wp-content\/uploads\/2024\/05\/ALFT01-1536x691.jpeg 1536w, https:\/\/www.tucomarca.com\/wordpress\/segunda\/wp-content\/uploads\/2024\/05\/ALFT01.jpeg 2000w\" sizes=\"auto, (max-width: 1024px) 100vw, 1024px\" \/><\/figure>\n\n\n\n<p>La pr\u00f2xima tirada d&#8217;aquest any 2024 ser\u00e0 la 1 Tirada de PRS, del diumenge 9 de juny en el camp de tir, \u201cEls coets\u201d de Bunyol.<\/p>\n","protected":false},"excerpt":{"rendered":"<div class=\"mh-excerpt\">Aquest passat diumenge 19 de maig l&#8217;Associaci\u00f3 Llevantina de Field Target, va celebrar la seua segona Tirada de la Lliga de Field Target de l&#8217;any actual, en el camp de tir \u201cEls Coets\u201d de Bunyol.La <a class=\"mh-excerpt-more\" href=\"https:\/\/www.tucomarca.com\/wordpress\/segunda\/ca\/la-alft-celebra-la-seua-segona-tirada-de-la-lliga-de-field-target-2024-en-el-camp-de-tir-els-coets-de-bunyol\/\" title=\"La ALFT celebra la seua segona Tirada de la Lliga de Field Target 2024, en el camp de tir \u201cEls Coets\u201d de Bunyol\">[+] <\/a><\/div>\n","protected":false},"author":12,"featured_media":224116,"comment_status":"open","ping_status":"open","sticky":false,"template":"","format":"standard","meta":{"footnotes":""},"categories":[10911,11003,10894,10912,11009,10896],"tags":[20740,19294,10913,10914],"class_list":{"0":"post-224123","1":"post","2":"type-post","3":"status-publish","4":"format-standard","5":"has-post-thumbnail","7":"category-bunol-ca","8":"category-sports","9":"category-la-comarca-ca","10":"category-la-hoya-ca","11":"category-polideportivo-ca","12":"category-seccion-ca","13":"tag-alft-ca","14":"tag-asociacion-levantina-de-field-target-ca","15":"tag-bunol-ca","16":"tag-la-hoya-de-bunol-chiva-ca"},"_links":{"self":[{"href":"https:\/\/www.tucomarca.com\/wordpress\/segunda\/ca\/wp-json\/wp\/v2\/posts\/224123","targetHints":{"allow":["GET"]}}],"collection":[{"href":"https:\/\/www.tucomarca.com\/wordpress\/segunda\/ca\/wp-json\/wp\/v2\/posts"}],"about":[{"href":"https:\/\/www.tucomarca.com\/wordpress\/segunda\/ca\/wp-json\/wp\/v2\/types\/post"}],"author":[{"embeddable":true,"href":"https:\/\/www.tucomarca.com\/wordpress\/segunda\/ca\/wp-json\/wp\/v2\/users\/12"}],"replies":[{"embeddable":true,"href":"https:\/\/www.tucomarca.com\/wordpress\/segunda\/ca\/wp-json\/wp\/v2\/comments?post=224123"}],"version-history":[{"count":0,"href":"https:\/\/www.tucomarca.com\/wordpress\/segunda\/ca\/wp-json\/wp\/v2\/posts\/224123\/revisions"}],"wp:featuredmedia":[{"embeddable":true,"href":"https:\/\/www.tucomarca.com\/wordpress\/segunda\/ca\/wp-json\/wp\/v2\/media\/224116"}],"wp:attachment":[{"href":"https:\/\/www.tucomarca.com\/wordpress\/segunda\/ca\/wp-json\/wp\/v2\/media?parent=224123"}],"wp:term":[{"taxonomy":"category","embeddable":true,"href":"https:\/\/www.tucomarca.com\/wordpress\/segunda\/ca\/wp-json\/wp\/v2\/categories?post=224123"},{"taxonomy":"post_tag","embeddable":true,"href":"https:\/\/www.tucomarca.com\/wordpress\/segunda\/ca\/wp-json\/wp\/v2\/tags?post=224123"}],"curies":[{"name":"wp","href":"https:\/\/api.w.org\/{rel}","templated":true}]}}