{"id":224172,"date":"2024-05-24T13:15:00","date_gmt":"2024-05-24T11:15:00","guid":{"rendered":"https:\/\/www.tucomarca.com\/wordpress\/segunda\/?p=224172"},"modified":"2024-05-24T19:51:55","modified_gmt":"2024-05-24T17:51:55","slug":"fotogaleria-extraordinari-concert-de-la-banda-simfonica-del-conservatori-sant-rafael-de-bunyol-i-la-banda-de-la-universitat-de-texas-en-el-teatre-montecarlo","status":"publish","type":"post","link":"https:\/\/www.tucomarca.com\/wordpress\/segunda\/ca\/fotogaleria-extraordinari-concert-de-la-banda-simfonica-del-conservatori-sant-rafael-de-bunyol-i-la-banda-de-la-universitat-de-texas-en-el-teatre-montecarlo\/","title":{"rendered":"Fotogaler\u00eda: extraordinari concert de la Banda Simf\u00f2nica del Conservatori Sant Rafael de Bunyol i la Banda de la Universitat de Texas en el Teatre Montecarlo"},"content":{"rendered":"\n<p>El Teatre Montecarlo de Bunyol va ser l&#8217;escenari d&#8217;un extraordinari concert el passat cap de setmana, protagonitzat per la Banda Simf\u00f2nica del Conservatori Sant Rafael de Bunyol, dirigida pel seu titular, Eduardo Carrascosa i la Banda de la Universitat de Texas. Aquest esdeveniment musical no sols va oferir una nit d&#8217;impressionant talent i col\u00b7laboraci\u00f3 internacional, sin\u00f3 que tamb\u00e9 va celebrar l&#8217;estrena absoluta de l&#8217;obra &#8220;Introduction and Capriccio&#8221; del compositor Israel Alonso, qui va honrar a l&#8217;esdeveniment amb la seua pres\u00e8ncia. L&#8217;obra va rebre una ovaci\u00f3 del p\u00fablic, ressaltant el talent i la innovaci\u00f3 d&#8217;Alonso.<\/p>\n\n\n\n<p>L&#8217;esdeveniment va tindre un significat especial en celebrar la graduaci\u00f3 dels alumnes de sis\u00e9 curs del Conservatori Sant Rafael. Aquests joves m\u00fasics, que han completat una etapa crucial en la seua formaci\u00f3, van rebre un reconeixement especial durant la cerim\u00f2nia. &#8220;Felicitem l&#8217;alumnat que finalizasus estudis en el centre pel seu assoliment i els desitgem \u00e8xit en els seus futurs projectes musicals&#8221;, va comentar un portaveu del Conservatori Sant Rafael.<\/p>\n\n\n\n<p>El concert tamb\u00e9 va comptar amb la destacada actuaci\u00f3 del solista de trompeta Antonio Cambres, la interpretaci\u00f3 de la qual va ser rebuda amb gran entusiasme i aplaudiments per part dels assistents. La col\u00b7laboraci\u00f3 entre la Banda Simf\u00f2nica del Conservatori Sant Rafael de Bunyol i la Banda de la Universitat de Texas va demostrar la universalitat de la m\u00fasica i la capacitat d&#8217;unir cultures a trav\u00e9s de la interpretaci\u00f3 musical.<br>A m\u00e9s de l&#8217;\u00e8xit musical, la pres\u00e8ncia del compositor Israel Alonso i del solista Antonio Cambres va afegir un toc especial a la nit, fent del concert una experi\u00e8ncia inoblidable per a tots els presents.<\/p>\n\n\n\n<p>El concert en el Teatre Montecarlo va ser una celebraci\u00f3 de talent, col\u00b7laboraci\u00f3 i assoliment, consolidant al Conservatori de Bunyol com un centre destacat per a l&#8217;estudi de la m\u00fasica.<\/p>\n\n\n\n<figure class=\"wp-block-gallery has-nested-images columns-1 is-cropped wp-block-gallery-1 is-layout-flex wp-block-gallery-is-layout-flex\">\n<figure class=\"wp-block-image size-large\"><img loading=\"lazy\" decoding=\"async\" width=\"886\" height=\"624\" data-id=\"224163\" src=\"https:\/\/www.tucomarca.com\/wordpress\/segunda\/wp-content\/uploads\/2024\/05\/ConservatorioFinCurso03.jpg\" alt=\"\" class=\"wp-image-224163\" srcset=\"https:\/\/www.tucomarca.com\/wordpress\/segunda\/wp-content\/uploads\/2024\/05\/ConservatorioFinCurso03.jpg 886w, https:\/\/www.tucomarca.com\/wordpress\/segunda\/wp-content\/uploads\/2024\/05\/ConservatorioFinCurso03-300x211.jpg 300w, https:\/\/www.tucomarca.com\/wordpress\/segunda\/wp-content\/uploads\/2024\/05\/ConservatorioFinCurso03-768x541.jpg 768w\" sizes=\"auto, (max-width: 886px) 100vw, 886px\" \/><\/figure>\n\n\n\n<figure class=\"wp-block-image size-large\"><img loading=\"lazy\" decoding=\"async\" width=\"886\" height=\"665\" data-id=\"224165\" src=\"https:\/\/www.tucomarca.com\/wordpress\/segunda\/wp-content\/uploads\/2024\/05\/ConservatorioFinCurso04.jpg\" alt=\"\" class=\"wp-image-224165\" srcset=\"https:\/\/www.tucomarca.com\/wordpress\/segunda\/wp-content\/uploads\/2024\/05\/ConservatorioFinCurso04.jpg 886w, https:\/\/www.tucomarca.com\/wordpress\/segunda\/wp-content\/uploads\/2024\/05\/ConservatorioFinCurso04-300x225.jpg 300w, https:\/\/www.tucomarca.com\/wordpress\/segunda\/wp-content\/uploads\/2024\/05\/ConservatorioFinCurso04-768x576.jpg 768w, https:\/\/www.tucomarca.com\/wordpress\/segunda\/wp-content\/uploads\/2024\/05\/ConservatorioFinCurso04-678x509.jpg 678w, https:\/\/www.tucomarca.com\/wordpress\/segunda\/wp-content\/uploads\/2024\/05\/ConservatorioFinCurso04-326x245.jpg 326w, https:\/\/www.tucomarca.com\/wordpress\/segunda\/wp-content\/uploads\/2024\/05\/ConservatorioFinCurso04-80x60.jpg 80w\" sizes=\"auto, (max-width: 886px) 100vw, 886px\" \/><\/figure>\n\n\n\n<figure class=\"wp-block-image size-large\"><img loading=\"lazy\" decoding=\"async\" width=\"886\" height=\"597\" data-id=\"224167\" src=\"https:\/\/www.tucomarca.com\/wordpress\/segunda\/wp-content\/uploads\/2024\/05\/ConservatorioFinCurso05.jpg\" alt=\"\" class=\"wp-image-224167\" srcset=\"https:\/\/www.tucomarca.com\/wordpress\/segunda\/wp-content\/uploads\/2024\/05\/ConservatorioFinCurso05.jpg 886w, https:\/\/www.tucomarca.com\/wordpress\/segunda\/wp-content\/uploads\/2024\/05\/ConservatorioFinCurso05-300x202.jpg 300w, https:\/\/www.tucomarca.com\/wordpress\/segunda\/wp-content\/uploads\/2024\/05\/ConservatorioFinCurso05-768x517.jpg 768w\" sizes=\"auto, (max-width: 886px) 100vw, 886px\" \/><\/figure>\n\n\n\n<figure class=\"wp-block-image size-large\"><img loading=\"lazy\" decoding=\"async\" width=\"886\" height=\"665\" data-id=\"224161\" src=\"https:\/\/www.tucomarca.com\/wordpress\/segunda\/wp-content\/uploads\/2024\/05\/ConservatorioFinCurso02.jpg\" alt=\"\" class=\"wp-image-224161\" srcset=\"https:\/\/www.tucomarca.com\/wordpress\/segunda\/wp-content\/uploads\/2024\/05\/ConservatorioFinCurso02.jpg 886w, https:\/\/www.tucomarca.com\/wordpress\/segunda\/wp-content\/uploads\/2024\/05\/ConservatorioFinCurso02-300x225.jpg 300w, https:\/\/www.tucomarca.com\/wordpress\/segunda\/wp-content\/uploads\/2024\/05\/ConservatorioFinCurso02-768x576.jpg 768w, https:\/\/www.tucomarca.com\/wordpress\/segunda\/wp-content\/uploads\/2024\/05\/ConservatorioFinCurso02-678x509.jpg 678w, https:\/\/www.tucomarca.com\/wordpress\/segunda\/wp-content\/uploads\/2024\/05\/ConservatorioFinCurso02-326x245.jpg 326w, https:\/\/www.tucomarca.com\/wordpress\/segunda\/wp-content\/uploads\/2024\/05\/ConservatorioFinCurso02-80x60.jpg 80w\" sizes=\"auto, (max-width: 886px) 100vw, 886px\" \/><\/figure>\n<\/figure>\n","protected":false},"excerpt":{"rendered":"<div class=\"mh-excerpt\">El Teatre Montecarlo de Bunyol va ser l&#8217;escenari d&#8217;un extraordinari concert el passat cap de setmana, protagonitzat per la Banda Simf\u00f2nica del Conservatori Sant Rafael de Bunyol, dirigida pel seu titular, Eduardo Carrascosa i la <a class=\"mh-excerpt-more\" href=\"https:\/\/www.tucomarca.com\/wordpress\/segunda\/ca\/fotogaleria-extraordinari-concert-de-la-banda-simfonica-del-conservatori-sant-rafael-de-bunyol-i-la-banda-de-la-universitat-de-texas-en-el-teatre-montecarlo\/\" title=\"Fotogaler\u00eda: extraordinari concert de la Banda Simf\u00f2nica del Conservatori Sant Rafael de Bunyol i la Banda de la Universitat de Texas en el Teatre Montecarlo\">[+] <\/a><\/div>\n","protected":false},"author":12,"featured_media":224160,"comment_status":"open","ping_status":"open","sticky":false,"template":"","format":"gallery","meta":{"footnotes":""},"categories":[10911,11005,10894,10912,11004,11007,10896],"tags":[10913,20596,10914],"class_list":{"0":"post-224172","1":"post","2":"type-post","3":"status-publish","4":"format-gallery","5":"has-post-thumbnail","7":"category-bunol-ca","8":"category-canal-musica","9":"category-la-comarca-ca","10":"category-la-hoya-ca","11":"category-la-semana-en-imagenes-ca","12":"category-ocio-y-cultura-ca","13":"category-seccion-ca","14":"tag-bunol-ca","15":"tag-conservatorio-san-rafael-de-bunol-ca","16":"tag-la-hoya-de-bunol-chiva-ca","17":"post_format-post-format-gallery"},"_links":{"self":[{"href":"https:\/\/www.tucomarca.com\/wordpress\/segunda\/ca\/wp-json\/wp\/v2\/posts\/224172","targetHints":{"allow":["GET"]}}],"collection":[{"href":"https:\/\/www.tucomarca.com\/wordpress\/segunda\/ca\/wp-json\/wp\/v2\/posts"}],"about":[{"href":"https:\/\/www.tucomarca.com\/wordpress\/segunda\/ca\/wp-json\/wp\/v2\/types\/post"}],"author":[{"embeddable":true,"href":"https:\/\/www.tucomarca.com\/wordpress\/segunda\/ca\/wp-json\/wp\/v2\/users\/12"}],"replies":[{"embeddable":true,"href":"https:\/\/www.tucomarca.com\/wordpress\/segunda\/ca\/wp-json\/wp\/v2\/comments?post=224172"}],"version-history":[{"count":0,"href":"https:\/\/www.tucomarca.com\/wordpress\/segunda\/ca\/wp-json\/wp\/v2\/posts\/224172\/revisions"}],"wp:featuredmedia":[{"embeddable":true,"href":"https:\/\/www.tucomarca.com\/wordpress\/segunda\/ca\/wp-json\/wp\/v2\/media\/224160"}],"wp:attachment":[{"href":"https:\/\/www.tucomarca.com\/wordpress\/segunda\/ca\/wp-json\/wp\/v2\/media?parent=224172"}],"wp:term":[{"taxonomy":"category","embeddable":true,"href":"https:\/\/www.tucomarca.com\/wordpress\/segunda\/ca\/wp-json\/wp\/v2\/categories?post=224172"},{"taxonomy":"post_tag","embeddable":true,"href":"https:\/\/www.tucomarca.com\/wordpress\/segunda\/ca\/wp-json\/wp\/v2\/tags?post=224172"}],"curies":[{"name":"wp","href":"https:\/\/api.w.org\/{rel}","templated":true}]}}