{"id":224205,"date":"2024-05-24T09:00:00","date_gmt":"2024-05-24T07:00:00","guid":{"rendered":"https:\/\/www.tucomarca.com\/wordpress\/segunda\/?p=224205"},"modified":"2024-05-24T19:29:54","modified_gmt":"2024-05-24T17:29:54","slug":"la-provincia-de-valencia-es-la-primera-despanya-en-nombre-de-cossos-policials-incorporats-al-sistema-viogen","status":"publish","type":"post","link":"https:\/\/www.tucomarca.com\/wordpress\/segunda\/ca\/la-provincia-de-valencia-es-la-primera-despanya-en-nombre-de-cossos-policials-incorporats-al-sistema-viogen\/","title":{"rendered":"La prov\u00edncia de Val\u00e8ncia \u00e9s la primera d&#8217;Espanya en nombre de cossos policials incorporats al Sistema VioG\u00e9n"},"content":{"rendered":"\n<p><strong>Todos los municipios de m\u00e1s de 20.000 habitantes de la C. Valenciana est\u00e1n operando en el Sistema VioG\u00e9n<\/strong>.<\/p>\n\n\n\n<p><strong>En la C. Valenciana se contabilizaban 13.777 casos activos en VioG\u00e9n, m\u00e1s de 6.000 en la provincia de Valencia<\/strong>.<\/p>\n\n\n\n<p><strong>La delegada del Gobierno destaca el papel desarrollado por las FCS en la protecci\u00f3n de las v\u00edctimas de violencia de g\u00e9nero<\/strong>.<\/p>\n\n\n\n<p><strong>Hoy se ha celebrado una jornada t\u00e9cnica de formaci\u00f3n en materia de violencia machista para<\/strong> <strong>130 agentes de la Guardia Civil y polic\u00edas locales de municipios adheridos al Sistema VioG\u00e9n<\/strong>.<\/p>\n\n\n\n<p>La prov\u00edncia de Val\u00e8ncia \u00e9s la primera d&#8217;Espanya en nombre de cossos de policia local incorporats al Sistema VioG\u00e9n. En total s\u00f3n 59 municipis dels quals 43 estan situats en la demarcaci\u00f3 de la Gu\u00e0rdia Civil. S\u00f3n dades oferides per la delegada del Govern en la Comunitat Valenciana, Pilar Bernab\u00e9, en les jornades de formaci\u00f3 especialitzada dels agents que atenen v\u00edctimes de viol\u00e8ncia de g\u00e8nere. En aquest acte, Bernab\u00e9 ha destacat el paper desenvolupat per les Forces i Cossos de Seguretat per a la protecci\u00f3 de les dones i \u201cles pol\u00edtiques implementades per a ajudar-les i posar c\u00e9rcol als maltractadors\u201d. No obstant aix\u00f2, ha afegit, \u201cno es pot perdre un segon en felicitacions mentre una sola dona se senta en perill\u201d.<\/p>\n\n\n\n<p>El Sistema VioG\u00e9n aglutina a les diferents institucions p\u00fabliques que tenen compet\u00e8ncies en mat\u00e8ria de viol\u00e8ncia de g\u00e8nere i pret\u00e9n integrar tota la informaci\u00f3 d&#8217;inter\u00e9s. Aquest sistema permet proporcionar a la v\u00edctima un pla de seguretat personalitzat amb mesures d&#8217;autoprotecci\u00f3 i efectua una labor preventiva amb notificacions automatitzades quan es detecta alguna incid\u00e8ncia o esdeveniment que puga posar en perill la integritat de la v\u00edctima.<br>A 30 d&#8217;abril de 2024, en la C. Valenciana es comptabilitzaven 13.777 casos actius en aquest Sistema, el 15,9% del total nacional, 6.095 d&#8217;ells a la prov\u00edncia de Val\u00e8ncia.<\/p>\n\n\n\n<p><strong>Jornada de formaci\u00f3\u00a0<\/strong><\/p>\n\n\n\n<p>La Unitat de coordinaci\u00f3 contra la viol\u00e8ncia sobre la dona de la Delegaci\u00f3 del Govern en la C. Valenciana i la Comand\u00e0ncia de la Gu\u00e0rdia Civil han organitzat de manera conjunta, un any m\u00e9s, l&#8217;acci\u00f3 formativa en mat\u00e8ria de viol\u00e8ncia de g\u00e8nere. Una formaci\u00f3 destinada a agents d&#8217;aquest cos i efectius dels cossos de policia local de la prov\u00edncia adherits al Sistema de seguiment integral dels casos de viol\u00e8ncia de g\u00e8nere (Sistema VioG\u00e9n), a m\u00e9s d&#8217;altres policies de municipis amb voluntat d&#8217;adherir-se. A aquesta jornada t\u00e8cnica, a la qual han acudit al costat de la delegada del Govern, el general cap de la Sisena Zona, Arturo Prieto, i el subdelegat del Govern a Val\u00e8ncia, Jos\u00e9 Rodr\u00edguez Jurado, han assistit entorn de 130 gu\u00e0rdies civils.<\/p>\n\n\n\n<p>L&#8217;objectiu de la jornada \u00e9s el de la formaci\u00f3 especialitzada i permanent dels i les agents que atenen les v\u00edctimes de viol\u00e8ncia de g\u00e8nere, aix\u00ed com els que, pel seu dest\u00ed, tinguen o puguen tindre contacte directe amb les v\u00edctimes d&#8217;aquests delictes. Entre altres aspectes, s&#8217;han revisat les noves instruccions de la Secretaria d&#8217;Estat de Seguretat del Ministeri de l&#8217;Interior en mat\u00e8ria d&#8217;inactivaci\u00f3 supervisada de casos, i emfatitzat en aspectes com les bones pr\u00e0ctiques en la recepci\u00f3 de les den\u00fancies, o les novetats introdu\u00efdes recentment en el Servei ATENPRO.<\/p>\n\n\n\n<p>Les pon\u00e8ncies que s&#8217;han impartit han sigut a c\u00e0rrec d&#8217;integrants de la Gu\u00e0rdia Civil destinats en la UOPJ de la Comand\u00e0ncia de Val\u00e8ncia i en els Equips VioG\u00e9n de les Companyies de Sueca i Sagunt, aix\u00ed com de la Unitat de coordinaci\u00f3 contra la viol\u00e8ncia sobre la dona de la Delegaci\u00f3 del Govern. A m\u00e9s, en aquesta edici\u00f3 s&#8217;ha comptat amb la pres\u00e8ncia del magistrat jutge titular del Jutjat de Viol\u00e8ncia sobre la Dona n\u00ba1 de Sueca, Jos\u00e9 Luis Mendoza, qui ha dedicat la seua intervenci\u00f3 a les dilig\u00e8ncies judicials en mat\u00e8ria de viol\u00e8ncia de g\u00e8nere, des d&#8217;un punt de vista eminentment pr\u00e0ctic.<\/p>\n","protected":false},"excerpt":{"rendered":"<div class=\"mh-excerpt\">Todos los municipios de m\u00e1s de 20.000 habitantes de la C. Valenciana est\u00e1n operando en el Sistema VioG\u00e9n. En la C. Valenciana se contabilizaban 13.777 casos activos en VioG\u00e9n, m\u00e1s de 6.000 en la provincia <a class=\"mh-excerpt-more\" href=\"https:\/\/www.tucomarca.com\/wordpress\/segunda\/ca\/la-provincia-de-valencia-es-la-primera-despanya-en-nombre-de-cossos-policials-incorporats-al-sistema-viogen\/\" title=\"La prov\u00edncia de Val\u00e8ncia \u00e9s la primera d&#8217;Espanya en nombre de cossos policials incorporats al Sistema VioG\u00e9n\">[+] <\/a><\/div>\n","protected":false},"author":13,"featured_media":224203,"comment_status":"open","ping_status":"open","sticky":false,"template":"","format":"standard","meta":{"footnotes":""},"categories":[10898,10948,10894,10904,10896,10897],"tags":[11118],"class_list":{"0":"post-224205","1":"post","2":"type-post","3":"status-publish","4":"format-standard","5":"has-post-thumbnail","7":"category-ventana-ca","8":"category-infraestructuras-ca","9":"category-la-comarca-ca","10":"category-sin-categorizar-ca","11":"category-seccion-ca","12":"category-sucesos-la-comarca-ca","13":"tag-guardia-civil-ca"},"_links":{"self":[{"href":"https:\/\/www.tucomarca.com\/wordpress\/segunda\/ca\/wp-json\/wp\/v2\/posts\/224205","targetHints":{"allow":["GET"]}}],"collection":[{"href":"https:\/\/www.tucomarca.com\/wordpress\/segunda\/ca\/wp-json\/wp\/v2\/posts"}],"about":[{"href":"https:\/\/www.tucomarca.com\/wordpress\/segunda\/ca\/wp-json\/wp\/v2\/types\/post"}],"author":[{"embeddable":true,"href":"https:\/\/www.tucomarca.com\/wordpress\/segunda\/ca\/wp-json\/wp\/v2\/users\/13"}],"replies":[{"embeddable":true,"href":"https:\/\/www.tucomarca.com\/wordpress\/segunda\/ca\/wp-json\/wp\/v2\/comments?post=224205"}],"version-history":[{"count":0,"href":"https:\/\/www.tucomarca.com\/wordpress\/segunda\/ca\/wp-json\/wp\/v2\/posts\/224205\/revisions"}],"wp:featuredmedia":[{"embeddable":true,"href":"https:\/\/www.tucomarca.com\/wordpress\/segunda\/ca\/wp-json\/wp\/v2\/media\/224203"}],"wp:attachment":[{"href":"https:\/\/www.tucomarca.com\/wordpress\/segunda\/ca\/wp-json\/wp\/v2\/media?parent=224205"}],"wp:term":[{"taxonomy":"category","embeddable":true,"href":"https:\/\/www.tucomarca.com\/wordpress\/segunda\/ca\/wp-json\/wp\/v2\/categories?post=224205"},{"taxonomy":"post_tag","embeddable":true,"href":"https:\/\/www.tucomarca.com\/wordpress\/segunda\/ca\/wp-json\/wp\/v2\/tags?post=224205"}],"curies":[{"name":"wp","href":"https:\/\/api.w.org\/{rel}","templated":true}]}}