{"id":224278,"date":"2024-05-24T10:30:00","date_gmt":"2024-05-24T08:30:00","guid":{"rendered":"https:\/\/www.tucomarca.com\/wordpress\/segunda\/?p=224278"},"modified":"2024-05-24T20:12:22","modified_gmt":"2024-05-24T18:12:22","slug":"la-diputacio-de-valencia-ampliara-la-base-del-consorci-de-bombers-a-betera","status":"publish","type":"post","link":"https:\/\/www.tucomarca.com\/wordpress\/segunda\/ca\/la-diputacio-de-valencia-ampliara-la-base-del-consorci-de-bombers-a-betera\/","title":{"rendered":"La Diputaci\u00f3 de Val\u00e8ncia ampliar\u00e0 la base del Consorci de Bombers a B\u00e9tera"},"content":{"rendered":"\n<h3 class=\"wp-block-heading\">La nova infraestructura, la qual substituir\u00e0 a l\u2019actual, comptar\u00e0 amb una superf\u00edcie de m\u00e9s de 6.000 m\u00b2 i se situar\u00e0 en una parcel\u00b7la de l&#8217;Hospital Provincial de Salut Mental.<\/h3>\n\n\n\n<h3 class=\"wp-block-heading\">Ser\u00e0 la base principal de la zona i permetr\u00e0 tamb\u00e9 l&#8217;organitzaci\u00f3 d&#8217;activitats de formaci\u00f3 te\u00f2rica i pr\u00e0ctica per a bombers i brigadistes forestals del Consorci.<\/h3>\n\n\n\n<p>El Consorci Provincial de Bombers ha posat en marxa el projecte per a ampliar i traslladar la seua base de B\u00e9tera a una parcel\u00b7la situada en les instal\u00b7lacions de l&#8217;Hospital Provincial de Salut Mental de la Diputaci\u00f3 de Val\u00e8ncia.<\/p>\n\n\n\n<p>El president del Consorci, Avelino Mascarell, ha explicat que \u201cla base de Brigades Forestals de B\u00e9tera \u00e9s d\u2019inter\u00e9s estrat\u00e8gic segons el pla de reorganitzaci\u00f3 en el qual portem treballant des de fa mesos, convertint-se aix\u00ed en la principal de la de la zona\u201d.<\/p>\n\n\n\n<p>En este sentit, Mascarell indica que \u201cles noves instal\u00b7lacions albergaran com a m\u00ednim diverses autobombes i un personal aproximat de 40 operaris; i disposar\u00e0 a m\u00e9s d&#8217;una superf\u00edcie addicional per a activitats de formaci\u00f3n te\u00f2rica i pr\u00e0ctica\u201d.<\/p>\n\n\n\n<p>\u201cEsta decisi\u00f3 s&#8217;emmarca en el proc\u00e9s de millora de l&#8217;estat i de l&#8217;equipament de les Brigades Forestals, un col\u00b7lectiu que \u00e9s fonamental tant en les labors de prevenci\u00f3 com de suport en l&#8217;extinci\u00f3 d&#8217;incendis forestals\u201d, ha concl\u00f2s.<\/p>\n\n\n\n<p>La setmana passada, Avelino Mascarell va visitar les instal\u00b7lacions de l&#8217;Hospital Provincial de Salut Mental junt a l&#8217;alcaldessa de B\u00e9tera, Elia Verdev\u00edo, qui va incidir en \u201cla ideone\u00eftat de la ubicaci\u00f3 de la base, als peus del paratge natural de la Serra Calderona, i els bons accessos d&#8217;esta zona amb l&#8217;AP-7 i la Ronda Nord, ideals per a l&#8217;estrat\u00e8gia de mobilitat del Consorci\u201d. Aix\u00ed mateix, l&#8217;alcaldessa va destacar \u201cla proximitat f\u00edsica amb la Base Jaime I de la Unitat Militar d&#8217;Emerg\u00e8ncies (UME)\u201d.<\/p>\n\n\n\n<p><strong>Edifici principal i zones de pr\u00e0ctiques<\/strong><\/p>\n\n\n\n<p>La nova base de les brigades forestals del Consorci t\u00e9 una superf\u00edcie aproximada de 6.000 m\u00b2, i comptar\u00e0 amb un edifici amb hangar per a vehicles amb capacitat per a quatre autobombes, un magatzem, taquilles i vestuaris, sala de reunions-office i despatx.<\/p>\n\n\n\n<p>Les instal\u00b7lacions inclouran una zona destinada a la realitzaci\u00f3 d&#8217;activitats i pr\u00e0ctiques formatives destinades al Cos de Bombers. En concret, es pret\u00e9n dotar a la mateixa d&#8217;un sector de pr\u00e0ctiques d&#8217;intervencions en zona urbana sense foc mitjan\u00e7ant l&#8217;\u00fas de contenidors met\u00e0l\u00b7lics de transport mar\u00edtim i terrestre per a simular condicions d&#8217;inaccessibilitat que no poden ser simulades en altres infraestructures i un espai de realitzaci\u00f3 de pr\u00e0ctiques de rescat en accidents de tr\u00e0nsit per a l&#8217;extracci\u00f3 de personal atrapat a l&#8217;interior d&#8217;un autom\u00f2bil.<\/p>\n\n\n\n<p>Aix\u00ed mateix, el projecte inclou una zona destinada a les pr\u00e0ctiques d&#8217;aspiraci\u00f3 d&#8217;aigua en bassa i al taponament de fugides emprant aigua amb colorant innocus a trav\u00e9s d&#8217;una cisterna.<\/p>\n\n\n\n<p>S&#8217;ha tramitat la concessi\u00f3 administrativa de la parcel\u00b7la i en estos moments est\u00e0 en fase de redacci\u00f3 el Projecte d&#8217;execuci\u00f3 de les instal\u00b7lacions.<\/p>\n","protected":false},"excerpt":{"rendered":"<div class=\"mh-excerpt\">La nova infraestructura, la qual substituir\u00e0 a l\u2019actual, comptar\u00e0 amb una superf\u00edcie de m\u00e9s de 6.000 m\u00b2 i se situar\u00e0 en una parcel\u00b7la de l&#8217;Hospital Provincial de Salut Mental. Ser\u00e0 la base principal de la <a class=\"mh-excerpt-more\" href=\"https:\/\/www.tucomarca.com\/wordpress\/segunda\/ca\/la-diputacio-de-valencia-ampliara-la-base-del-consorci-de-bombers-a-betera\/\" title=\"La Diputaci\u00f3 de Val\u00e8ncia ampliar\u00e0 la base del Consorci de Bombers a B\u00e9tera\">[+] <\/a><\/div>\n","protected":false},"author":12,"featured_media":224277,"comment_status":"open","ping_status":"open","sticky":false,"template":"","format":"standard","meta":{"footnotes":""},"categories":[10937,10892,10898,10948,10894,10947,10896],"tags":[11202,10899,13613,11246],"class_list":{"0":"post-224278","1":"post","2":"type-post","3":"status-publish","4":"format-standard","5":"has-post-thumbnail","7":"category-betera-ca","8":"category-camp-de-turia-ca","9":"category-ventana-ca","10":"category-infraestructuras-ca","11":"category-la-comarca-ca","12":"category-politica","13":"category-seccion-ca","14":"tag-betera-ca","15":"tag-camp-de-turia-ca","16":"tag-consorcio-de-bomberos-ca","17":"tag-diputacio-de-valencia-ca"},"_links":{"self":[{"href":"https:\/\/www.tucomarca.com\/wordpress\/segunda\/ca\/wp-json\/wp\/v2\/posts\/224278","targetHints":{"allow":["GET"]}}],"collection":[{"href":"https:\/\/www.tucomarca.com\/wordpress\/segunda\/ca\/wp-json\/wp\/v2\/posts"}],"about":[{"href":"https:\/\/www.tucomarca.com\/wordpress\/segunda\/ca\/wp-json\/wp\/v2\/types\/post"}],"author":[{"embeddable":true,"href":"https:\/\/www.tucomarca.com\/wordpress\/segunda\/ca\/wp-json\/wp\/v2\/users\/12"}],"replies":[{"embeddable":true,"href":"https:\/\/www.tucomarca.com\/wordpress\/segunda\/ca\/wp-json\/wp\/v2\/comments?post=224278"}],"version-history":[{"count":0,"href":"https:\/\/www.tucomarca.com\/wordpress\/segunda\/ca\/wp-json\/wp\/v2\/posts\/224278\/revisions"}],"wp:featuredmedia":[{"embeddable":true,"href":"https:\/\/www.tucomarca.com\/wordpress\/segunda\/ca\/wp-json\/wp\/v2\/media\/224277"}],"wp:attachment":[{"href":"https:\/\/www.tucomarca.com\/wordpress\/segunda\/ca\/wp-json\/wp\/v2\/media?parent=224278"}],"wp:term":[{"taxonomy":"category","embeddable":true,"href":"https:\/\/www.tucomarca.com\/wordpress\/segunda\/ca\/wp-json\/wp\/v2\/categories?post=224278"},{"taxonomy":"post_tag","embeddable":true,"href":"https:\/\/www.tucomarca.com\/wordpress\/segunda\/ca\/wp-json\/wp\/v2\/tags?post=224278"}],"curies":[{"name":"wp","href":"https:\/\/api.w.org\/{rel}","templated":true}]}}