{"id":224319,"date":"2024-05-24T09:02:00","date_gmt":"2024-05-24T07:02:00","guid":{"rendered":"https:\/\/www.tucomarca.com\/wordpress\/segunda\/?p=224319"},"modified":"2024-05-24T20:44:40","modified_gmt":"2024-05-24T18:44:40","slug":"la-escuela-de-viticultura-de-requena-compartix-la-seua-metodologia-de-treball-amb-el-centre-suec-de-sodra-viken","status":"publish","type":"post","link":"https:\/\/www.tucomarca.com\/wordpress\/segunda\/ca\/la-escuela-de-viticultura-de-requena-compartix-la-seua-metodologia-de-treball-amb-el-centre-suec-de-sodra-viken\/","title":{"rendered":"La Escuela de Viticultura de Requena compartix la seua metodologia de treball amb el centre suec de S\u00f6dra Viken"},"content":{"rendered":"\n<h3 class=\"wp-block-heading\">La reconeguda escola de la Diputaci\u00f3 de Val\u00e8ncia i professorat de l&#8217;escola forestal de S\u00f6dra Viken intercanvien impressions sobre els seus m\u00e8todes d&#8217;aprenentatge a trav\u00e9s del programa europeu Erasmus+.<\/h3>\n\n\n\n<p>Un grup de professors de l&#8217;escola forestal de S\u00f6dra Viken, Su\u00e8cia, ha visitat l&#8217;Escola de Viticultura i Enologia F\u00e9lix Jim\u00e9nez de Requena per a con\u00e9ixer de primera m\u00e0 el treball que es realitza des del departament Forestal del centre educatiu dependent de la Diputaci\u00f3 de Val\u00e8ncia.<\/p>\n\n\n\n<p>Aix\u00ed, en el marc del programa europeu Erasmus+, la F\u00e9lix Jim\u00e9nez i el centre de S\u00f6dra Viken han intercanviat impressions sobre metodologies d&#8217;aprenentatge utilitzades tant a Su\u00e8cia com a l&#8217;escola de Requena. Durant la seua estada, el professorat suec ha realitzat una visita al camp de pr\u00e0ctiques i experi\u00e8ncies forestals \u2018El Almendro\u2019 situat a El Rebollar, per a aprofundir en els diferents projectes i pr\u00e0ctiques que l&#8217;alumnat desenvolupa durant el curs.<\/p>\n\n\n\n<figure class=\"wp-block-gallery has-nested-images columns-default is-cropped wp-block-gallery-1 is-layout-flex wp-block-gallery-is-layout-flex\">\n<figure class=\"wp-block-image size-large\"><img loading=\"lazy\" decoding=\"async\" width=\"886\" height=\"667\" data-id=\"224312\" src=\"https:\/\/www.tucomarca.com\/wordpress\/segunda\/wp-content\/uploads\/2024\/05\/DipuEscViticRequena2.jpg\" alt=\"\" class=\"wp-image-224312\" srcset=\"https:\/\/www.tucomarca.com\/wordpress\/segunda\/wp-content\/uploads\/2024\/05\/DipuEscViticRequena2.jpg 886w, https:\/\/www.tucomarca.com\/wordpress\/segunda\/wp-content\/uploads\/2024\/05\/DipuEscViticRequena2-300x226.jpg 300w, https:\/\/www.tucomarca.com\/wordpress\/segunda\/wp-content\/uploads\/2024\/05\/DipuEscViticRequena2-768x578.jpg 768w, https:\/\/www.tucomarca.com\/wordpress\/segunda\/wp-content\/uploads\/2024\/05\/DipuEscViticRequena2-678x509.jpg 678w, https:\/\/www.tucomarca.com\/wordpress\/segunda\/wp-content\/uploads\/2024\/05\/DipuEscViticRequena2-326x245.jpg 326w, https:\/\/www.tucomarca.com\/wordpress\/segunda\/wp-content\/uploads\/2024\/05\/DipuEscViticRequena2-80x60.jpg 80w\" sizes=\"auto, (max-width: 886px) 100vw, 886px\" \/><\/figure>\n\n\n\n<figure class=\"wp-block-image size-large\"><img loading=\"lazy\" decoding=\"async\" width=\"886\" height=\"665\" data-id=\"224314\" src=\"https:\/\/www.tucomarca.com\/wordpress\/segunda\/wp-content\/uploads\/2024\/05\/DipuEscViticRequena1.jpg\" alt=\"\" class=\"wp-image-224314\" srcset=\"https:\/\/www.tucomarca.com\/wordpress\/segunda\/wp-content\/uploads\/2024\/05\/DipuEscViticRequena1.jpg 886w, https:\/\/www.tucomarca.com\/wordpress\/segunda\/wp-content\/uploads\/2024\/05\/DipuEscViticRequena1-300x225.jpg 300w, https:\/\/www.tucomarca.com\/wordpress\/segunda\/wp-content\/uploads\/2024\/05\/DipuEscViticRequena1-768x576.jpg 768w, https:\/\/www.tucomarca.com\/wordpress\/segunda\/wp-content\/uploads\/2024\/05\/DipuEscViticRequena1-678x509.jpg 678w, https:\/\/www.tucomarca.com\/wordpress\/segunda\/wp-content\/uploads\/2024\/05\/DipuEscViticRequena1-326x245.jpg 326w, https:\/\/www.tucomarca.com\/wordpress\/segunda\/wp-content\/uploads\/2024\/05\/DipuEscViticRequena1-80x60.jpg 80w\" sizes=\"auto, (max-width: 886px) 100vw, 886px\" \/><\/figure>\n<\/figure>\n\n\n\n<p>Aix\u00ed mateix, es va realitzar una visita a la base a\u00e8ria de Siete Aguas de la m\u00e0 d&#8217;un grup de t\u00e8cnics d&#8217;extinci\u00f3 d&#8217;incendis de la Societat Valenciana de Gesti\u00f3 Integral dels Servicis d&#8217;Emerg\u00e8ncies, SGISE, i la brigada helitrasportada de Siete Aguas, per a con\u00e9ixer de primera m\u00e0 com es gestiona l&#8217;extinci\u00f3 d&#8217;incendis forestals. El professorat de l&#8217;escola de S\u00f6dra Viken va apuntar durant la seua estada que els incendis forestals comencen a ser freq\u00fcents a Su\u00e8cia, i con\u00e9ixer la gesti\u00f3 que es realitza en la Comunitat Valenciana pot ser de gran utilitat.<\/p>\n\n\n\n<p>L&#8217;escola de Viticultura i Enologia de Requena participa en diversos projectes i programes relacionats amb els sectors formatius que impartix. Aix\u00ed, a trav\u00e9s d&#8217;este mateix programa europeu, alumnat del centre Georgikon School de S\u00e1toralja\u00fajhely (Hongria) ha dut a terme pr\u00e0ctiques en el cicle de viticultura durant tres setmanes en cellers de Requena. Aix\u00ed mateix, tamb\u00e9 emmarcat en el projecte Erasmus+, l&#8217;escola de Requena ha sol\u00b7licitat un projecte per a despla\u00e7ar a alumnes i professors dels cicles d&#8217;enologia i de forestals a este centre formatiu i tamb\u00e9 a l&#8217;escola forestal de S\u00f6dra Viken (Su\u00e8cia).<\/p>\n","protected":false},"excerpt":{"rendered":"<div class=\"mh-excerpt\">La reconeguda escola de la Diputaci\u00f3 de Val\u00e8ncia i professorat de l&#8217;escola forestal de S\u00f6dra Viken intercanvien impressions sobre els seus m\u00e8todes d&#8217;aprenentatge a trav\u00e9s del programa europeu Erasmus+. Un grup de professors de l&#8217;escola <a class=\"mh-excerpt-more\" href=\"https:\/\/www.tucomarca.com\/wordpress\/segunda\/ca\/la-escuela-de-viticultura-de-requena-compartix-la-seua-metodologia-de-treball-amb-el-centre-suec-de-sodra-viken\/\" title=\"La Escuela de Viticultura de Requena compartix la seua metodologia de treball amb el centre suec de S\u00f6dra Viken\">[+] <\/a><\/div>\n","protected":false},"author":12,"featured_media":224317,"comment_status":"open","ping_status":"open","sticky":false,"template":"","format":"standard","meta":{"footnotes":""},"categories":[10898,10894,11007,10908,10909,10896],"tags":[14980,11099,10910],"class_list":{"0":"post-224319","1":"post","2":"type-post","3":"status-publish","4":"format-standard","5":"has-post-thumbnail","7":"category-ventana-ca","8":"category-la-comarca-ca","9":"category-ocio-y-cultura-ca","10":"category-requena-ca","11":"category-requena-utiel-ca","12":"category-seccion-ca","13":"tag-escuela-de-viticultura-y-enologia-ca","14":"tag-requena-ca","15":"tag-requena-utiel-ca"},"_links":{"self":[{"href":"https:\/\/www.tucomarca.com\/wordpress\/segunda\/ca\/wp-json\/wp\/v2\/posts\/224319","targetHints":{"allow":["GET"]}}],"collection":[{"href":"https:\/\/www.tucomarca.com\/wordpress\/segunda\/ca\/wp-json\/wp\/v2\/posts"}],"about":[{"href":"https:\/\/www.tucomarca.com\/wordpress\/segunda\/ca\/wp-json\/wp\/v2\/types\/post"}],"author":[{"embeddable":true,"href":"https:\/\/www.tucomarca.com\/wordpress\/segunda\/ca\/wp-json\/wp\/v2\/users\/12"}],"replies":[{"embeddable":true,"href":"https:\/\/www.tucomarca.com\/wordpress\/segunda\/ca\/wp-json\/wp\/v2\/comments?post=224319"}],"version-history":[{"count":0,"href":"https:\/\/www.tucomarca.com\/wordpress\/segunda\/ca\/wp-json\/wp\/v2\/posts\/224319\/revisions"}],"wp:featuredmedia":[{"embeddable":true,"href":"https:\/\/www.tucomarca.com\/wordpress\/segunda\/ca\/wp-json\/wp\/v2\/media\/224317"}],"wp:attachment":[{"href":"https:\/\/www.tucomarca.com\/wordpress\/segunda\/ca\/wp-json\/wp\/v2\/media?parent=224319"}],"wp:term":[{"taxonomy":"category","embeddable":true,"href":"https:\/\/www.tucomarca.com\/wordpress\/segunda\/ca\/wp-json\/wp\/v2\/categories?post=224319"},{"taxonomy":"post_tag","embeddable":true,"href":"https:\/\/www.tucomarca.com\/wordpress\/segunda\/ca\/wp-json\/wp\/v2\/tags?post=224319"}],"curies":[{"name":"wp","href":"https:\/\/api.w.org\/{rel}","templated":true}]}}