{"id":224344,"date":"2024-05-25T12:00:00","date_gmt":"2024-05-25T10:00:00","guid":{"rendered":"https:\/\/www.tucomarca.com\/wordpress\/segunda\/?p=224344"},"modified":"2024-05-25T21:42:13","modified_gmt":"2024-05-25T19:42:13","slug":"ciutadans-es-compromet-a-portar-com-a-primera-mesura-a-brusselles-la-reconstruccio-del-castell-de-vilamarxant","status":"publish","type":"post","link":"https:\/\/www.tucomarca.com\/wordpress\/segunda\/ca\/ciutadans-es-compromet-a-portar-com-a-primera-mesura-a-brusselles-la-reconstruccio-del-castell-de-vilamarxant\/","title":{"rendered":"Ciutadans es compromet a portar \u201ccom a primera mesura a Brussel\u00b7les\u201d la reconstrucci\u00f3 del Castell de Vilamarxant"},"content":{"rendered":"\n<h3 class=\"wp-block-heading\">Mamen Peris: \u201cBuscarem fons europeus per a preservar aquest important llegat hist\u00f2ric i cultural de Vilamarxant\u201d<\/h3>\n\n\n\n<h3 class=\"wp-block-heading\">Xavi Jorge: \u201cLa proposta de Cs \u00e9s una magn\u00edfica not\u00edcia per a Vilamarxant\u201d<\/h3>\n\n\n\n<p>La presidenta de Ciutadans Comunitat Valenciana i n\u00famero 4 de la llista electoral de Cs a les pr\u00f2ximes Eleccions Europees, Mamen Peris, ha realitzat en l&#8217;inici de la campanya electoral la seua primera proposada si Cs arriba al Parlament Europeu el pr\u00f2xim 9 de juny: la reconstrucci\u00f3 del Castell de Vilamarxant.<\/p>\n\n\n\n<p>En l&#8217;acte d&#8217;inici de campanya, Peris ha explicat que \u201cbuscarem fons europeus per a la reconstrucci\u00f3 d&#8217;aquest important B\u00e9 d&#8217;Inter\u00e9s Cultural (BIC) que servir\u00e0 per a prestigiar aquest llegat cultural i patrimonial i que servir\u00e0 com a pol d&#8217;atracci\u00f3 tur\u00edstica\u201d.<\/p>\n\n\n\n<p>Peris ha agra\u00eft el suport dels simpatitzants i afiliats de Ciutadans i especialment de l&#8217;equip de Cs Vilamarxant \u201camb Xavi Jorge que lluiten cada dia pel seu poble. El seu entusiasme i les seues ganes de treballar per i per a Vilamarxant ens motiven per a portar eixa reivindicaci\u00f3 hist\u00f2rica al parlament Europeu\u201d.<\/p>\n\n\n\n<p>Xavi Jorge va valorar \u201cmolt positivament\u201d la iniciativa de Mamen Peris perqu\u00e8 en el futur aquest patrimoni cultural i hist\u00f2ric de Vilamarxant \u201cpuga ser reconstru\u00eft gr\u00e0cies a l&#8217;arribada de fons europeus reeixits per l&#8217;arribada de Ciutadans al Parlament Europeu. Seria una magn\u00edfica not\u00edcia per a Vilamarxant i per a Ciutadans\u201d.<\/p>\n","protected":false},"excerpt":{"rendered":"<div class=\"mh-excerpt\">Mamen Peris: \u201cBuscarem fons europeus per a preservar aquest important llegat hist\u00f2ric i cultural de Vilamarxant\u201d Xavi Jorge: \u201cLa proposta de Cs \u00e9s una magn\u00edfica not\u00edcia per a Vilamarxant\u201d La presidenta de Ciutadans Comunitat Valenciana <a class=\"mh-excerpt-more\" href=\"https:\/\/www.tucomarca.com\/wordpress\/segunda\/ca\/ciutadans-es-compromet-a-portar-com-a-primera-mesura-a-brusselles-la-reconstruccio-del-castell-de-vilamarxant\/\" title=\"Ciutadans es compromet a portar \u201ccom a primera mesura a Brussel\u00b7les\u201d la reconstrucci\u00f3 del Castell de Vilamarxant\">[+] <\/a><\/div>\n","protected":false},"author":12,"featured_media":224343,"comment_status":"open","ping_status":"open","sticky":false,"template":"","format":"standard","meta":{"footnotes":""},"categories":[10892,10948,10894,10947,10896,10927],"tags":[10899,11619,20744,11090],"class_list":{"0":"post-224344","1":"post","2":"type-post","3":"status-publish","4":"format-standard","5":"has-post-thumbnail","7":"category-camp-de-turia-ca","8":"category-infraestructuras-ca","9":"category-la-comarca-ca","10":"category-politica","11":"category-seccion-ca","12":"category-vilamarxant-ca","13":"tag-camp-de-turia-ca","14":"tag-ciudadanos-ca","15":"tag-cs-2-ca","16":"tag-vilamarxant-ca"},"_links":{"self":[{"href":"https:\/\/www.tucomarca.com\/wordpress\/segunda\/ca\/wp-json\/wp\/v2\/posts\/224344","targetHints":{"allow":["GET"]}}],"collection":[{"href":"https:\/\/www.tucomarca.com\/wordpress\/segunda\/ca\/wp-json\/wp\/v2\/posts"}],"about":[{"href":"https:\/\/www.tucomarca.com\/wordpress\/segunda\/ca\/wp-json\/wp\/v2\/types\/post"}],"author":[{"embeddable":true,"href":"https:\/\/www.tucomarca.com\/wordpress\/segunda\/ca\/wp-json\/wp\/v2\/users\/12"}],"replies":[{"embeddable":true,"href":"https:\/\/www.tucomarca.com\/wordpress\/segunda\/ca\/wp-json\/wp\/v2\/comments?post=224344"}],"version-history":[{"count":0,"href":"https:\/\/www.tucomarca.com\/wordpress\/segunda\/ca\/wp-json\/wp\/v2\/posts\/224344\/revisions"}],"wp:featuredmedia":[{"embeddable":true,"href":"https:\/\/www.tucomarca.com\/wordpress\/segunda\/ca\/wp-json\/wp\/v2\/media\/224343"}],"wp:attachment":[{"href":"https:\/\/www.tucomarca.com\/wordpress\/segunda\/ca\/wp-json\/wp\/v2\/media?parent=224344"}],"wp:term":[{"taxonomy":"category","embeddable":true,"href":"https:\/\/www.tucomarca.com\/wordpress\/segunda\/ca\/wp-json\/wp\/v2\/categories?post=224344"},{"taxonomy":"post_tag","embeddable":true,"href":"https:\/\/www.tucomarca.com\/wordpress\/segunda\/ca\/wp-json\/wp\/v2\/tags?post=224344"}],"curies":[{"name":"wp","href":"https:\/\/api.w.org\/{rel}","templated":true}]}}