{"id":224486,"date":"2024-05-27T10:00:00","date_gmt":"2024-05-27T08:00:00","guid":{"rendered":"https:\/\/www.tucomarca.com\/wordpress\/segunda\/?p=224486"},"modified":"2024-05-27T17:02:35","modified_gmt":"2024-05-27T15:02:35","slug":"la-regidoria-durbanisme-de-bunyol-confirma-que-la-conselleria-de-cultura-ha-donat-el-vistiplau-al-pla-director-del-castell","status":"publish","type":"post","link":"https:\/\/www.tucomarca.com\/wordpress\/segunda\/ca\/la-regidoria-durbanisme-de-bunyol-confirma-que-la-conselleria-de-cultura-ha-donat-el-vistiplau-al-pla-director-del-castell\/","title":{"rendered":"La regidoria d&#8217;Urbanisme de Bunyol confirma que la Conselleria de Cultura ha donat el vistiplau al Pla Director del Castell"},"content":{"rendered":"\n<h3 class=\"wp-block-heading\">Compte amb l&#8217;aprovaci\u00f3 definitiva de la Conselleria de Cultura i Esports. Al llarg de 2024 es duran a terme les dues primeres actuacions urgents: el fossat i la solsida de les cases confrontants a l&#8217;Esgl\u00e9sia.<\/h3>\n\n\n\n<p>Horacio Varona, regidor d&#8217;Urbanisme de l&#8217;Ajuntament de Bunyol, ha confirmat aquest mateix mat\u00ed que la Conselleria de Cultura i Esports ha donat el vistiplau al Pla Director del Castell, que des de feia molt de temps es trobava paralitzat. \u201cQuan arribem al govern fa menys d&#8217;un any era una prioritat con\u00e9ixer de prop com estava aquest pla per a poder dur a terme actuacions d&#8217;urg\u00e8ncia al nostre Castell\u201d, avan\u00e7a l&#8217;edil bunyolense.<\/p>\n\n\n\n<p>Despr\u00e9s d&#8217;una primera reuni\u00f3 amb Pilar Tebes, Directora general de Patrimoni Cultural, dependent de la Vicepresid\u00e8ncia primera i Conselleria de Cultura i Esport, ens va transmetre la necessitat de revitalitzar aquest pla i aix\u00ed poder reflotar i millorar l&#8217;incre\u00efble castell amb el qual compta la localitat. Despr\u00e9s d&#8217;aquesta primera reuni\u00f3, continua el regidor Varona, va haver-hi una segona reuni\u00f3 amb els t\u00e8cnics de la Conselleria i del consistori municipal. Es va con\u00e9ixer ja de prop quins eren els problemes del castell i del pla director.<\/p>\n\n\n\n<p>\u201cDes d&#8217;eixe moment tots han treballat conjuntament, i des de l&#8217;equip de govern s&#8217;ha insistit durant totes les setmanes en aquest assumpte. Finalment ha arribat la confirmaci\u00f3 i ara s&#8217;est\u00e0 estudiant amb els t\u00e8cnics municipals si necessita aprovaci\u00f3 pr\u00e8via per ple o no per a poder comen\u00e7ar a escometre les primeres actuacions\u201d, va assegurar l&#8217;edil del ram.<\/p>\n\n\n\n<p>En qualsevol cas, segons confirma Horacio Varona, les dues primeres actuacions que eren urgents ja tenen tota la documentaci\u00f3 preparada perqu\u00e8 quan es puga es realitze una licitaci\u00f3 i l&#8217;empresa adjudicat\u00e0ria les duga a terme. \u201cConsiderem que l&#8217;arranjament del fossat que est\u00e0 en la Pla\u00e7a d&#8217;Armes i que est\u00e0 dificultant una dels habitatges \u00e9s el m\u00e9s urgent; i la seg\u00fcent actuaci\u00f3 \u00e9s la solsida de les cases confrontants a l&#8217;esgl\u00e9sia del castell, pel seu mal estat\u201d, va continuar Varona.<\/p>\n\n\n\n<p>Despr\u00e9s d&#8217;aquestes dues actuacions, que pensem puguen realitzar-se en aquest 2024, hi ha moltes altres per als pr\u00f2xims, que aniran desenvolupant-se a poc a poc. Cada actuaci\u00f3 requereix d&#8217;un projecte i ja tenim preparats els dos primers projectes d&#8217;aquestes actuacions. Seguidament s&#8217;arreglaran altres zones que requereixen urg\u00e8ncia.<\/p>\n\n\n\n<p>Virginia Sanz, alcaldessa de Bunyol, destaca que en menys d&#8217;un any un dels projectes m\u00e9s urgents i necessaris de la localitat ha aconseguit veure la llum \u201cdespr\u00e9s de diversos anys anquilosat en la Conselleria. A partir d&#8217;ara ja podem anar realitzant actuacions per a revitalitzar el nostre magn\u00edfic castell, retornar-li vida, i seguretat a l&#8217;entorn\u201d, finalitzava la primer edil bunyolense.<\/p>\n","protected":false},"excerpt":{"rendered":"<div class=\"mh-excerpt\">Compte amb l&#8217;aprovaci\u00f3 definitiva de la Conselleria de Cultura i Esports. Al llarg de 2024 es duran a terme les dues primeres actuacions urgents: el fossat i la solsida de les cases confrontants a l&#8217;Esgl\u00e9sia. <a class=\"mh-excerpt-more\" href=\"https:\/\/www.tucomarca.com\/wordpress\/segunda\/ca\/la-regidoria-durbanisme-de-bunyol-confirma-que-la-conselleria-de-cultura-ha-donat-el-vistiplau-al-pla-director-del-castell\/\" title=\"La regidoria d&#8217;Urbanisme de Bunyol confirma que la Conselleria de Cultura ha donat el vistiplau al Pla Director del Castell\">[+] <\/a><\/div>\n","protected":false},"author":12,"featured_media":102196,"comment_status":"open","ping_status":"open","sticky":false,"template":"","format":"standard","meta":{"footnotes":""},"categories":[10911,10948,10894,10912,11007,10947,10896],"tags":[10913,20752,10914],"class_list":{"0":"post-224486","1":"post","2":"type-post","3":"status-publish","4":"format-standard","5":"has-post-thumbnail","7":"category-bunol-ca","8":"category-infraestructuras-ca","9":"category-la-comarca-ca","10":"category-la-hoya-ca","11":"category-ocio-y-cultura-ca","12":"category-politica","13":"category-seccion-ca","14":"tag-bunol-ca","15":"tag-conselleria-de-cultura-y-deportes-ca","16":"tag-la-hoya-de-bunol-chiva-ca"},"_links":{"self":[{"href":"https:\/\/www.tucomarca.com\/wordpress\/segunda\/ca\/wp-json\/wp\/v2\/posts\/224486","targetHints":{"allow":["GET"]}}],"collection":[{"href":"https:\/\/www.tucomarca.com\/wordpress\/segunda\/ca\/wp-json\/wp\/v2\/posts"}],"about":[{"href":"https:\/\/www.tucomarca.com\/wordpress\/segunda\/ca\/wp-json\/wp\/v2\/types\/post"}],"author":[{"embeddable":true,"href":"https:\/\/www.tucomarca.com\/wordpress\/segunda\/ca\/wp-json\/wp\/v2\/users\/12"}],"replies":[{"embeddable":true,"href":"https:\/\/www.tucomarca.com\/wordpress\/segunda\/ca\/wp-json\/wp\/v2\/comments?post=224486"}],"version-history":[{"count":0,"href":"https:\/\/www.tucomarca.com\/wordpress\/segunda\/ca\/wp-json\/wp\/v2\/posts\/224486\/revisions"}],"wp:featuredmedia":[{"embeddable":true,"href":"https:\/\/www.tucomarca.com\/wordpress\/segunda\/ca\/wp-json\/wp\/v2\/media\/102196"}],"wp:attachment":[{"href":"https:\/\/www.tucomarca.com\/wordpress\/segunda\/ca\/wp-json\/wp\/v2\/media?parent=224486"}],"wp:term":[{"taxonomy":"category","embeddable":true,"href":"https:\/\/www.tucomarca.com\/wordpress\/segunda\/ca\/wp-json\/wp\/v2\/categories?post=224486"},{"taxonomy":"post_tag","embeddable":true,"href":"https:\/\/www.tucomarca.com\/wordpress\/segunda\/ca\/wp-json\/wp\/v2\/tags?post=224486"}],"curies":[{"name":"wp","href":"https:\/\/api.w.org\/{rel}","templated":true}]}}