{"id":224621,"date":"2024-05-27T12:05:00","date_gmt":"2024-05-27T10:05:00","guid":{"rendered":"https:\/\/www.tucomarca.com\/wordpress\/segunda\/?p=224621"},"modified":"2024-05-27T19:11:17","modified_gmt":"2024-05-27T17:11:17","slug":"fotogaleria-vinachest-es-consolida-en-el-calendari-gastronomic-provincial","status":"publish","type":"post","link":"https:\/\/www.tucomarca.com\/wordpress\/segunda\/ca\/fotogaleria-vinachest-es-consolida-en-el-calendari-gastronomic-provincial\/","title":{"rendered":"Fotogaler\u00eda: Vinachest es consolida en el calendari gastron\u00f2mic provincial"},"content":{"rendered":"\n<h3 class=\"wp-block-heading\">La Fira del vi de Xest plena la pla\u00e7a Doctor Cajal durant tot el cap de setmana.<\/h3>\n\n\n\n<p>Durant el passat cap de setmana, Vinachest ha sigut l&#8217;epicentre de la promoci\u00f3 vin\u00edcola de la prov\u00edncia, atraient a la localitat chestana a centenars de visitants. La gastronomia, la m\u00fasica, les activitats infantils i l&#8217;esport han completat la proposta de la Fira del vi de Xest, que ha comptat amb un programa d&#8217;activitats per a tots els p\u00fablics.<\/p>\n\n\n\n<p><strong>Inauguraci\u00f3<\/strong><br>Vinachest va obrir les seues portes divendres passat, 24 de maig, i va ser inaugurada oficialment amb els discursos de benvinguda de la Vicepresidenta segona de la Diputaci\u00f3 de Val\u00e8ncia, Reme Mazzolari, i de l&#8217;alcalde de Xest, Jos\u00e9 Morell, que van estar acompanyats en l&#8217;escenari per la regidora de Turisme, Brenda Jim\u00e9nez, i el president de la cooperativa Xest Agr\u00e0ria i de Anecoop, Alejandro Monts\u00f3. A l&#8217;acte d&#8217;inauguraci\u00f3 tamb\u00e9 va assistir la presidenta de la mancomunitat de la Foia de Bunyol &#8211; Xiva, Amparo Fort, i alcaldes de localitats ve\u00efnes.<\/p>\n\n\n\n<p>\u201c\u00c9s un honor per a mi assistir a aquest esdeveniment en el qual mostreu, una vegada m\u00e9s, la qualitat dels productes que aquesta comarca ofereix al m\u00f3n. Xest \u00e9s productora vin\u00edcola i em sent orgullosa de dir que \u00e9s una terra noble, rica en hist\u00f2ria, sabor i tradici\u00f3. El cultiu de la vinya per a l&#8217;elaboraci\u00f3 d&#8217;un vi de gran qualitat ha perm\u00e9s que hui sigueu un exemple per a la prov\u00edncia i per a tot el mapa de la Comunitat Valenciana\u201d, manifestava la vicepresidenta. \u201cLa Diputaci\u00f3 de Val\u00e8ncia est\u00e0 i estar\u00e0 al vostre costat per a promocionar l&#8217;activitat vin\u00edcola i impulsar el turisme gastron\u00f2mic, cultural i esportiu. Felicite els organitzadors i a la cooperativa de Xest i us desitge que seguiu amb el vostre comprom\u00eds i tenacitat per a posar en valor els productes valencians\u201d.<\/p>\n\n\n\n<p>Per part seua, l&#8217;alcalde va incidir en la import\u00e0ncia d&#8217;impulsar la cultura chestana i va agrair el suport que rep l&#8217;esdeveniment. \u201cLa fira va ser creada amb la finalitat de posar en valor el nostre producte estrela, un dels motors econ\u00f2mics de Xest, que \u00e9s el vi sobre la base de moscatell; tamb\u00e9 us acostem les propostes dels nostres ve\u00efns, als quals agra\u00efm la seua confian\u00e7a en aquest esdeveniment. Per\u00f2 aquesta cultura del vi no s&#8217;entendria sense altres elements que estan molt presents en aquesta fira, com s\u00f3n la gastronomia i la m\u00fasica, i alguna cosa que els uneix i els dona sentit, que \u00e9s el fet de compartir moments amb els nostres amics i familiars\u201d, apuntava Morell. \u201cVull agrair el comprom\u00eds de la Regidora de Turisme, Brenda Jim\u00e9nez, per coordinar-ho tot tan b\u00e9 i per l&#8217;\u00e8xit d&#8217;aquesta fira, que podem dir que ja est\u00e0 consolidada en el calendari de Xest i tamb\u00e9 m\u00e9s enll\u00e0, a la prov\u00edncia de Val\u00e8ncia. Gr\u00e0cies a totes les persones que sou ac\u00ed, perqu\u00e8 amb la vostra pres\u00e8ncia doneu suport a aquest esdeveniment i ens animeu a seguir\u201d.<\/p>\n\n\n\n<p><strong>Promoci\u00f3 del vi<\/strong><br>Durant tot el cap de setmana els expositors dels cellers Reymos, de Xest; Masia de Bondia, de Benaguasil; Sant Pere Ap\u00f3stol, de Godelleta, i Vins i sabors ecol\u00f2gics, de Requena, han oferit els seus caldos, acompanyats d&#8217;una \u00e0mplia oferta gastron\u00f2mica de foodtrucks, en les quals s&#8217;han pogut degustar embotits de la comarca, hamburgueses gurmet o postres dolces, entre altres propostes.<\/p>\n\n\n\n<p>El protagonisme del vi ha destacat amb els dos tastos que es van realitzar el dissabte i el diumenge. El dissabte va ser la Masia de Bondia la que va oferir una selecci\u00f3 dels seus caldos de quil\u00f2metre zero i un vermut, amb una degustaci\u00f3 a c\u00e0rrec del gerent del celler, Javier Herrero. Ahir, diumenge, Miguel Tar\u00edn, en\u00f2leg de cellers Reymos, va donar a provar a les persones assistents els seus vins sobre la base de moscatell, oferint vermut, va vindre d&#8217;agulla i espum\u00f3s.<\/p>\n\n\n\n<p><strong>Esport, m\u00fasica i animaci\u00f3 infantil<\/strong><br>La Fira del vi de Xest es va fer coincidir amb la 10K de la poblaci\u00f3, que es va celebrar el dissabte a la vesprada, i que va passar en tots els seus recorreguts per la pla\u00e7a, rebent els \u00e0nims i aplaudiments de les persones assistents, amb la m\u00fasica del dj local \u00d3scar Faubel de fons. A m\u00e9s, la programaci\u00f3 de la fira va comptar amb actuacions en directe que van omplir les vesprades i les nits d&#8217;ambient, a c\u00e0rrec de dues bandes valencianes de Indie-rock, Els Roper i Andercovers; del grup de danses tradicionals de Xest i del duo Blue Coco. Les propostes d&#8217;animaci\u00f3 infantil tamb\u00e9 van ser una constant durant la fira, amb un espai amb matalassets funcionant en horari de mat\u00ed i vesprada i amb pintacaras i tallers en els quals xiquets i xiquetes van poder realitzar la seua pr\u00f2pia visera i un marro amb ra\u00efm de paper de seda.<\/p>\n\n\n\n<figure class=\"wp-block-gallery has-nested-images columns-2 is-cropped wp-block-gallery-1 is-layout-flex wp-block-gallery-is-layout-flex\">\n<figure class=\"wp-block-image size-large\"><img loading=\"lazy\" decoding=\"async\" width=\"886\" height=\"591\" data-id=\"224596\" src=\"https:\/\/www.tucomarca.com\/wordpress\/segunda\/wp-content\/uploads\/2024\/05\/Vinachest01.jpg\" alt=\"\" class=\"wp-image-224596\" srcset=\"https:\/\/www.tucomarca.com\/wordpress\/segunda\/wp-content\/uploads\/2024\/05\/Vinachest01.jpg 886w, https:\/\/www.tucomarca.com\/wordpress\/segunda\/wp-content\/uploads\/2024\/05\/Vinachest01-300x200.jpg 300w, https:\/\/www.tucomarca.com\/wordpress\/segunda\/wp-content\/uploads\/2024\/05\/Vinachest01-768x512.jpg 768w\" sizes=\"auto, (max-width: 886px) 100vw, 886px\" \/><\/figure>\n\n\n\n<figure class=\"wp-block-image size-large\"><img loading=\"lazy\" decoding=\"async\" width=\"886\" height=\"591\" data-id=\"224605\" src=\"https:\/\/www.tucomarca.com\/wordpress\/segunda\/wp-content\/uploads\/2024\/05\/Vinachest02.jpg\" alt=\"\" class=\"wp-image-224605\" srcset=\"https:\/\/www.tucomarca.com\/wordpress\/segunda\/wp-content\/uploads\/2024\/05\/Vinachest02.jpg 886w, https:\/\/www.tucomarca.com\/wordpress\/segunda\/wp-content\/uploads\/2024\/05\/Vinachest02-300x200.jpg 300w, https:\/\/www.tucomarca.com\/wordpress\/segunda\/wp-content\/uploads\/2024\/05\/Vinachest02-768x512.jpg 768w\" sizes=\"auto, (max-width: 886px) 100vw, 886px\" \/><\/figure>\n\n\n\n<figure class=\"wp-block-image size-large\"><img loading=\"lazy\" decoding=\"async\" width=\"886\" height=\"591\" data-id=\"224587\" src=\"https:\/\/www.tucomarca.com\/wordpress\/segunda\/wp-content\/uploads\/2024\/05\/Vinachest04.jpg\" alt=\"\" class=\"wp-image-224587\" srcset=\"https:\/\/www.tucomarca.com\/wordpress\/segunda\/wp-content\/uploads\/2024\/05\/Vinachest04.jpg 886w, https:\/\/www.tucomarca.com\/wordpress\/segunda\/wp-content\/uploads\/2024\/05\/Vinachest04-300x200.jpg 300w, https:\/\/www.tucomarca.com\/wordpress\/segunda\/wp-content\/uploads\/2024\/05\/Vinachest04-768x512.jpg 768w\" sizes=\"auto, (max-width: 886px) 100vw, 886px\" \/><\/figure>\n\n\n\n<figure class=\"wp-block-image size-large\"><img loading=\"lazy\" decoding=\"async\" width=\"886\" height=\"591\" data-id=\"224603\" src=\"https:\/\/www.tucomarca.com\/wordpress\/segunda\/wp-content\/uploads\/2024\/05\/Vinachest05.jpg\" alt=\"\" class=\"wp-image-224603\" srcset=\"https:\/\/www.tucomarca.com\/wordpress\/segunda\/wp-content\/uploads\/2024\/05\/Vinachest05.jpg 886w, https:\/\/www.tucomarca.com\/wordpress\/segunda\/wp-content\/uploads\/2024\/05\/Vinachest05-300x200.jpg 300w, https:\/\/www.tucomarca.com\/wordpress\/segunda\/wp-content\/uploads\/2024\/05\/Vinachest05-768x512.jpg 768w\" sizes=\"auto, (max-width: 886px) 100vw, 886px\" \/><\/figure>\n\n\n\n<figure class=\"wp-block-image size-large\"><img loading=\"lazy\" decoding=\"async\" width=\"886\" height=\"591\" data-id=\"224615\" src=\"https:\/\/www.tucomarca.com\/wordpress\/segunda\/wp-content\/uploads\/2024\/05\/Vinachest06.jpg\" alt=\"\" class=\"wp-image-224615\" srcset=\"https:\/\/www.tucomarca.com\/wordpress\/segunda\/wp-content\/uploads\/2024\/05\/Vinachest06.jpg 886w, https:\/\/www.tucomarca.com\/wordpress\/segunda\/wp-content\/uploads\/2024\/05\/Vinachest06-300x200.jpg 300w, https:\/\/www.tucomarca.com\/wordpress\/segunda\/wp-content\/uploads\/2024\/05\/Vinachest06-768x512.jpg 768w\" sizes=\"auto, (max-width: 886px) 100vw, 886px\" \/><\/figure>\n\n\n\n<figure class=\"wp-block-image size-large\"><img loading=\"lazy\" decoding=\"async\" width=\"886\" height=\"591\" data-id=\"224617\" src=\"https:\/\/www.tucomarca.com\/wordpress\/segunda\/wp-content\/uploads\/2024\/05\/Vinachest07.jpg\" alt=\"\" class=\"wp-image-224617\" srcset=\"https:\/\/www.tucomarca.com\/wordpress\/segunda\/wp-content\/uploads\/2024\/05\/Vinachest07.jpg 886w, https:\/\/www.tucomarca.com\/wordpress\/segunda\/wp-content\/uploads\/2024\/05\/Vinachest07-300x200.jpg 300w, https:\/\/www.tucomarca.com\/wordpress\/segunda\/wp-content\/uploads\/2024\/05\/Vinachest07-768x512.jpg 768w\" sizes=\"auto, (max-width: 886px) 100vw, 886px\" \/><\/figure>\n\n\n\n<figure class=\"wp-block-image size-large\"><img loading=\"lazy\" decoding=\"async\" width=\"886\" height=\"591\" data-id=\"224606\" src=\"https:\/\/www.tucomarca.com\/wordpress\/segunda\/wp-content\/uploads\/2024\/05\/Vinachest08.jpg\" alt=\"\" class=\"wp-image-224606\" srcset=\"https:\/\/www.tucomarca.com\/wordpress\/segunda\/wp-content\/uploads\/2024\/05\/Vinachest08.jpg 886w, https:\/\/www.tucomarca.com\/wordpress\/segunda\/wp-content\/uploads\/2024\/05\/Vinachest08-300x200.jpg 300w, https:\/\/www.tucomarca.com\/wordpress\/segunda\/wp-content\/uploads\/2024\/05\/Vinachest08-768x512.jpg 768w\" sizes=\"auto, (max-width: 886px) 100vw, 886px\" \/><\/figure>\n\n\n\n<figure class=\"wp-block-image size-large\"><img loading=\"lazy\" decoding=\"async\" width=\"886\" height=\"591\" data-id=\"224593\" src=\"https:\/\/www.tucomarca.com\/wordpress\/segunda\/wp-content\/uploads\/2024\/05\/Vinachest09.jpg\" alt=\"\" class=\"wp-image-224593\" srcset=\"https:\/\/www.tucomarca.com\/wordpress\/segunda\/wp-content\/uploads\/2024\/05\/Vinachest09.jpg 886w, https:\/\/www.tucomarca.com\/wordpress\/segunda\/wp-content\/uploads\/2024\/05\/Vinachest09-300x200.jpg 300w, https:\/\/www.tucomarca.com\/wordpress\/segunda\/wp-content\/uploads\/2024\/05\/Vinachest09-768x512.jpg 768w\" sizes=\"auto, (max-width: 886px) 100vw, 886px\" \/><\/figure>\n\n\n\n<figure class=\"wp-block-image size-large\"><img loading=\"lazy\" decoding=\"async\" width=\"886\" height=\"591\" data-id=\"224591\" src=\"https:\/\/www.tucomarca.com\/wordpress\/segunda\/wp-content\/uploads\/2024\/05\/Vinachest11.jpg\" alt=\"\" class=\"wp-image-224591\" srcset=\"https:\/\/www.tucomarca.com\/wordpress\/segunda\/wp-content\/uploads\/2024\/05\/Vinachest11.jpg 886w, https:\/\/www.tucomarca.com\/wordpress\/segunda\/wp-content\/uploads\/2024\/05\/Vinachest11-300x200.jpg 300w, https:\/\/www.tucomarca.com\/wordpress\/segunda\/wp-content\/uploads\/2024\/05\/Vinachest11-768x512.jpg 768w\" sizes=\"auto, (max-width: 886px) 100vw, 886px\" \/><\/figure>\n\n\n\n<figure class=\"wp-block-image size-large\"><img loading=\"lazy\" decoding=\"async\" width=\"886\" height=\"591\" data-id=\"224613\" src=\"https:\/\/www.tucomarca.com\/wordpress\/segunda\/wp-content\/uploads\/2024\/05\/Vinachest12.jpg\" alt=\"\" class=\"wp-image-224613\" srcset=\"https:\/\/www.tucomarca.com\/wordpress\/segunda\/wp-content\/uploads\/2024\/05\/Vinachest12.jpg 886w, https:\/\/www.tucomarca.com\/wordpress\/segunda\/wp-content\/uploads\/2024\/05\/Vinachest12-300x200.jpg 300w, https:\/\/www.tucomarca.com\/wordpress\/segunda\/wp-content\/uploads\/2024\/05\/Vinachest12-768x512.jpg 768w\" sizes=\"auto, (max-width: 886px) 100vw, 886px\" \/><\/figure>\n\n\n\n<figure class=\"wp-block-image size-large\"><img loading=\"lazy\" decoding=\"async\" width=\"886\" height=\"591\" data-id=\"224611\" src=\"https:\/\/www.tucomarca.com\/wordpress\/segunda\/wp-content\/uploads\/2024\/05\/Vinachest13.jpg\" alt=\"\" class=\"wp-image-224611\" srcset=\"https:\/\/www.tucomarca.com\/wordpress\/segunda\/wp-content\/uploads\/2024\/05\/Vinachest13.jpg 886w, https:\/\/www.tucomarca.com\/wordpress\/segunda\/wp-content\/uploads\/2024\/05\/Vinachest13-300x200.jpg 300w, https:\/\/www.tucomarca.com\/wordpress\/segunda\/wp-content\/uploads\/2024\/05\/Vinachest13-768x512.jpg 768w\" sizes=\"auto, (max-width: 886px) 100vw, 886px\" \/><\/figure>\n\n\n\n<figure class=\"wp-block-image size-large\"><img loading=\"lazy\" decoding=\"async\" width=\"886\" height=\"591\" data-id=\"224595\" src=\"https:\/\/www.tucomarca.com\/wordpress\/segunda\/wp-content\/uploads\/2024\/05\/Vinachest14.jpg\" alt=\"\" class=\"wp-image-224595\" srcset=\"https:\/\/www.tucomarca.com\/wordpress\/segunda\/wp-content\/uploads\/2024\/05\/Vinachest14.jpg 886w, https:\/\/www.tucomarca.com\/wordpress\/segunda\/wp-content\/uploads\/2024\/05\/Vinachest14-300x200.jpg 300w, https:\/\/www.tucomarca.com\/wordpress\/segunda\/wp-content\/uploads\/2024\/05\/Vinachest14-768x512.jpg 768w\" sizes=\"auto, (max-width: 886px) 100vw, 886px\" \/><\/figure>\n\n\n\n<figure class=\"wp-block-image size-large\"><img loading=\"lazy\" decoding=\"async\" width=\"886\" height=\"591\" data-id=\"224599\" src=\"https:\/\/www.tucomarca.com\/wordpress\/segunda\/wp-content\/uploads\/2024\/05\/Vinachest15.jpg\" alt=\"\" class=\"wp-image-224599\" srcset=\"https:\/\/www.tucomarca.com\/wordpress\/segunda\/wp-content\/uploads\/2024\/05\/Vinachest15.jpg 886w, https:\/\/www.tucomarca.com\/wordpress\/segunda\/wp-content\/uploads\/2024\/05\/Vinachest15-300x200.jpg 300w, https:\/\/www.tucomarca.com\/wordpress\/segunda\/wp-content\/uploads\/2024\/05\/Vinachest15-768x512.jpg 768w\" sizes=\"auto, (max-width: 886px) 100vw, 886px\" \/><\/figure>\n\n\n\n<figure class=\"wp-block-image size-large\"><img loading=\"lazy\" decoding=\"async\" width=\"886\" height=\"591\" data-id=\"224584\" src=\"https:\/\/www.tucomarca.com\/wordpress\/segunda\/wp-content\/uploads\/2024\/05\/Vinachest16.jpg\" alt=\"\" class=\"wp-image-224584\" srcset=\"https:\/\/www.tucomarca.com\/wordpress\/segunda\/wp-content\/uploads\/2024\/05\/Vinachest16.jpg 886w, https:\/\/www.tucomarca.com\/wordpress\/segunda\/wp-content\/uploads\/2024\/05\/Vinachest16-300x200.jpg 300w, https:\/\/www.tucomarca.com\/wordpress\/segunda\/wp-content\/uploads\/2024\/05\/Vinachest16-768x512.jpg 768w\" sizes=\"auto, (max-width: 886px) 100vw, 886px\" \/><\/figure>\n\n\n\n<figure class=\"wp-block-image size-large\"><img loading=\"lazy\" decoding=\"async\" width=\"886\" height=\"591\" data-id=\"224601\" src=\"https:\/\/www.tucomarca.com\/wordpress\/segunda\/wp-content\/uploads\/2024\/05\/Vinachest17.jpg\" alt=\"\" class=\"wp-image-224601\" srcset=\"https:\/\/www.tucomarca.com\/wordpress\/segunda\/wp-content\/uploads\/2024\/05\/Vinachest17.jpg 886w, https:\/\/www.tucomarca.com\/wordpress\/segunda\/wp-content\/uploads\/2024\/05\/Vinachest17-300x200.jpg 300w, https:\/\/www.tucomarca.com\/wordpress\/segunda\/wp-content\/uploads\/2024\/05\/Vinachest17-768x512.jpg 768w\" sizes=\"auto, (max-width: 886px) 100vw, 886px\" \/><\/figure>\n\n\n\n<figure class=\"wp-block-image size-large\"><img loading=\"lazy\" decoding=\"async\" width=\"886\" height=\"591\" data-id=\"224582\" src=\"https:\/\/www.tucomarca.com\/wordpress\/segunda\/wp-content\/uploads\/2024\/05\/Vinachest18.jpg\" alt=\"\" class=\"wp-image-224582\" srcset=\"https:\/\/www.tucomarca.com\/wordpress\/segunda\/wp-content\/uploads\/2024\/05\/Vinachest18.jpg 886w, https:\/\/www.tucomarca.com\/wordpress\/segunda\/wp-content\/uploads\/2024\/05\/Vinachest18-300x200.jpg 300w, https:\/\/www.tucomarca.com\/wordpress\/segunda\/wp-content\/uploads\/2024\/05\/Vinachest18-768x512.jpg 768w\" sizes=\"auto, (max-width: 886px) 100vw, 886px\" \/><\/figure>\n\n\n\n<figure class=\"wp-block-image size-full\"><img loading=\"lazy\" decoding=\"async\" width=\"886\" height=\"591\" data-id=\"224583\" src=\"https:\/\/www.tucomarca.com\/wordpress\/segunda\/wp-content\/uploads\/2024\/05\/Vinachest19.jpg\" alt=\"\" class=\"wp-image-224583\" srcset=\"https:\/\/www.tucomarca.com\/wordpress\/segunda\/wp-content\/uploads\/2024\/05\/Vinachest19.jpg 886w, https:\/\/www.tucomarca.com\/wordpress\/segunda\/wp-content\/uploads\/2024\/05\/Vinachest19-300x200.jpg 300w, https:\/\/www.tucomarca.com\/wordpress\/segunda\/wp-content\/uploads\/2024\/05\/Vinachest19-768x512.jpg 768w\" sizes=\"auto, (max-width: 886px) 100vw, 886px\" \/><\/figure>\n\n\n\n<figure class=\"wp-block-image size-large\"><img loading=\"lazy\" decoding=\"async\" width=\"886\" height=\"591\" data-id=\"224589\" src=\"https:\/\/www.tucomarca.com\/wordpress\/segunda\/wp-content\/uploads\/2024\/05\/Vinachest10.jpg\" alt=\"\" class=\"wp-image-224589\" srcset=\"https:\/\/www.tucomarca.com\/wordpress\/segunda\/wp-content\/uploads\/2024\/05\/Vinachest10.jpg 886w, https:\/\/www.tucomarca.com\/wordpress\/segunda\/wp-content\/uploads\/2024\/05\/Vinachest10-300x200.jpg 300w, https:\/\/www.tucomarca.com\/wordpress\/segunda\/wp-content\/uploads\/2024\/05\/Vinachest10-768x512.jpg 768w\" sizes=\"auto, (max-width: 886px) 100vw, 886px\" \/><\/figure>\n<\/figure>\n","protected":false},"excerpt":{"rendered":"<div class=\"mh-excerpt\">La Fira del vi de Xest plena la pla\u00e7a Doctor Cajal durant tot el cap de setmana. Durant el passat cap de setmana, Vinachest ha sigut l&#8217;epicentre de la promoci\u00f3 vin\u00edcola de la prov\u00edncia, atraient <a class=\"mh-excerpt-more\" href=\"https:\/\/www.tucomarca.com\/wordpress\/segunda\/ca\/fotogaleria-vinachest-es-consolida-en-el-calendari-gastronomic-provincial\/\" title=\"Fotogaler\u00eda: Vinachest es consolida en el calendari gastron\u00f2mic provincial\">[+] <\/a><\/div>\n","protected":false},"author":12,"featured_media":224610,"comment_status":"open","ping_status":"open","sticky":false,"template":"","format":"gallery","meta":{"footnotes":""},"categories":[11006,10898,10894,10912,11007,10896,10974],"tags":[11071,19166,10914],"class_list":{"0":"post-224621","1":"post","2":"type-post","3":"status-publish","4":"format-gallery","5":"has-post-thumbnail","7":"category-canal-vinos","8":"category-ventana-ca","9":"category-la-comarca-ca","10":"category-la-hoya-ca","11":"category-ocio-y-cultura-ca","12":"category-seccion-ca","13":"category-cheste-ca","14":"tag-cheste","15":"tag-feria-del-vino-vinachest-ca","16":"tag-la-hoya-de-bunol-chiva-ca","17":"post_format-post-format-gallery"},"_links":{"self":[{"href":"https:\/\/www.tucomarca.com\/wordpress\/segunda\/ca\/wp-json\/wp\/v2\/posts\/224621","targetHints":{"allow":["GET"]}}],"collection":[{"href":"https:\/\/www.tucomarca.com\/wordpress\/segunda\/ca\/wp-json\/wp\/v2\/posts"}],"about":[{"href":"https:\/\/www.tucomarca.com\/wordpress\/segunda\/ca\/wp-json\/wp\/v2\/types\/post"}],"author":[{"embeddable":true,"href":"https:\/\/www.tucomarca.com\/wordpress\/segunda\/ca\/wp-json\/wp\/v2\/users\/12"}],"replies":[{"embeddable":true,"href":"https:\/\/www.tucomarca.com\/wordpress\/segunda\/ca\/wp-json\/wp\/v2\/comments?post=224621"}],"version-history":[{"count":0,"href":"https:\/\/www.tucomarca.com\/wordpress\/segunda\/ca\/wp-json\/wp\/v2\/posts\/224621\/revisions"}],"wp:featuredmedia":[{"embeddable":true,"href":"https:\/\/www.tucomarca.com\/wordpress\/segunda\/ca\/wp-json\/wp\/v2\/media\/224610"}],"wp:attachment":[{"href":"https:\/\/www.tucomarca.com\/wordpress\/segunda\/ca\/wp-json\/wp\/v2\/media?parent=224621"}],"wp:term":[{"taxonomy":"category","embeddable":true,"href":"https:\/\/www.tucomarca.com\/wordpress\/segunda\/ca\/wp-json\/wp\/v2\/categories?post=224621"},{"taxonomy":"post_tag","embeddable":true,"href":"https:\/\/www.tucomarca.com\/wordpress\/segunda\/ca\/wp-json\/wp\/v2\/tags?post=224621"}],"curies":[{"name":"wp","href":"https:\/\/api.w.org\/{rel}","templated":true}]}}