{"id":224686,"date":"2024-05-28T12:00:00","date_gmt":"2024-05-28T10:00:00","guid":{"rendered":"https:\/\/www.tucomarca.com\/wordpress\/segunda\/?p=224686"},"modified":"2024-05-28T20:05:37","modified_gmt":"2024-05-28T18:05:37","slug":"la-ruta-dart-urba-de-la-diputacio-i-el-valencia-cf-torna-a-la-vall-dalbaida-amb-un-mural-de-gaya-a-beniatjar","status":"publish","type":"post","link":"https:\/\/www.tucomarca.com\/wordpress\/segunda\/ca\/la-ruta-dart-urba-de-la-diputacio-i-el-valencia-cf-torna-a-la-vall-dalbaida-amb-un-mural-de-gaya-a-beniatjar\/","title":{"rendered":"La ruta d&#8217;art urb\u00e0 de la Diputaci\u00f3 i el Val\u00e8ncia CF torna a la Vall d&#8217;Albaida amb un mural de Gay\u00e1 a Beniatjar"},"content":{"rendered":"\n<h3 class=\"wp-block-heading\">La vicepresidenta Nat\u00e0lia Enguix visita, junt amb llegendes valencianistes, el mural de la tercera ruta organitzada per la Fundaci\u00f3 VCF i Val\u00e8ncia Turisme, obra de Moreno i Yeko; Sink i Xemayo; i Mawe i Pauceda.<\/h3>\n\n\n\n<h3 class=\"wp-block-heading\">Enguix destaca el \u201cpotencial vertebrador\u201d d&#8217;una iniciativa que esta vegada t\u00e9 com a protagonista principal al capit\u00e0 del Val\u00e8ncia CF, Jos\u00e9 Luis Gay\u00e1. La ruta seguir\u00e0 a Gavarda, Montroi i Tavernes de la Valldigna.<\/h3>\n\n\n\n<p>La vicepresidenta primera de la Diputaci\u00f3 de Val\u00e8ncia, Nat\u00e0lia Enguix, ha coincidit a Beniatjar amb les llegendes del Val\u00e8ncia CF que participen en la tercera Ruta d&#8217;Art Urb\u00e0 VCF, que ha iniciat el seu recorregut a la Vall d&#8217;Albaida amb un mural col\u00b7laboratiu de Moreno i Yeko; Sink i Xemayo; i Mawe i Pauceda. Enguix ha destacat el \u201cpotencial vertebrador que t\u00e9 als nostres pobles i comarques\u201d esta ruta organitzada per la Fundaci\u00f3 VCF i Val\u00e8ncia Turisme, marca tur\u00edstica de la Diputaci\u00f3.<\/p>\n\n\n\n<p>Acompanyada per ex jugadors com Ricardo Arias, Vicente Guillot, Fernando Giner o Jos\u00e9 Manuel Sempere, la vicepresidenta Enguix ha fet refer\u00e8ncia \u201ca l&#8217;arrelament que el Val\u00e8ncia CF t\u00e9 als nostres pobles i ciutats, aix\u00ed com la seua import\u00e0ncia com a ambaixador nacional i internacional de la nostra terra\u201d. La responsable de Cooperaci\u00f3 Municipal ha posat en valor \u201cel treball de l&#8217;\u00e0rea de Turisme de la Diputaci\u00f3, que al costat de la Fundaci\u00f3 VCF han portat avant esta iniciativa que afig un plus als reclams tur\u00edstics de les nostres comarques\u201d.<\/p>\n\n\n\n<figure class=\"wp-block-gallery has-nested-images columns-1 is-cropped wp-block-gallery-1 is-layout-flex wp-block-gallery-is-layout-flex\">\n<figure class=\"wp-block-image size-large\"><img loading=\"lazy\" decoding=\"async\" width=\"1024\" height=\"576\" data-id=\"224681\" src=\"https:\/\/www.tucomarca.com\/wordpress\/segunda\/wp-content\/uploads\/2024\/05\/EnguixMURALBENIATJAR-1024x576.jpg\" alt=\"\" class=\"wp-image-224681\" srcset=\"https:\/\/www.tucomarca.com\/wordpress\/segunda\/wp-content\/uploads\/2024\/05\/EnguixMURALBENIATJAR-1024x576.jpg 1024w, https:\/\/www.tucomarca.com\/wordpress\/segunda\/wp-content\/uploads\/2024\/05\/EnguixMURALBENIATJAR-300x169.jpg 300w, https:\/\/www.tucomarca.com\/wordpress\/segunda\/wp-content\/uploads\/2024\/05\/EnguixMURALBENIATJAR-768x432.jpg 768w, https:\/\/www.tucomarca.com\/wordpress\/segunda\/wp-content\/uploads\/2024\/05\/EnguixMURALBENIATJAR-1536x864.jpg 1536w, https:\/\/www.tucomarca.com\/wordpress\/segunda\/wp-content\/uploads\/2024\/05\/EnguixMURALBENIATJAR-678x381.jpg 678w, https:\/\/www.tucomarca.com\/wordpress\/segunda\/wp-content\/uploads\/2024\/05\/EnguixMURALBENIATJAR.jpg 2000w\" sizes=\"auto, (max-width: 1024px) 100vw, 1024px\" \/><\/figure>\n\n\n\n<figure class=\"wp-block-image size-large\"><img loading=\"lazy\" decoding=\"async\" width=\"1024\" height=\"576\" data-id=\"224679\" src=\"https:\/\/www.tucomarca.com\/wordpress\/segunda\/wp-content\/uploads\/2024\/05\/Beniatjar3-1024x576.jpg\" alt=\"\" class=\"wp-image-224679\" srcset=\"https:\/\/www.tucomarca.com\/wordpress\/segunda\/wp-content\/uploads\/2024\/05\/Beniatjar3-1024x576.jpg 1024w, https:\/\/www.tucomarca.com\/wordpress\/segunda\/wp-content\/uploads\/2024\/05\/Beniatjar3-300x169.jpg 300w, https:\/\/www.tucomarca.com\/wordpress\/segunda\/wp-content\/uploads\/2024\/05\/Beniatjar3-768x432.jpg 768w, https:\/\/www.tucomarca.com\/wordpress\/segunda\/wp-content\/uploads\/2024\/05\/Beniatjar3-1536x864.jpg 1536w, https:\/\/www.tucomarca.com\/wordpress\/segunda\/wp-content\/uploads\/2024\/05\/Beniatjar3-678x381.jpg 678w, https:\/\/www.tucomarca.com\/wordpress\/segunda\/wp-content\/uploads\/2024\/05\/Beniatjar3.jpg 1600w\" sizes=\"auto, (max-width: 1024px) 100vw, 1024px\" \/><\/figure>\n<\/figure>\n\n\n\n<p>\u201cPer a la Diputaci\u00f3 este \u00e9s un projecte molt interessant que permet fomentar rutes tur\u00edstiques pels nostres municipis, potenciant el nostre atractiu\u201d, continua Enguix, qui no amaga la seua satisfacci\u00f3 \u201cquan faig refer\u00e8ncia a la nostra terreta, a una comarca com la Vall d&#8217;Albaida plena de tresors que volem que la gent vinga a con\u00e9ixer, i iniciatives com esta s\u00f3n claus per a poder-lo fer\u201d.<\/p>\n\n\n\n<p>Per part seua, l&#8217;alcalde de Beniatjar, Jaime Ferrer, ha agra\u00eft a la Diputaci\u00f3 i la Fundaci\u00f3 VCF \u201chaver pensat en nosaltres per a deixar ac\u00ed un llegat art\u00edstic del qual ens sentim molt orgullosos, i que combina les tradicions i la identitat del nostre poble amb el sentiment pel principal club esportiu de la Comunitat Valenciana\u201d. La Societat Musical Beniatjarense va amenitzar un acte que va comptar amb l&#8217;exhibici\u00f3 de ball urb\u00e0 del grup d&#8217;Ivan Oliver.<\/p>\n\n\n\n<p>Beniatjar ha estrenat al maig la tercera Ruta d&#8217;Art Urb\u00e0 VCF amb una obra que centra el protagonisme en l&#8217;actual capit\u00e0 valencianista, Jos\u00e9 Luis Gay\u00e1. Mawe i Pauceda retraten al capit\u00e0 en el centre d&#8217;un tr\u00edptic de grans dimensions sobre la paret exterior del front\u00f3 municipal. Moreno i Yeko i Sink i Xemayo completen el mural col\u00b7laboratiu amb escenes d&#8217;arrelament local que convertixen el conjunt en part del patrimoni cultural del poble del Benicadell.<\/p>\n\n\n\n<p>La tercera ruta d&#8217;art urb\u00e0 valencianista continuar\u00e0 en altres pobles i comarques, cas de Gavarda i Montroi, a la Ribera Alta, i Tavernes de la Valldigna, a la Safor. En les dos primeres edicions, la Fundaci\u00f3 VCF i Val\u00e8ncia Turisme van promoure set murals vinculats al sentiment blanc-i-negre en altres tantes localitats de la prov\u00edncia: Cullera i Sueca a la Ribera Baixa; Gandia i Oliva a la Safor; Alfafar a l&#8217;Horta Sud; Riba-roja al Camp de T\u00faria; i Atzeneta d&#8217;Albaida en la Vall.<\/p>\n","protected":false},"excerpt":{"rendered":"<div class=\"mh-excerpt\">La vicepresidenta Nat\u00e0lia Enguix visita, junt amb llegendes valencianistes, el mural de la tercera ruta organitzada per la Fundaci\u00f3 VCF i Val\u00e8ncia Turisme, obra de Moreno i Yeko; Sink i Xemayo; i Mawe i Pauceda. <a class=\"mh-excerpt-more\" href=\"https:\/\/www.tucomarca.com\/wordpress\/segunda\/ca\/la-ruta-dart-urba-de-la-diputacio-i-el-valencia-cf-torna-a-la-vall-dalbaida-amb-un-mural-de-gaya-a-beniatjar\/\" title=\"La ruta d&#8217;art urb\u00e0 de la Diputaci\u00f3 i el Val\u00e8ncia CF torna a la Vall d&#8217;Albaida amb un mural de Gay\u00e1 a Beniatjar\">[+] <\/a><\/div>\n","protected":false},"author":12,"featured_media":224684,"comment_status":"open","ping_status":"open","sticky":false,"template":"","format":"standard","meta":{"footnotes":""},"categories":[20529,10892,10898,10993,10948,10894,10904,20456,10902,11001,10947,10906,10896],"tags":[11246,20262,12606],"class_list":{"0":"post-224686","1":"post","2":"type-post","3":"status-publish","4":"format-standard","5":"has-post-thumbnail","7":"category-patrimonio-cultural-ca","8":"category-camp-de-turia-ca","9":"category-ventana-ca","10":"category-gavarda-ca","11":"category-infraestructuras-ca","12":"category-la-comarca-ca","13":"category-sin-categorizar-ca","14":"category-la-diputacio-de-valencia-informa-ca","15":"category-la-ribera-ca","16":"category-montroi-ca","17":"category-politica","18":"category-riba-roja-ca","19":"category-seccion-ca","20":"tag-diputacio-de-valencia-ca","21":"tag-natalia-enguix-ca","22":"tag-valencia-cf-ca"},"_links":{"self":[{"href":"https:\/\/www.tucomarca.com\/wordpress\/segunda\/ca\/wp-json\/wp\/v2\/posts\/224686","targetHints":{"allow":["GET"]}}],"collection":[{"href":"https:\/\/www.tucomarca.com\/wordpress\/segunda\/ca\/wp-json\/wp\/v2\/posts"}],"about":[{"href":"https:\/\/www.tucomarca.com\/wordpress\/segunda\/ca\/wp-json\/wp\/v2\/types\/post"}],"author":[{"embeddable":true,"href":"https:\/\/www.tucomarca.com\/wordpress\/segunda\/ca\/wp-json\/wp\/v2\/users\/12"}],"replies":[{"embeddable":true,"href":"https:\/\/www.tucomarca.com\/wordpress\/segunda\/ca\/wp-json\/wp\/v2\/comments?post=224686"}],"version-history":[{"count":0,"href":"https:\/\/www.tucomarca.com\/wordpress\/segunda\/ca\/wp-json\/wp\/v2\/posts\/224686\/revisions"}],"wp:featuredmedia":[{"embeddable":true,"href":"https:\/\/www.tucomarca.com\/wordpress\/segunda\/ca\/wp-json\/wp\/v2\/media\/224684"}],"wp:attachment":[{"href":"https:\/\/www.tucomarca.com\/wordpress\/segunda\/ca\/wp-json\/wp\/v2\/media?parent=224686"}],"wp:term":[{"taxonomy":"category","embeddable":true,"href":"https:\/\/www.tucomarca.com\/wordpress\/segunda\/ca\/wp-json\/wp\/v2\/categories?post=224686"},{"taxonomy":"post_tag","embeddable":true,"href":"https:\/\/www.tucomarca.com\/wordpress\/segunda\/ca\/wp-json\/wp\/v2\/tags?post=224686"}],"curies":[{"name":"wp","href":"https:\/\/api.w.org\/{rel}","templated":true}]}}